{"id":24890,"date":"2023-02-18T19:00:59","date_gmt":"2023-02-18T19:00:59","guid":{"rendered":"https:\/\/tintafresca.net\/?p=24890"},"modified":"2023-02-18T19:17:59","modified_gmt":"2023-02-18T19:17:59","slug":"gnr-detem-homem-nas-caldas-da-rainha-por-incendio-florestal","status":"publish","type":"post","link":"https:\/\/tintafresca.net\/index.php\/2023\/02\/18\/gnr-detem-homem-nas-caldas-da-rainha-por-incendio-florestal\/","title":{"rendered":"GNR det\u00e9m homem nas Caldas da Rainha por inc\u00eandio florestal"},"content":{"rendered":"<div id=\"attachment_24892\" style=\"width: 510px\" class=\"wp-caption alignleft\"><img loading=\"lazy\" decoding=\"async\" aria-describedby=\"caption-attachment-24892\" class=\"wp-image-24892 size-full\" src=\"https:\/\/tintafresca.net\/wp-content\/uploads\/2023\/02\/Caldas_GNR_Indendio-florestal20.jpg\" alt=\"\" width=\"500\" height=\"233\" srcset=\"https:\/\/tintafresca.net\/wp-content\/uploads\/2023\/02\/Caldas_GNR_Indendio-florestal20.jpg 500w, https:\/\/tintafresca.net\/wp-content\/uploads\/2023\/02\/Caldas_GNR_Indendio-florestal20-300x140.jpg 300w\" sizes=\"auto, (max-width: 500px) 100vw, 500px\" \/><p id=\"caption-attachment-24892\" class=\"wp-caption-text\">Fogo j\u00e1 na fase de rescaldo<\/p><\/div>\n<p>O Comando Territorial de Leiria da GNR, atrav\u00e9s do\u00a0Posto Territorial de Caldas da Rainha, no dia\u00a013\u00a0de fevereiro, deteve em flagrante\u00a0um homem\u00a0de\u00a049 anos\u00a0por inc\u00eandio florestal, no concelho de\u00a0Caldas da Rainha.<\/p>\n<p>Na sequ\u00eancia de\u00a0um\u00a0alerta de inc\u00eandio florestal, os militares da Guarda deslocaram-se ao local, tendo apurado que na sua origem\u00a0esteve uma queima de sobrantes\u00a0autorizada,\u00a0que se descontrolou devido \u00e0 n\u00e3o ado\u00e7\u00e3o das medidas de seguran\u00e7a necess\u00e1rias,\u00a0resultando na deten\u00e7\u00e3o do\u00a0seu\u00a0autor. O inc\u00eandio propagou-se por uma \u00e1rea rural e consumiu uma \u00e1rea\u00a0de mato rasteiro e pinhal\u00a0de\u00a0500 m2.<\/p>\n<p>O\u00a0detido\u00a0foi constitu\u00eddo\u00a0arguido\u00a0e os factos foram comunicados ao Tribunal Judicial de\u00a0Caldas da Rainha.<\/p>\n<p>Esta a\u00e7\u00e3o contou com o apoio dos Bombeiros Volunt\u00e1rios de\u00a0Caldas da Rainha e de \u00d3bidos.<\/p>\n<p>A prote\u00e7\u00e3o de pessoas e bens, no \u00e2mbito dos inc\u00eandios rurais, continua a assumir-se como uma das prioridades da GNR, sustentada numa atua\u00e7\u00e3o preventiva e num esfor\u00e7o de patrulhamento nas \u00e1reas florestais.<\/p>\n<p>A GNR relembra que:<\/p>\n<ul>\n<li>As queimas e queimadas s\u00e3o das principais causas de inc\u00eandios em Portugal;<\/li>\n<li>A realiza\u00e7\u00e3o de queimadas, de queima de amontoados e de fogueiras \u00e9 interdita sempre que se verifique um n\u00edvel de perigo de inc\u00eandio rural \u00abmuito elevado\u00bb ou \u00abm\u00e1ximo\u00bb, estando dependente de autoriza\u00e7\u00e3o ou de comunica\u00e7\u00e3o pr\u00e9via noutros per\u00edodos;<\/li>\n<li>Para evitar acidentes siga as regras de seguran\u00e7a, esteja sempre acompanhado e leve consigo o telem\u00f3vel.<\/li>\n<\/ul>\n<p>A\u00a0Guarda Nacional Republicana, atrav\u00e9s do Servi\u00e7o da Prote\u00e7\u00e3o da Natureza e do Ambiente (SEPNA), tem como preocupa\u00e7\u00e3o di\u00e1ria a prote\u00e7\u00e3o ambiental e dos animais. Para o efeito, poder\u00e1 ser utilizada a Linha SOS Ambiente e Territ\u00f3rio (808 200 520) funcionando em perman\u00eancia para a den\u00fancia de infra\u00e7\u00f5es ou esclarecimento de d\u00favidas.<\/p>\n<p><strong>\u00a0 \u00a0 \u00a0Fonte: CTL|GNR<\/strong><\/p>\n","protected":false},"excerpt":{"rendered":"<p>O Comando Territorial de Leiria da GNR, atrav\u00e9s do\u00a0Posto Territorial de Caldas da Rainha, no dia\u00a013\u00a0de fevereiro, deteve em flagrante\u00a0um homem\u00a0de\u00a049 anos\u00a0por inc\u00eandio florestal, no concelho de\u00a0Caldas da Rainha. Na sequ\u00eancia de\u00a0um\u00a0alerta de inc\u00eandio florestal, os militares da Guarda deslocaram-se ao local, tendo apurado que na sua origem\u00a0esteve uma queima de sobrantes\u00a0autorizada,\u00a0que se descontrolou devido [&hellip;]<\/p>\n","protected":false},"author":2,"featured_media":24893,"comment_status":"open","ping_status":"open","sticky":false,"template":"","format":"standard","meta":{"footnotes":""},"categories":[9],"tags":[],"class_list":["post-24890","post","type-post","status-publish","format-standard","has-post-thumbnail","hentry","category-ambiente"],"_links":{"self":[{"href":"https:\/\/tintafresca.net\/index.php\/wp-json\/wp\/v2\/posts\/24890","targetHints":{"allow":["GET"]}}],"collection":[{"href":"https:\/\/tintafresca.net\/index.php\/wp-json\/wp\/v2\/posts"}],"about":[{"href":"https:\/\/tintafresca.net\/index.php\/wp-json\/wp\/v2\/types\/post"}],"author":[{"embeddable":true,"href":"https:\/\/tintafresca.net\/index.php\/wp-json\/wp\/v2\/users\/2"}],"replies":[{"embeddable":true,"href":"https:\/\/tintafresca.net\/index.php\/wp-json\/wp\/v2\/comments?post=24890"}],"version-history":[{"count":2,"href":"https:\/\/tintafresca.net\/index.php\/wp-json\/wp\/v2\/posts\/24890\/revisions"}],"predecessor-version":[{"id":24894,"href":"https:\/\/tintafresca.net\/index.php\/wp-json\/wp\/v2\/posts\/24890\/revisions\/24894"}],"wp:featuredmedia":[{"embeddable":true,"href":"https:\/\/tintafresca.net\/index.php\/wp-json\/wp\/v2\/media\/24893"}],"wp:attachment":[{"href":"https:\/\/tintafresca.net\/index.php\/wp-json\/wp\/v2\/media?parent=24890"}],"wp:term":[{"taxonomy":"category","embeddable":true,"href":"https:\/\/tintafresca.net\/index.php\/wp-json\/wp\/v2\/categories?post=24890"},{"taxonomy":"post_tag","embeddable":true,"href":"https:\/\/tintafresca.net\/index.php\/wp-json\/wp\/v2\/tags?post=24890"}],"curies":[{"name":"wp","href":"https:\/\/api.w.org\/{rel}","templated":true}]}}