{"id":24911,"date":"2023-02-19T20:26:06","date_gmt":"2023-02-19T20:26:06","guid":{"rendered":"https:\/\/tintafresca.net\/?p=24911"},"modified":"2023-02-19T20:39:02","modified_gmt":"2023-02-19T20:39:02","slug":"comissario-europeu-nicolas-schmit-visitou-o-centro-de-formacao-do-iefp-de-santarem","status":"publish","type":"post","link":"https:\/\/tintafresca.net\/index.php\/2023\/02\/19\/comissario-europeu-nicolas-schmit-visitou-o-centro-de-formacao-do-iefp-de-santarem\/","title":{"rendered":"Comiss\u00e1rio europeu Nicolas Schmit visitou o Centro de forma\u00e7\u00e3o do IEFP de Santar\u00e9m"},"content":{"rendered":"<div id=\"attachment_24914\" style=\"width: 510px\" class=\"wp-caption alignleft\"><img loading=\"lazy\" decoding=\"async\" aria-describedby=\"caption-attachment-24914\" class=\"wp-image-24914 size-full\" src=\"https:\/\/tintafresca.net\/wp-content\/uploads\/2023\/02\/Santarem_Centro_formacao10.jpg\" alt=\"\" width=\"500\" height=\"375\" srcset=\"https:\/\/tintafresca.net\/wp-content\/uploads\/2023\/02\/Santarem_Centro_formacao10.jpg 500w, https:\/\/tintafresca.net\/wp-content\/uploads\/2023\/02\/Santarem_Centro_formacao10-300x225.jpg 300w\" sizes=\"auto, (max-width: 500px) 100vw, 500px\" \/><p id=\"caption-attachment-24914\" class=\"wp-caption-text\">Nicolas Schmit, Elisabete Marques, Samuel Santos, Ana Mendes Godinho e Carina Jo\u00e3o Oliveira<\/p><\/div>\n<p>O comiss\u00e1rio Europeu do Emprego e Forma\u00e7\u00e3o, Nicolas Schmit em visita a Portugal, esteve presente em v\u00e1rias iniciativas de acompanhamento das pol\u00edticas p\u00fablicas, nomeadamente a projetos do FSE \u2013 Fundo Social Europeu do IEFP e CEFIM, na \u00e1rea de forma\u00e7\u00e3o.<\/p>\n<p>No decurso da visita foi ainda servido um almo\u00e7o e preparado pela cozinha pedag\u00f3gica do Centro de forma\u00e7\u00e3o do IEFP de Santar\u00e9m, cuja organiza\u00e7\u00e3o ficou a cargo de Samuel Santos, o campe\u00e3o mundial de Cozinha e ex-aluno da Escola de Hotelaria de F\u00e1tima.<\/p>\n<p>O Comiss\u00e1rio teve oportunidade de visitar e inteirar-se da forma\u00e7\u00e3o profissional em Portugal e das necessidades de m\u00e3o de obra em diversos sectores, que s\u00f3 a forma\u00e7\u00e3o profissional tem conseguido garantir. A visita contou com a presen\u00e7a da ministra do Trabalho Solidariedade e Seguran\u00e7a Social Ana Mendes Godinho, do secret\u00e1rio de Estado do Trabalho Miguel Fontes, bem como o presidente do IEFP Domingos Lopes e o presidente da Comiss\u00e3o Diretiva do POCH Joaquim Bernardo.<\/p>\n<p>No encontro estiveram Carina Jo\u00e3o Oliveira e Elisabete Marques, em representa\u00e7\u00e3o da INSIGNARE como entidade benefici\u00e1ria do FSE e que ao longo dos anos tem participado in\u00fameras vezes em edi\u00e7\u00f5es do World Skills com alunos de diversas \u00e1reas de forma\u00e7\u00e3o, da Cozinha \u00e0 Contabilidade e Gest\u00e3o.<\/p>\n","protected":false},"excerpt":{"rendered":"<p>O comiss\u00e1rio Europeu do Emprego e Forma\u00e7\u00e3o, Nicolas Schmit em visita a Portugal, esteve presente em v\u00e1rias iniciativas de acompanhamento das pol\u00edticas p\u00fablicas, nomeadamente a projetos do FSE \u2013 Fundo Social Europeu do IEFP e CEFIM, na \u00e1rea de forma\u00e7\u00e3o. No decurso da visita foi ainda servido um almo\u00e7o e preparado pela cozinha pedag\u00f3gica do [&hellip;]<\/p>\n","protected":false},"author":2,"featured_media":24915,"comment_status":"open","ping_status":"open","sticky":false,"template":"","format":"standard","meta":{"footnotes":""},"categories":[7,14],"tags":[],"class_list":["post-24911","post","type-post","status-publish","format-standard","has-post-thumbnail","hentry","category-economia","category-educacao"],"_links":{"self":[{"href":"https:\/\/tintafresca.net\/index.php\/wp-json\/wp\/v2\/posts\/24911","targetHints":{"allow":["GET"]}}],"collection":[{"href":"https:\/\/tintafresca.net\/index.php\/wp-json\/wp\/v2\/posts"}],"about":[{"href":"https:\/\/tintafresca.net\/index.php\/wp-json\/wp\/v2\/types\/post"}],"author":[{"embeddable":true,"href":"https:\/\/tintafresca.net\/index.php\/wp-json\/wp\/v2\/users\/2"}],"replies":[{"embeddable":true,"href":"https:\/\/tintafresca.net\/index.php\/wp-json\/wp\/v2\/comments?post=24911"}],"version-history":[{"count":3,"href":"https:\/\/tintafresca.net\/index.php\/wp-json\/wp\/v2\/posts\/24911\/revisions"}],"predecessor-version":[{"id":24916,"href":"https:\/\/tintafresca.net\/index.php\/wp-json\/wp\/v2\/posts\/24911\/revisions\/24916"}],"wp:featuredmedia":[{"embeddable":true,"href":"https:\/\/tintafresca.net\/index.php\/wp-json\/wp\/v2\/media\/24915"}],"wp:attachment":[{"href":"https:\/\/tintafresca.net\/index.php\/wp-json\/wp\/v2\/media?parent=24911"}],"wp:term":[{"taxonomy":"category","embeddable":true,"href":"https:\/\/tintafresca.net\/index.php\/wp-json\/wp\/v2\/categories?post=24911"},{"taxonomy":"post_tag","embeddable":true,"href":"https:\/\/tintafresca.net\/index.php\/wp-json\/wp\/v2\/tags?post=24911"}],"curies":[{"name":"wp","href":"https:\/\/api.w.org\/{rel}","templated":true}]}}