{"id":24917,"date":"2023-02-20T00:22:50","date_gmt":"2023-02-20T00:22:50","guid":{"rendered":"https:\/\/tintafresca.net\/?p=24917"},"modified":"2023-02-20T00:28:52","modified_gmt":"2023-02-20T00:28:52","slug":"hospital-distrital-de-santarem-acolhe-sessao-inaugural-da-1a-pos-graduacao-em-hospitalizacao-domiciliaria-do-pais","status":"publish","type":"post","link":"https:\/\/tintafresca.net\/index.php\/2023\/02\/20\/hospital-distrital-de-santarem-acolhe-sessao-inaugural-da-1a-pos-graduacao-em-hospitalizacao-domiciliaria-do-pais\/","title":{"rendered":"Hospital Distrital de Santar\u00e9m acolhe sess\u00e3o inaugural da 1\u00aa p\u00f3s-gradua\u00e7\u00e3o em hospitaliza\u00e7\u00e3o domicili\u00e1ria do pa\u00eds"},"content":{"rendered":"<div id=\"attachment_24919\" style=\"width: 510px\" class=\"wp-caption alignleft\"><img loading=\"lazy\" decoding=\"async\" aria-describedby=\"caption-attachment-24919\" class=\"wp-image-24919 size-full\" src=\"https:\/\/tintafresca.net\/wp-content\/uploads\/2023\/02\/Santarem_HDS_Curso_hospitalizacao20.jpg\" alt=\"\" width=\"500\" height=\"381\" srcset=\"https:\/\/tintafresca.net\/wp-content\/uploads\/2023\/02\/Santarem_HDS_Curso_hospitalizacao20.jpg 500w, https:\/\/tintafresca.net\/wp-content\/uploads\/2023\/02\/Santarem_HDS_Curso_hospitalizacao20-300x229.jpg 300w\" sizes=\"auto, (max-width: 500px) 100vw, 500px\" \/><p id=\"caption-attachment-24919\" class=\"wp-caption-text\">Formando e formadores do curso<\/p><\/div>\n<p>O Hospital Distrital de Santar\u00e9m (HDS) acolheu esta sexta-feira, 17 de fevereiro, a sess\u00e3o inaugural da primeira P\u00f3s-Gradua\u00e7\u00e3o em Hospitaliza\u00e7\u00e3o Domicili\u00e1ria do pa\u00eds, que resulta de uma parceria entre a Escola Superior de Sa\u00fade do Instituto Polit\u00e9cnico de Santar\u00e9m (IPSantar\u00e9m) e o HDS.<\/p>\n<p>Ao intervir na sess\u00e3o inaugural, Ana Infante, presidente do Conselho de Administra\u00e7\u00e3o do HDS, recordou a cria\u00e7\u00e3o da Unidade de Hospitaliza\u00e7\u00e3o Domicili\u00e1ria (UHD) do Hospital, em junho de 2019, destacando que, at\u00e9 ao momento, j\u00e1 foram avaliados 1.607 doentes, admitidos 568 e realizadas 6.911 visitas domicili\u00e1rias, tendo os profissionais permanecido na casa dos doentes 5.411 horas. De acordo com a respons\u00e1vel, a cobertura geogr\u00e1fica da unidade tem vindo a ser alargada, sendo objetivo do HDS aumentar a capacidade instalada.<\/p>\n<p>Ana Infante real\u00e7ou ainda que um inqu\u00e9rito por question\u00e1rio realizado recentemente revelou que a maioria dos inquiridos apresentam n\u00edveis elevados de satisfa\u00e7\u00e3o, o que se deve ao \u201cprofissionalismo, humanidade e empenho da equipa da unidade de hospitaliza\u00e7\u00e3o domicili\u00e1ria\u201d.<\/p>\n<p>Ao usar da palavra, H\u00e9lia Dias, diretora da Escola Superior de Sa\u00fade, citando o documento de cria\u00e7\u00e3o do curso, destacou que a p\u00f3s-gradua\u00e7\u00e3o agora criada surge com o objetivo de \u201coferecer aos profissionais que integram estas equipas ou outros profissionais de sa\u00fade interessados nesta \u00e1rea, o aprofundamento de tem\u00e1ticas emergentes neste \u00e2mbito, justificada, tamb\u00e9m, pela expans\u00e3o do n\u00famero de equipas de hospitaliza\u00e7\u00e3o domicili\u00e1ria em Portugal e pelo n\u00famero crescente de pessoas doentes que estas apoiam\u201d.<\/p>\n<p>Dirigindo-se ao Conselho de Administra\u00e7\u00e3o do HDS, em particular \u00e0 sua presidente, H\u00e9lia Dias manifestou o reconhecimento p\u00fablico da Escola Superior de Sa\u00fade do IPSantar\u00e9m pelo \u201crefor\u00e7o das rela\u00e7\u00f5es institucionais e pela proximidade\u201d.<\/p>\n<p>Por sua vez, Jo\u00e3o Mout\u00e3o, presidente do IPSantar\u00e9m, salientou: \u201cEsta p\u00f3s-gradua\u00e7\u00e3o \u00e9 algo que o IPSantar\u00e9m idealiza como ensino de futuro, o ensino \u2018fora de muros\u2019, desenvolvido em parceria com as institui\u00e7\u00f5es locais, que tem como objetivo resolver necessidades concretas de qualifica\u00e7\u00e3o.\u201d<\/p>\n<p>\u00c0 sess\u00e3o inaugural seguiu-se uma confer\u00eancia moderada pela coordenadora do curso, Irene Santos, centrada no tema \u201c Hospitaliza\u00e7\u00e3o domicili\u00e1ria: do pesadelo ao sonho\u201d, cuja apresenta\u00e7\u00e3o coube a Pedro Vieira, enfermeiro da Unidade de Hospitaliza\u00e7\u00e3o Domicili\u00e1ria do Centro Hospitalar de Vila Nova de Gaia, em representa\u00e7\u00e3o de Delfim Rodrigues, coordenador do Programa Nacional de Implementa\u00e7\u00e3o das Unidades de Hospitaliza\u00e7\u00e3o Domicili\u00e1ria do Servi\u00e7o Nacional de Sa\u00fade.<\/p>\n<p>Al\u00e9m dos 28 formandos do curso, marcaram presen\u00e7a Isilda Ferreira, professora adjunta da Escola Superior de Sa\u00fade, e S\u00f3nia Malaca, enfermeira da UHD, que integraram o grupo de cria\u00e7\u00e3o do curso. Tamb\u00e9m estiveram presentes Maria Filomena Roque, diretora cl\u00ednica do HDS, Jo\u00e3o Formiga, enfermeiro diretor do HDS, Yahia Abuowda e Ilda Veiga, coordenador e enfermeira-chefe da UHD, respetivamente, professores da p\u00f3s-gradua\u00e7\u00e3o, entre outros convidados.<\/p>\n<p>Fonte: GC|HDS<\/p>\n","protected":false},"excerpt":{"rendered":"<p>O Hospital Distrital de Santar\u00e9m (HDS) acolheu esta sexta-feira, 17 de fevereiro, a sess\u00e3o inaugural da primeira P\u00f3s-Gradua\u00e7\u00e3o em Hospitaliza\u00e7\u00e3o Domicili\u00e1ria do pa\u00eds, que resulta de uma parceria entre a Escola Superior de Sa\u00fade do Instituto Polit\u00e9cnico de Santar\u00e9m (IPSantar\u00e9m) e o HDS. Ao intervir na sess\u00e3o inaugural, Ana Infante, presidente do Conselho de Administra\u00e7\u00e3o [&hellip;]<\/p>\n","protected":false},"author":2,"featured_media":24920,"comment_status":"open","ping_status":"open","sticky":false,"template":"","format":"standard","meta":{"footnotes":""},"categories":[6],"tags":[],"class_list":["post-24917","post","type-post","status-publish","format-standard","has-post-thumbnail","hentry","category-saude"],"_links":{"self":[{"href":"https:\/\/tintafresca.net\/index.php\/wp-json\/wp\/v2\/posts\/24917","targetHints":{"allow":["GET"]}}],"collection":[{"href":"https:\/\/tintafresca.net\/index.php\/wp-json\/wp\/v2\/posts"}],"about":[{"href":"https:\/\/tintafresca.net\/index.php\/wp-json\/wp\/v2\/types\/post"}],"author":[{"embeddable":true,"href":"https:\/\/tintafresca.net\/index.php\/wp-json\/wp\/v2\/users\/2"}],"replies":[{"embeddable":true,"href":"https:\/\/tintafresca.net\/index.php\/wp-json\/wp\/v2\/comments?post=24917"}],"version-history":[{"count":2,"href":"https:\/\/tintafresca.net\/index.php\/wp-json\/wp\/v2\/posts\/24917\/revisions"}],"predecessor-version":[{"id":24921,"href":"https:\/\/tintafresca.net\/index.php\/wp-json\/wp\/v2\/posts\/24917\/revisions\/24921"}],"wp:featuredmedia":[{"embeddable":true,"href":"https:\/\/tintafresca.net\/index.php\/wp-json\/wp\/v2\/media\/24920"}],"wp:attachment":[{"href":"https:\/\/tintafresca.net\/index.php\/wp-json\/wp\/v2\/media?parent=24917"}],"wp:term":[{"taxonomy":"category","embeddable":true,"href":"https:\/\/tintafresca.net\/index.php\/wp-json\/wp\/v2\/categories?post=24917"},{"taxonomy":"post_tag","embeddable":true,"href":"https:\/\/tintafresca.net\/index.php\/wp-json\/wp\/v2\/tags?post=24917"}],"curies":[{"name":"wp","href":"https:\/\/api.w.org\/{rel}","templated":true}]}}