{"id":24927,"date":"2023-02-21T00:39:33","date_gmt":"2023-02-21T00:39:33","guid":{"rendered":"https:\/\/tintafresca.net\/?p=24927"},"modified":"2023-02-22T18:28:05","modified_gmt":"2023-02-22T18:28:05","slug":"presidente-da-camara-de-obidos-satisfeito-com-posicao-do-ministro-da-saude-sobre-o-novo-hospital-do-oeste","status":"publish","type":"post","link":"https:\/\/tintafresca.net\/index.php\/2023\/02\/21\/presidente-da-camara-de-obidos-satisfeito-com-posicao-do-ministro-da-saude-sobre-o-novo-hospital-do-oeste\/","title":{"rendered":"Autarca de \u00d3bidos satisfeito com posi\u00e7\u00e3o do ministro da Sa\u00fade sobre novo Hospital do Oeste"},"content":{"rendered":"<div id=\"attachment_23266\" style=\"width: 510px\" class=\"wp-caption alignleft\"><img loading=\"lazy\" decoding=\"async\" aria-describedby=\"caption-attachment-23266\" class=\"wp-image-23266 size-full\" src=\"https:\/\/tintafresca.net\/wp-content\/uploads\/2022\/12\/Obidos_Filipe-Daniel-Convento-de-Sao-Miguel-Gaeiras10.jpg\" alt=\"\" width=\"500\" height=\"375\" srcset=\"https:\/\/tintafresca.net\/wp-content\/uploads\/2022\/12\/Obidos_Filipe-Daniel-Convento-de-Sao-Miguel-Gaeiras10.jpg 500w, https:\/\/tintafresca.net\/wp-content\/uploads\/2022\/12\/Obidos_Filipe-Daniel-Convento-de-Sao-Miguel-Gaeiras10-300x225.jpg 300w\" sizes=\"auto, (max-width: 500px) 100vw, 500px\" \/><p id=\"caption-attachment-23266\" class=\"wp-caption-text\">Filipe Daniel<\/p><\/div>\n<p>Na sexta-feira, dia 17 de fevereiro, cerca das 07h30, numa entrevista a um canal de televis\u00e3o, o presidente da Assembleia Intermunicipal da Comunidade do Oeste, Rui Jos\u00e9 Prud\u00eancio, usou da palavra durante cerca de 6 minutos e 46 segundos, mas n\u00e3o foi para falar do centen\u00e1rio do Carnaval de Torres Vedras. Para o presidente da C\u00e2mara Municipal de \u00d3bidos, esta entrevista que considera ter sido \u201cquase a pedido\u201d sobre a localiza\u00e7\u00e3o do novo Hospital do Oeste foi \u201cuma tentativa desesperada de lan\u00e7ar a d\u00favida e tentar dividir opini\u00f5es entre a popula\u00e7\u00e3o, iludindo-a, embrulhando-se na sua pr\u00f3pria hist\u00f3ria.\u201d<\/p>\n<p>O presidente da Assembleia Intermunicipal da Comunidade do Oeste manifestou o seu parecer sobre a posi\u00e7\u00e3o tida por Caldas e \u00d3bidos em rela\u00e7\u00e3o \u00e0 localiza\u00e7\u00e3o desta nova estrutura de sa\u00fade, ignorando, deste modo, Rio Maior, concelho que, segundo o seu autarca, tem uma parte muito significativa dos seus mun\u00edcipes a derivar para Caldas e n\u00e3o para Santar\u00e9m.<\/p>\n<p>Segundo Filipe Daniel, \u201cao n\u00e3o incluir Rio Maior no seu discurso podemos aferir que o presidente da Assembleia Intermunicipal sabia que este concelho n\u00e3o faz parte da Comunidade Intermunicipal do Oeste. No entanto, para o mesmo efeito da localiza\u00e7\u00e3o, incluir v\u00e1rias freguesias de Mafra j\u00e1 d\u00e3o jeito no argumento (Mafra n\u00e3o faz parte da OesteCIM). Mas mais rid\u00edculo \u00e9 ignorar os concelhos e, acima de tudo, as pessoas de Alcoba\u00e7a e da Nazar\u00e9 \u2013 cerca de 70 mil habitantes \u2013 ao manifestar que Caldas \u00e9 um extremo, quando diz que \u201cn\u00e3o se pode ter um equipamento de fim de linha num qualquer extremo\u201d.\u201d<\/p>\n<p>O mesmo respons\u00e1vel fez refer\u00eancia aos quase 20 anos de espera pelo Novo Hospital do Oeste, mas \u201centendeu que o contributo que os munic\u00edpios de \u00d3bidos, Caldas da Rainha e Rio Maior se encontram a dar para uma boa escolha da localiza\u00e7\u00e3o desta unidade de sa\u00fade \u00e9 pura demagogia.\u201d<\/p>\n<p>Para o autarca de \u00d3bidos, \u201ceste novo Hospital nunca foi prioridade dos governos e escudaram-se em um n\u00e3o entendimento dos autarcas (como se fossem estes que decidiriam a localiza\u00e7\u00e3o, a tipologia e o investimento). Ali\u00e1s, mais uma vez enrolado na sua pr\u00f3pria hist\u00f3ria, \u00e0 quest\u00e3o colocada pela jornalista se \u201cesta decis\u00e3o tem que ser absolutamente un\u00e2nime, tem que ser absolutamente consensual?\u201d, respondeu: \u201cN\u00e3o tem, porque a decis\u00e3o final da localiza\u00e7\u00e3o compete ao Minist\u00e9rio da Sa\u00fade\u201d.\u201d<\/p>\n<p>\u201cSe assim \u00e9, pergunto eu, ent\u00e3o, de que forma os autarcas de \u00d3bidos, Caldas da Rainha e Rio Maior colocaram em causa o qu\u00ea? Colocaram sim, ao que parece, trav\u00e3o a um dos maiores erros que se iriam cometer para o pr\u00f3ximo s\u00e9culo. Uma m\u00e1 localiza\u00e7\u00e3o que, ao que parece, estaria tomada e que, conscientemente, se encontra a receber mais contributos, mais argumentos, mais indicadores, enfim, mais informa\u00e7\u00e3o do que a dist\u00e2ncia e o tempo de desloca\u00e7\u00e3o (ambos importantes, mas redutores para uma tomada de decis\u00e3o desta natureza)\u201d, defende.<\/p>\n<p>O autarca garante que \u201caquilo que sempre esteve e estar\u00e1 na minha cabe\u00e7a ser\u00e1 o melhor para todos. A localiza\u00e7\u00e3o do novo Hospital do Oeste ter\u00e1 que considerar tamb\u00e9m a oferta de cuidados de sa\u00fade, p\u00fablicos e privados existentes, e \u00e9 na localiza\u00e7\u00e3o que \u00d3bidos-Caldas da Rainha prop\u00f5e que se encontra o vazio nesses cuidados.\u201d<\/p>\n<p>No seguimento da reuni\u00e3o com o ministro da Sa\u00fade, Manuel Pizarro, decorrida a 14 de Fevereiro ao final do dia, Filipe Daniel assegura que saiu \u201cmais confiante pela forma como o senhor ministro manifestou abertura para o di\u00e1logo, mas, acima de tudo, pelo que transmitiu, de que a decis\u00e3o da localiza\u00e7\u00e3o seria pol\u00edtica e que a obras estaria a arrancar dentro de dois anos.\u201d<\/p>\n<p>No seguimento desta reuni\u00e3o, ainda segundo Filipe Daniel, \u201cpercebeu-se que a localiza\u00e7\u00e3o teria que ficar junto a um centro mais urbano e que face a este crit\u00e9rio apenas t\u00ednhamos duas possibilidades: Torres Vedras e Caldas da Rainha-\u00d3bidos. Neste sentido, foi afirmado pelo governante que Torres Vedras est\u00e1 pr\u00f3xima de Lisboa e que Caldas da Rainha-\u00d3bidos n\u00e3o estaria pr\u00f3ximo de nada.\u201d<\/p>\n<p>Assim, \u201co princ\u00edpio da equidade nos cuidados de sa\u00fade deve colocar-nos em p\u00e9 de igualdade no acesso e n\u00e3o tratar de forma discriminat\u00f3ria aqueles que j\u00e1 se encontram sem cuidados de sa\u00fade prim\u00e1rios, pela dist\u00e2ncia a que se encontram destes. Foi ainda dirimido mais um conjunto de argumentos, como a proximidade a Lisboa e o seu elevado risco s\u00edsmico\u201d, acrescenta.<\/p>\n<p>O presidente da C\u00e2mara Municipal de \u00d3bidos recorda que \u201cos territ\u00f3rios do Oeste representam muito mais do que os seus habitantes. S\u00e3o milhares de trabalhadores sazonais no sector prim\u00e1rio, de Maio a Outubro; s\u00e3o milh\u00f5es de turistas que nos visitam (s\u00f3 entre muralhas, \u00d3bidos recebe quase 2,5 milh\u00f5es de visitantes por ano); tamb\u00e9m instrumentos de gest\u00e3o territorial, como o Plano Regional de Ordenamento do Territ\u00f3rio do Oeste e Vale do Tejo (PROTOVT), devem que ser considerados, pois perspetivam o territ\u00f3rio para o futuro e n\u00e3o para o agora.<\/p>\n<p>Foram ainda abordados outros pontos fundamentais, como a possibilidade de forte contributo nas metas de descarboniza\u00e7\u00e3o, pela utiliza\u00e7\u00e3o do transporte ferrovi\u00e1rio pelos mais de 2 mil profissionais que preencher\u00e3o esta unidade de sa\u00fade, assim como aqueles pacientes que necessitem da unidade de sa\u00fade de forma n\u00e3o urgente, uma vez que a linha f\u00e9rrea \u00e9 cont\u00edgua ao terreno proposto por \u00d3bidos e Caldas da Rainha. A localiza\u00e7\u00e3o \u00e9 tamb\u00e9m junto ao n\u00f3 da A8, com liga\u00e7\u00e3o \u00e0 A15 e IP6 (Peniche), o que \u00e9 uma mais-valia evidente.<\/p>\n<p>Por forma a resolver-se um problema a m\u00e9dio-longo prazo, o edil obidense questionou o ministro da Sa\u00fade para a possibilidade de haver academia\/universidade para profissionais de sa\u00fade nesta unidade, ou pr\u00f3ximo, uma vez que os cerca de 60 hectares possibilitam a expans\u00e3o, tendo a resposta sido de que \u201cseria uma hip\u00f3tese\u201d.<\/p>\n<p>O argumento da Coes\u00e3o Territorial foi tamb\u00e9m bem entendido pelo governante, pois \u201cfalar-se frequentemente disso e depois fazer-se exatamente o contr\u00e1rio, n\u00e3o \u00e9 coerente.\u201d<\/p>\n<p>Por \u00faltimo, foi manifestado tamb\u00e9m na comunica\u00e7\u00e3o social pelo presidente da Assembleia Intermunicipal que \u201co presidente da C\u00e2mara Municipal de \u00d3bidos esteve, aquando da entrega do relat\u00f3rio final sobre a localiza\u00e7\u00e3o do Novo Hospital do Oeste, em Torres Vedras, e nada manifestou\u201d. Filipe Daniel pede a Rui Jos\u00e9 Prud\u00eancio que prove essa afirma\u00e7\u00e3o. Porque \u201c\u00e9 falso, nunca l\u00e1 estive e n\u00e3o fui s\u00f3 eu. N\u00e3o iria entregar nada sem que me tivesse sido apresentado primeiro.\u201d<\/p>\n<p><strong>\u00a0 \u00a0 \u00a0Fonte: DV|GCD|CMO<\/strong><\/p>\n","protected":false},"excerpt":{"rendered":"<p>Na sexta-feira, dia 17 de fevereiro, cerca das 07h30, numa entrevista a um canal de televis\u00e3o, o presidente da Assembleia Intermunicipal da Comunidade do Oeste, Rui Jos\u00e9 Prud\u00eancio, usou da palavra durante cerca de 6 minutos e 46 segundos, mas n\u00e3o foi para falar do centen\u00e1rio do Carnaval de Torres Vedras. Para o presidente da [&hellip;]<\/p>\n","protected":false},"author":2,"featured_media":23267,"comment_status":"open","ping_status":"open","sticky":false,"template":"","format":"standard","meta":{"footnotes":""},"categories":[6],"tags":[],"class_list":["post-24927","post","type-post","status-publish","format-standard","has-post-thumbnail","hentry","category-saude"],"_links":{"self":[{"href":"https:\/\/tintafresca.net\/index.php\/wp-json\/wp\/v2\/posts\/24927","targetHints":{"allow":["GET"]}}],"collection":[{"href":"https:\/\/tintafresca.net\/index.php\/wp-json\/wp\/v2\/posts"}],"about":[{"href":"https:\/\/tintafresca.net\/index.php\/wp-json\/wp\/v2\/types\/post"}],"author":[{"embeddable":true,"href":"https:\/\/tintafresca.net\/index.php\/wp-json\/wp\/v2\/users\/2"}],"replies":[{"embeddable":true,"href":"https:\/\/tintafresca.net\/index.php\/wp-json\/wp\/v2\/comments?post=24927"}],"version-history":[{"count":5,"href":"https:\/\/tintafresca.net\/index.php\/wp-json\/wp\/v2\/posts\/24927\/revisions"}],"predecessor-version":[{"id":24932,"href":"https:\/\/tintafresca.net\/index.php\/wp-json\/wp\/v2\/posts\/24927\/revisions\/24932"}],"wp:featuredmedia":[{"embeddable":true,"href":"https:\/\/tintafresca.net\/index.php\/wp-json\/wp\/v2\/media\/23267"}],"wp:attachment":[{"href":"https:\/\/tintafresca.net\/index.php\/wp-json\/wp\/v2\/media?parent=24927"}],"wp:term":[{"taxonomy":"category","embeddable":true,"href":"https:\/\/tintafresca.net\/index.php\/wp-json\/wp\/v2\/categories?post=24927"},{"taxonomy":"post_tag","embeddable":true,"href":"https:\/\/tintafresca.net\/index.php\/wp-json\/wp\/v2\/tags?post=24927"}],"curies":[{"name":"wp","href":"https:\/\/api.w.org\/{rel}","templated":true}]}}