{"id":24933,"date":"2023-02-21T11:56:07","date_gmt":"2023-02-21T11:56:07","guid":{"rendered":"https:\/\/tintafresca.net\/?p=24933"},"modified":"2023-02-21T12:02:35","modified_gmt":"2023-02-21T12:02:35","slug":"presidente-da-republica-participa-no-vimeiro-no-9o-encontro-nacional-de-tecnicos-da-confagri","status":"publish","type":"post","link":"https:\/\/tintafresca.net\/index.php\/2023\/02\/21\/presidente-da-republica-participa-no-vimeiro-no-9o-encontro-nacional-de-tecnicos-da-confagri\/","title":{"rendered":"Presidente da Rep\u00fablica participa no Vimeiro no 9\u00ba Encontro Nacional de T\u00e9cnicos da CONFAGRI"},"content":{"rendered":"<div id=\"attachment_22738\" style=\"width: 333px\" class=\"wp-caption alignleft\"><img loading=\"lazy\" decoding=\"async\" aria-describedby=\"caption-attachment-22738\" class=\"wp-image-22738 size-full\" src=\"https:\/\/tintafresca.net\/wp-content\/uploads\/2022\/12\/Marcelo_Rebelo_Sousa10.jpg\" alt=\"\" width=\"323\" height=\"336\" srcset=\"https:\/\/tintafresca.net\/wp-content\/uploads\/2022\/12\/Marcelo_Rebelo_Sousa10.jpg 323w, https:\/\/tintafresca.net\/wp-content\/uploads\/2022\/12\/Marcelo_Rebelo_Sousa10-288x300.jpg 288w\" sizes=\"auto, (max-width: 323px) 100vw, 323px\" \/><p id=\"caption-attachment-22738\" class=\"wp-caption-text\">Marcelo Rebelo de Sousa<\/p><\/div>\n<p>A\u00a0CONFAGRI\u00a0organiza o seu 9\u00ba Encontro Nacional de T\u00e9cnicos, de 22 a 23 de fevereiro, no\u00a0Hotel Golf Mar, no Vimeiro, concelho da Lourinh\u00e3, onde estar\u00e3o reunidos mais de tr\u00eas centenas de T\u00e9cnicos das Organiza\u00e7\u00f5es Associadas, de todo o Pa\u00eds.<\/p>\n<p>No final do primeiro dia de trabalhos haver\u00e1 um jantar de homenagem ao Comendador Manuel dos Santos Gomes, ex-presidente da CONFAGRI, da Assembleia Geral do CNEMA e desde sempre associado \u00e0 ind\u00fastria de lactic\u00ednios (Proleite, Lactogal, Vigor, etc.), presidido pelo\u00a0Presidente da Rep\u00fablica, Marcelo Rebelo de Sousa, e com a presen\u00e7a da\u00a0Ministra da Agricultura e Alimenta\u00e7\u00e3o, Maria do C\u00e9u Antunes.<\/p>\n<p>O dia 23, al\u00e9m da ordem de trabalhos prevista no programa, ter\u00e1 como ponto alto a Cerim\u00f3nia de Entrega dos Pr\u00e9mios de Reconhecimento de M\u00e9rito 2022, uma iniciativa que visa distinguir os T\u00e9cnicos que mais se destacaram pelo trabalho desenvolvido durante o ano de 2022 e que ter\u00e1 a presen\u00e7a do novo Secret\u00e1rio de Estado da Agricultura, Gon\u00e7alo Rodrigues.<\/p>\n","protected":false},"excerpt":{"rendered":"<p>A\u00a0CONFAGRI\u00a0organiza o seu 9\u00ba Encontro Nacional de T\u00e9cnicos, de 22 a 23 de fevereiro, no\u00a0Hotel Golf Mar, no Vimeiro, concelho da Lourinh\u00e3, onde estar\u00e3o reunidos mais de tr\u00eas centenas de T\u00e9cnicos das Organiza\u00e7\u00f5es Associadas, de todo o Pa\u00eds. No final do primeiro dia de trabalhos haver\u00e1 um jantar de homenagem ao Comendador Manuel dos Santos [&hellip;]<\/p>\n","protected":false},"author":2,"featured_media":22739,"comment_status":"open","ping_status":"open","sticky":false,"template":"","format":"standard","meta":{"footnotes":""},"categories":[7],"tags":[],"class_list":["post-24933","post","type-post","status-publish","format-standard","has-post-thumbnail","hentry","category-economia"],"_links":{"self":[{"href":"https:\/\/tintafresca.net\/index.php\/wp-json\/wp\/v2\/posts\/24933","targetHints":{"allow":["GET"]}}],"collection":[{"href":"https:\/\/tintafresca.net\/index.php\/wp-json\/wp\/v2\/posts"}],"about":[{"href":"https:\/\/tintafresca.net\/index.php\/wp-json\/wp\/v2\/types\/post"}],"author":[{"embeddable":true,"href":"https:\/\/tintafresca.net\/index.php\/wp-json\/wp\/v2\/users\/2"}],"replies":[{"embeddable":true,"href":"https:\/\/tintafresca.net\/index.php\/wp-json\/wp\/v2\/comments?post=24933"}],"version-history":[{"count":3,"href":"https:\/\/tintafresca.net\/index.php\/wp-json\/wp\/v2\/posts\/24933\/revisions"}],"predecessor-version":[{"id":24936,"href":"https:\/\/tintafresca.net\/index.php\/wp-json\/wp\/v2\/posts\/24933\/revisions\/24936"}],"wp:featuredmedia":[{"embeddable":true,"href":"https:\/\/tintafresca.net\/index.php\/wp-json\/wp\/v2\/media\/22739"}],"wp:attachment":[{"href":"https:\/\/tintafresca.net\/index.php\/wp-json\/wp\/v2\/media?parent=24933"}],"wp:term":[{"taxonomy":"category","embeddable":true,"href":"https:\/\/tintafresca.net\/index.php\/wp-json\/wp\/v2\/categories?post=24933"},{"taxonomy":"post_tag","embeddable":true,"href":"https:\/\/tintafresca.net\/index.php\/wp-json\/wp\/v2\/tags?post=24933"}],"curies":[{"name":"wp","href":"https:\/\/api.w.org\/{rel}","templated":true}]}}