{"id":24975,"date":"2023-02-23T14:15:33","date_gmt":"2023-02-23T14:15:33","guid":{"rendered":"https:\/\/tintafresca.net\/?p=24975"},"modified":"2023-02-23T14:23:00","modified_gmt":"2023-02-23T14:23:00","slug":"regiao-centro-e-o-destino-nacional-convidado-da-bolsa-de-turismo-de-lisboa-2023","status":"publish","type":"post","link":"https:\/\/tintafresca.net\/index.php\/2023\/02\/23\/regiao-centro-e-o-destino-nacional-convidado-da-bolsa-de-turismo-de-lisboa-2023\/","title":{"rendered":"Regi\u00e3o Centro \u00e9 o Destino Nacional Convidado da Bolsa de Turismo de Lisboa 2023"},"content":{"rendered":"<div id=\"attachment_24978\" style=\"width: 510px\" class=\"wp-caption alignleft\"><img loading=\"lazy\" decoding=\"async\" aria-describedby=\"caption-attachment-24978\" class=\"wp-image-24978 size-full\" src=\"https:\/\/tintafresca.net\/wp-content\/uploads\/2023\/02\/BTL_TCP10.jpg\" alt=\"\" width=\"500\" height=\"290\" srcset=\"https:\/\/tintafresca.net\/wp-content\/uploads\/2023\/02\/BTL_TCP10.jpg 500w, https:\/\/tintafresca.net\/wp-content\/uploads\/2023\/02\/BTL_TCP10-300x174.jpg 300w\" sizes=\"auto, (max-width: 500px) 100vw, 500px\" \/><p id=\"caption-attachment-24978\" class=\"wp-caption-text\">Maqueta do Stand do Turismo do Centro de Portugal<\/p><\/div>\n<p>O Turismo Centro de Portugal \u00e9 um dos protagonistas da edi\u00e7\u00e3o deste ano da BTL &#8211; Bolsa de Turismo de Lisboa, que se realiza de 1 a 5 de mar\u00e7o na FIL &#8211; Feira Internacional de Lisboa. A regi\u00e3o \u00e9 o Destino Nacional Convidado, um estatuto que se repete, ap\u00f3s j\u00e1 o ter sido em 2018, e que lhe permite ter a maior presen\u00e7a de sempre.<\/p>\n<p>No total, entre dois espa\u00e7os que vai ocupar, a Turismo Centro de Portugal disp\u00f5e de cerca de 1000 m\u00b2 para mostrar aos visitantes e aos profissionais do Turismo as principais val\u00eancias e mais-valias tur\u00edsticas da regi\u00e3o e dos munic\u00edpios que a comp\u00f5em.<\/p>\n<p>O stand principal, com 918 m2, estar\u00e1 localizado no Pavilh\u00e3o 1 da feira (Stand 1A03). Aqui, a Turismo do Centro promete surpreender pela operacionalidade, arrojo e atratividade do espa\u00e7o, que procura sair dos lugares-comuns, e tornar a visita ao stand ela pr\u00f3pria uma experi\u00eancia. O stand ser\u00e1 o palco de um vasto programa de anima\u00e7\u00e3o e de apresenta\u00e7\u00f5es de m\u00faltiplos projetos, representativos dos principais produtos tur\u00edsticos da regi\u00e3o e que est\u00e3o alinhados com as tend\u00eancias da procura tur\u00edstica e do comportamento do consumidor.<\/p>\n<p>Ao longo dos cinco dias de feira, o stand da Turismo do Centro apresentar\u00e1 um conjunto de apresenta\u00e7\u00f5es e de ativa\u00e7\u00f5es de marcas e de produtos tur\u00edsticos, que prometem surpreender os visitantes e revelar-se como os spots mais criativos da BTL. A programa\u00e7\u00e3o completa pode ser consultada no <a href=\"https:\/\/turismodocentro.pt\/artigo\/centro-de-portugal-destino-nacional-convidado-btl23-um-destino-e-tanto\">site da Turismo do Centro<\/a>.<\/p>\n<p>A conce\u00e7\u00e3o do espa\u00e7o obedeceu a cinco princ\u00edpios fundamentais: a Sustentabilidade (dos materiais do stand e de todas as iniciativas); a Digitaliza\u00e7\u00e3o (com recurso constante \u00e0s novas tecnologias de comunica\u00e7\u00e3o e informa\u00e7\u00e3o); as Redes Colaborativas (com parcerias com diversos atores regionais e nacionais); a Diversidade (com m\u00faltiplos produtos tur\u00edsticos e projetos a marcar presen\u00e7a na programa\u00e7\u00e3o); e a Criatividade e a Inova\u00e7\u00e3o (em todos os cantos do stand haver\u00e1 espa\u00e7o para criar e inovar).<\/p>\n<p>\u201cNo stand principal, procur\u00e1mos promover a grande diversidade da regi\u00e3o Centro de Portugal, de forma concertada, identit\u00e1ria e coerente. Assim, ser\u00e3o agrupadas num s\u00f3 espa\u00e7o todas as nossas marcas regionais, tanto em termos de territ\u00f3rio, como em termos de produto tur\u00edstico. Estar\u00e3o tamb\u00e9m presentes dezenas de empresas e associa\u00e7\u00f5es, de diferentes naturezas\u201d, explica Pedro Machado, presidente da Turismo Centro de Portugal.<\/p>\n<p>No stand principal estar\u00e3o presentes as 8 Comunidades Intermunicipais da regi\u00e3o (Beira Baixa, Beiras e Serra da Estrela, M\u00e9dio Tejo, Oeste, Regi\u00e3o de Aveiro, Regi\u00e3o de Coimbra, Regi\u00e3o de Leiria e Viseu D\u00e3o Laf\u00f5es), 7 Redes Colaborativas (iNature, Aldeias do Xisto, Aldeias Hist\u00f3ricas de Portugal, Aldeias de Montanha, Rota Hist\u00f3rica das Linhas de Torres, Terras da Transum\u00e2ncia e Caminhos da F\u00e9 no Centro de Portugal), as 5 Comiss\u00f5es Vitivin\u00edcolas da regi\u00e3o (CVR Bairrada, CVR Beira Interior, CVR D\u00e3o, CVR Lisboa e CVR Tejo), 4 Associa\u00e7\u00f5es e Institui\u00e7\u00f5es (Centro de Portugal Film Commission, Esta\u00e7\u00f5es N\u00e1uticas, Universidade de Coimbra e Museu de Lanif\u00edcios da Universidade da Beira Interior), 6 espa\u00e7os de ativa\u00e7\u00e3o institucional (Munic\u00edpio de Castanheira de Pera, New Hand Lab, Museu do Caramulo, Termas Centro, Gliding Barnacles e Lic\u00f3bidos) e ainda 14 empresas do setor tur\u00edstico: Aveiro Moments, Portugal Green Travel, Casas da Lapa, Grupo Miramar, Aqua Village Health Resort &amp; Spa, Hotel dos Templ\u00e1rios, Funda\u00e7\u00e3o ADFP, Exe Wellington, Grutas de Mira de Aire, DTravel, A2Z, D. Abade, Palmilhar Portugal e Hotel Rural Quinta da Conchada.<\/p>\n<p>Integrado no stand principal da TCP, h\u00e1 um espa\u00e7o dedicado especificamente ao Munic\u00edpio Nacional Convidado da BTL, que este ano \u00e9 o Munic\u00edpio de Aveiro.<\/p>\n<p><strong>\u00a0 \u00a0 \u00a0 \u00a0 \u00a0 \u00a0 Novo espa\u00e7o no Pavilh\u00e3o 3<\/strong><\/p>\n<p>A presen\u00e7a da Turismo do Centro na BTL n\u00e3o se esgota no stand do Pavilh\u00e3o 1. Pela primeira vez, a entidade regional de turismo apresenta-se de forma complementar com o espa\u00e7o \u201cInovar e Empreender\u201d, no Pavilh\u00e3o 3. Este espa\u00e7o, com 81m2, vai reunir um conjunto de startups e incubadoras de empresas do Centro de Portugal, que representam alguns dos melhores exemplos de inova\u00e7\u00e3o e empreendedorismo ligados ao setor tur\u00edstico da regi\u00e3o Centro de Portugal.<\/p>\n<p>Aqui, ter\u00e1 destaque a presen\u00e7a do Observat\u00f3rio do Turismo Sustent\u00e1vel do Centro de Portugal, ao lado das empresas Noytrall Technologies, Digital Nomad Association Portugal, Crucial e Alternativo, Zoomguide, Hyp Software, Geonatour e Foge Comigo Por Portugal!<\/p>\n<p>\u201cTermos a honra de ser o Destino Nacional Convidado da BTL permite-nos mostrar de forma ainda mais assertiva a din\u00e2mica que se vive na atividade tur\u00edstica da regi\u00e3o. O espa\u00e7o de inova\u00e7\u00e3o que apresentamos no Pavilh\u00e3o 3 \u00e9 um complemento perfeito para a divulga\u00e7\u00e3o tur\u00edstica que realizamos no Pavilh\u00e3o 1. Ao conhecerem as duas propostas, os visitantes ficam com uma perce\u00e7\u00e3o abrangente do muito que se passa na regi\u00e3o ao n\u00edvel do Turismo. \u00c9 com grande satisfa\u00e7\u00e3o que deixo um convite para todos visitarem os dois stands da Turismo Centro de Portugal\u201d, conclui Pedro Machado.<\/p>\n<p><strong>Sobre o Turismo Centro de Portugal<\/strong><\/p>\n<p>O Turismo Centro de Portugal \u00e9 a entidade que estrutura e promove o turismo na Regi\u00e3o Centro do pa\u00eds. Esta \u00e9 a maior e mais diversificada \u00e1rea tur\u00edstica nacional, abrangendo 100 munic\u00edpios, e tem registado um intenso crescimento da procura interna e externa. \u00c9 a regi\u00e3o a escolher para quem pretende experi\u00eancias diversificadas, pois concilia locais Patrim\u00f3nio da Humanidade com a melhor costa de surf da Europa, termas e spas id\u00edlicos, locais de culto de import\u00e2ncia mundial e as mais belas aldeias.<\/p>\n<p><strong>\u00a0 \u00a0 \u00a0 \u00a0Fonte: TCP e AdC<\/strong><\/p>\n","protected":false},"excerpt":{"rendered":"<p>O Turismo Centro de Portugal \u00e9 um dos protagonistas da edi\u00e7\u00e3o deste ano da BTL &#8211; Bolsa de Turismo de Lisboa, que se realiza de 1 a 5 de mar\u00e7o na FIL &#8211; Feira Internacional de Lisboa. A regi\u00e3o \u00e9 o Destino Nacional Convidado, um estatuto que se repete, ap\u00f3s j\u00e1 o ter sido em [&hellip;]<\/p>\n","protected":false},"author":2,"featured_media":24980,"comment_status":"open","ping_status":"open","sticky":false,"template":"","format":"standard","meta":{"footnotes":""},"categories":[7],"tags":[],"class_list":["post-24975","post","type-post","status-publish","format-standard","has-post-thumbnail","hentry","category-economia"],"_links":{"self":[{"href":"https:\/\/tintafresca.net\/index.php\/wp-json\/wp\/v2\/posts\/24975","targetHints":{"allow":["GET"]}}],"collection":[{"href":"https:\/\/tintafresca.net\/index.php\/wp-json\/wp\/v2\/posts"}],"about":[{"href":"https:\/\/tintafresca.net\/index.php\/wp-json\/wp\/v2\/types\/post"}],"author":[{"embeddable":true,"href":"https:\/\/tintafresca.net\/index.php\/wp-json\/wp\/v2\/users\/2"}],"replies":[{"embeddable":true,"href":"https:\/\/tintafresca.net\/index.php\/wp-json\/wp\/v2\/comments?post=24975"}],"version-history":[{"count":5,"href":"https:\/\/tintafresca.net\/index.php\/wp-json\/wp\/v2\/posts\/24975\/revisions"}],"predecessor-version":[{"id":24982,"href":"https:\/\/tintafresca.net\/index.php\/wp-json\/wp\/v2\/posts\/24975\/revisions\/24982"}],"wp:featuredmedia":[{"embeddable":true,"href":"https:\/\/tintafresca.net\/index.php\/wp-json\/wp\/v2\/media\/24980"}],"wp:attachment":[{"href":"https:\/\/tintafresca.net\/index.php\/wp-json\/wp\/v2\/media?parent=24975"}],"wp:term":[{"taxonomy":"category","embeddable":true,"href":"https:\/\/tintafresca.net\/index.php\/wp-json\/wp\/v2\/categories?post=24975"},{"taxonomy":"post_tag","embeddable":true,"href":"https:\/\/tintafresca.net\/index.php\/wp-json\/wp\/v2\/tags?post=24975"}],"curies":[{"name":"wp","href":"https:\/\/api.w.org\/{rel}","templated":true}]}}