{"id":25004,"date":"2023-02-24T09:12:56","date_gmt":"2023-02-24T09:12:56","guid":{"rendered":"https:\/\/tintafresca.net\/?p=25004"},"modified":"2023-02-24T11:30:42","modified_gmt":"2023-02-24T11:30:42","slug":"freguesias-vinhateiras-vao-ter-via-rapida-para-classificacao-como-aldeias-de-portugal","status":"publish","type":"post","link":"https:\/\/tintafresca.net\/index.php\/2023\/02\/24\/freguesias-vinhateiras-vao-ter-via-rapida-para-classificacao-como-aldeias-de-portugal\/","title":{"rendered":"Freguesias vinhateiras v\u00e3o ter via r\u00e1pida para classifica\u00e7\u00e3o como \u201cAldeias de Portugal\u201d"},"content":{"rendered":"<div id=\"attachment_25006\" style=\"width: 510px\" class=\"wp-caption alignleft\"><img loading=\"lazy\" decoding=\"async\" aria-describedby=\"caption-attachment-25006\" class=\"wp-image-25006 size-full\" src=\"https:\/\/tintafresca.net\/wp-content\/uploads\/2023\/02\/Vinha.jpg\" alt=\"\" width=\"500\" height=\"325\" srcset=\"https:\/\/tintafresca.net\/wp-content\/uploads\/2023\/02\/Vinha.jpg 500w, https:\/\/tintafresca.net\/wp-content\/uploads\/2023\/02\/Vinha-300x195.jpg 300w\" sizes=\"auto, (max-width: 500px) 100vw, 500px\" \/><p id=\"caption-attachment-25006\" class=\"wp-caption-text\">Trabalho na vinha (Foto: V\u00e2nia Silva)<\/p><\/div>\n<p>A Associa\u00e7\u00e3o do Turismo de Aldeia (ATA) vai assinar no dia 1 de mar\u00e7o com a\u00a0Associa\u00e7\u00e3o de Munic\u00edpios Portugueses do Vinho (AMPV) um protocolo que agilizar\u00e1 o processo de classifica\u00e7\u00e3o das freguesias de tradi\u00e7\u00e3o vinhateira que pretendam ser reconhecidas como \u201cAldeias de Portugal\u201d e assim beneficiar do reconhecimento que essa chancela representa em termos de genuinidade do territ\u00f3rio.<\/p>\n<p>A marca \u00e9 gerida pela ATA, que conta atualmente com 49 aldeias classificadas em Portugal e prop\u00f4s \u00e0 AMPV uma parceria que ambas as entidades reconhecem como \u201cmutualmente ben\u00e9fica\u201d, j\u00e1 que persegue o objetivo comum de preservar e promover \u201co patrim\u00f3nio material e imaterial que \u00e9 identit\u00e1rio da hist\u00f3ria e da cultura portuguesas, em particular no que se refere ao mundo rural e ao vinho\u201d. No prazo de um ou dois anos, a lista de aldeias classificadas poder\u00e1\u00a0assim passar das atuais 49 para mais de 250.<\/p>\n<p>Na pr\u00e1tica, o acordo entre as duas institui\u00e7\u00f5es vai funcionar como \u201cuma via r\u00e1pida para an\u00e1lise de candidaturas\u201d por parte da ATA. At\u00e9 aqui, essa entidade recebia a proposta de cada aldeia individualmente e s\u00f3 ent\u00e3o iniciava a verifica\u00e7\u00e3o dos pr\u00e9-requisitos; com o novo acordo, passa a receber candidaturas previamente analisadas pela AMPV, o que logo na fase inicial do processo representar\u00e1 dossi\u00eas mais completos, sobre territ\u00f3rios que a organiza\u00e7\u00e3o vinhateira j\u00e1 ter\u00e1 validado relativamente a crit\u00e9rios como ruralidade, tradi\u00e7\u00e3o agr\u00edcola e oferta gastron\u00f3mica e v\u00ednica.<\/p>\n<p>Para Teresa Pouzada, presidente da ATA, essa \u201cabertura a novos territ\u00f3rios e a candidaturas mais r\u00e1pidas\u201d \u00e9 \u201cencorajadora e estimulante\u201d porque antecipa \u201co crescimento da comunidade representada por duas institui\u00e7\u00f5es que partilham dos mesmos valores, das mesmas ambi\u00e7\u00f5es e da mesma paix\u00e3o por aldeias t\u00e3o \u00fanicas e especiais do panorama nacional\u201d.<\/p>\n<p>Defendendo que a tradi\u00e7\u00e3o vin\u00edcola \u00e9 \u201cclaramente indissoci\u00e1vel\u201d da ruralidade portuguesa e da hist\u00f3ria agr\u00edcola e econ\u00f3mica do pa\u00eds, a presidente da ATA lembra que o vinho luso constitui uma das principais exporta\u00e7\u00f5es nacionais e afirma: \u201cToda a oferta tur\u00edstica que explore as origens de um produto com esta boa reputa\u00e7\u00e3o ser\u00e1 certamente um fator de atratividade para o turista nacional e estrangeiro, e, nesse contexto, as freguesias vinhateiras poder\u00e3o oferecer aos visitantes programas mais aut\u00eanticos e genu\u00ednos sobre a vinha, a transforma\u00e7\u00e3o da uva e as tradi\u00e7\u00f5es relacionadas com mat\u00e9ria-prima e produto final\u201d.<\/p>\n<p>Jos\u00e9 Arruda, secret\u00e1rio-geral da AMPV e porta-voz dos 117 munic\u00edpios que constituem essa estrutura, tamb\u00e9m reconhece &#8220;um potencial enorme \u00e0 marca \u2018Aldeias de Portugal\u2019\u201d e revela-se otimista quanto ao \u201ccontributo que este projeto com a ATA representa para a valoriza\u00e7\u00e3o dos territ\u00f3rios de baixa densidade\u201d. Por isso mesmo, defende: \u201cAo associarmos a este projeto a nossa rec\u00e9m-criada Rede das Freguesias Vinhateiras de Portugal e ao trabalharmos em conjunto, estamos a criar ainda mais potencialidades para a promo\u00e7\u00e3o do turismo de proximidade&#8221;.<\/p>\n<p>Quanto ao n\u00famero de povoados com tradi\u00e7\u00e3o vin\u00edcola com potencial efetivo de classifica\u00e7\u00e3o como \u201dAldeias de Portugal\u201d, Jos\u00e9 Arruda \u00e9 comedido nas expectativas, mas ainda assim prev\u00ea uma significativa ades\u00e3o, na propor\u00e7\u00e3o precisa da nova Rede de Freguesias Vinhateiras. \u201cSe no arranque deste processo os nossos atuais 117 munic\u00edpios indicarem duas a tr\u00eas freguesias com tradi\u00e7\u00e3o vitivin\u00edcola, s\u00f3 nesta fase inicial estaremos a falar de 200 a 300\u201d, antecipa.<\/p>\n<div id=\"attachment_25010\" style=\"width: 510px\" class=\"wp-caption alignleft\"><img loading=\"lazy\" decoding=\"async\" aria-describedby=\"caption-attachment-25010\" class=\"wp-image-25010 size-full\" src=\"https:\/\/tintafresca.net\/wp-content\/uploads\/2023\/02\/Vihas20.jpg\" alt=\"\" width=\"500\" height=\"333\" srcset=\"https:\/\/tintafresca.net\/wp-content\/uploads\/2023\/02\/Vihas20.jpg 500w, https:\/\/tintafresca.net\/wp-content\/uploads\/2023\/02\/Vihas20-300x200.jpg 300w\" sizes=\"auto, (max-width: 500px) 100vw, 500px\" \/><p id=\"caption-attachment-25010\" class=\"wp-caption-text\">Oferta local de gastronomia, vinhos e outros produtos regionais \u00e9 crit\u00e9rio de avalia\u00e7\u00e3o na candidatura \u00e0 classifica\u00e7\u00e3o como \u201cAldeias de Portugal\u201d<\/p><\/div>\n<p><strong>Processo de classifica\u00e7\u00e3o tem que envolver a comunidade da aldeia\u00a0<\/strong><\/p>\n<p>A oferta local de gastronomia, vinhos e outros produtos regionais \u00e9 crit\u00e9rio de avalia\u00e7\u00e3o na candidatura \u00e0 classifica\u00e7\u00e3o como \u201cAldeias de Portugal\u201d, mas a comiss\u00e3o de especialistas constitu\u00edda para verificar esses requisitos analisa ainda outros aspetos, como o estado de conserva\u00e7\u00e3o do edificado local, o seu patrim\u00f3nio hist\u00f3rico e cultural, a acessibilidade vi\u00e1ria ao povoado e a oferta de atividades ligadas \u00e0 agricultura e ao setor prim\u00e1rio.<\/p>\n<p>A ATA aprovar\u00e1 as aldeias que cumpram a maioria desses requisitos e evidenciem uma propor\u00e7\u00e3o adequada de fatores de atra\u00e7\u00e3o tur\u00edstica, mas, independentemente disso, o que n\u00e3o poder\u00e1 faltar ao processo \u00e9 o comprometimento da popula\u00e7\u00e3o local numa miss\u00e3o de valoriza\u00e7\u00e3o que se pretende partilhada e integrada.<\/p>\n<p>Nessa perspetiva, todas as candidaturas implicam a cria\u00e7\u00e3o de um comit\u00e9 de representantes da aldeia, nomeadamente da c\u00e2mara municipal e junta de freguesia, das associa\u00e7\u00f5es locais, dos propriet\u00e1rios e comerciantes, e de outros agentes relevantes com participa\u00e7\u00e3o ativa na viv\u00eancia real da comunidade.<\/p>\n<p>Caber\u00e1 a esse coletivo acompanhar todo o processo de classifica\u00e7\u00e3o e fazer a devida liga\u00e7\u00e3o \u00e0 restante comunidade, at\u00e9 porque, como defende Teresa Pouzada, \u201cn\u00e3o\u00a0adianta ter um projeto de valoriza\u00e7\u00e3o e desenvolvimento para uma aldeia se a popula\u00e7\u00e3o dessa mesma aldeia n\u00e3o tiver interesse nele nem se quiser envolver neste esfor\u00e7o comum\u201d.<\/p>\n<p><strong>Sobre a ATA &#8211; Associa\u00e7\u00e3o do Turismo de Aldeia<\/strong><\/p>\n<p>Fundada em 1999, a ATA &#8211; Associa\u00e7\u00e3o do Turismo de Aldeia \u00e9 composta por v\u00e1rias institui\u00e7\u00f5es empenhadas em potenciar o desenvolvimento socioecon\u00f3mico, a promo\u00e7\u00e3o tur\u00edstica e a preserva\u00e7\u00e3o patrimonial dos territ\u00f3rios rurais mais representativos das origens da genu\u00edna identidade portuguesa.<\/p>\n<p>Atualmente, a institui\u00e7\u00e3o conta com 17 associados de todo o pa\u00eds: A2S &#8211; Associa\u00e7\u00e3o para o Desenvolvimento Sustent\u00e1vel da Regi\u00e3o Saloia; a ADDLAP &#8211; Associa\u00e7\u00e3o de Desenvolvimento D\u00e3o, Laf\u00f5es e Alto Paiva; ADER-SOUSA \u2013 Associa\u00e7\u00e3o de Desenvolvimento Rural das Terras do Sousa; ADICES &#8211; Associa\u00e7\u00e3o de Desenvolvimento Local; ADRACES \u2013 Associa\u00e7\u00e3o para o Desenvolvimento da Raia Centro-Sul; ADRIL &#8211; Associa\u00e7\u00e3o do Desenvolvimento Rural Integrado do Lima; ADRIMAG \u2013 Associa\u00e7\u00e3o de Desenvolvimento Rural Integrado das Serras do Montemuro, Arada e Gralheira; ADRIMINHO \u2013 Associa\u00e7\u00e3o de Desenvolvimento<\/p>\n<p>Rural Integrado do Vale do Minho; ADRITEM \u2013 Associa\u00e7\u00e3o de Desenvolvimento Regional Integrado das Terras de Santa Maria; Associa\u00e7\u00e3o do Douro Hist\u00f3rico; Associa\u00e7\u00e3o In Loco; ATAHCA &#8211; Associa\u00e7\u00e3o de Desenvolvimento Local; CoraNe \u2013 Associa\u00e7\u00e3o de Desenvolvimento dos Concelhos da Raia Nordestina; DESTEQUE -Associa\u00e7\u00e3o para o Desenvolvimento da Terra Quente; Dolmen &#8211; Desenvolvimento Local e Regional; DOURO SUPERIOR &#8211; Associa\u00e7\u00e3o de Desenvolvimento do Douro Superior; e PROBASTO &#8211; Associa\u00e7\u00e3o de Desenvolvimento Rural de Basto. A esse n\u00facleo-duro juntam-se ainda, em projetos de coopera\u00e7\u00e3o espec\u00edficos, a ADD<\/p>\n<p>&#8211; Associa\u00e7\u00e3o de Desenvolvimento do D\u00e3o, a AIDA &#8211; Associa\u00e7\u00e3o Industrial do Distrito de Aveiro e a APRODER- Associa\u00e7\u00e3o para a Promo\u00e7\u00e3o do Desenvolvimento Rural do Ribatejo.<\/p>\n<p><strong>Sobre a marca \u201cAldeias de Portugal\u201d<\/strong><\/p>\n<p>Representando simultaneamente uma certifica\u00e7\u00e3o e um conceito estrat\u00e9gico, a marca \u201cAldeias de Portugal\u201d distingue os povoados mais caracter\u00edsticos da ruralidade portuguesa, em vertentes como o patrim\u00f3nio hist\u00f3rico e cultural, gastronomia e artesanato, pr\u00e1ticas e costumes sociais, recursos naturais e agr\u00edcolas, of\u00edcios e produtos regionais.<\/p>\n<p>A classifica\u00e7\u00e3o s\u00f3 pode ser atribu\u00edda a aldeias cujas comunidades estejam envolvidas desde in\u00edcio no processo de candidatura, j\u00e1 que esse implica obrigatoriamente a constitui\u00e7\u00e3o de um comit\u00e9 local integrando porta-vozes de entidades como a junta de freguesia, a popula\u00e7\u00e3o residente, o tecido econ\u00f3mico e a estrutura associativa. Com base no projeto proposto por esse coletivo, a candidatura \u00e9 ent\u00e3o avaliada por uma comiss\u00e3o de especialistas que re\u00fane desde historiadores e investigadores acad\u00e9micos at\u00e9 economistas e marketeers.<\/p>\n<p>Entre os crit\u00e9rios a avaliar inclui-se a tipicidade arquitet\u00f3nica da aldeia e o estado de conserva\u00e7\u00e3o do seu edificado, o enquadramento paisag\u00edstico da zona e a respetiva sustentabilidade ambiental, a densidade demogr\u00e1fica do povoado e n\u00famero de residentes efetivos, a sua oferta de gastronomia e artesanato, e o seu leque de pr\u00e1ticas agr\u00edcolas, produtos e servi\u00e7os locais, of\u00edcios tradicionais, festividades e atividades l\u00fadicas.<\/p>\n<p>Se o grau de cumprimento desses e outros requisitos refletir uma propor\u00e7\u00e3o adequada de fatores de atra\u00e7\u00e3o, o povoado passa a ser classificado e mant\u00e9m a certifica\u00e7\u00e3o por um per\u00edodo de quatro anos, ap\u00f3s o que ser\u00e1 sujeito a nova avalia\u00e7\u00e3o para o j\u00fari verificar se continua a corresponder \u00e0 genuinidade e ao potencial tur\u00edstico que a marca \u201cAldeias de Portugal\u201d atesta.<\/p>\n<p><strong>\u00a0 \u00a0Fonte: CT<\/strong><\/p>\n","protected":false},"excerpt":{"rendered":"<p>A Associa\u00e7\u00e3o do Turismo de Aldeia (ATA) vai assinar no dia 1 de mar\u00e7o com a\u00a0Associa\u00e7\u00e3o de Munic\u00edpios Portugueses do Vinho (AMPV) um protocolo que agilizar\u00e1 o processo de classifica\u00e7\u00e3o das freguesias de tradi\u00e7\u00e3o vinhateira que pretendam ser reconhecidas como \u201cAldeias de Portugal\u201d e assim beneficiar do reconhecimento que essa chancela representa em termos de [&hellip;]<\/p>\n","protected":false},"author":2,"featured_media":25007,"comment_status":"open","ping_status":"open","sticky":false,"template":"","format":"standard","meta":{"footnotes":""},"categories":[7],"tags":[],"class_list":["post-25004","post","type-post","status-publish","format-standard","has-post-thumbnail","hentry","category-economia"],"_links":{"self":[{"href":"https:\/\/tintafresca.net\/index.php\/wp-json\/wp\/v2\/posts\/25004","targetHints":{"allow":["GET"]}}],"collection":[{"href":"https:\/\/tintafresca.net\/index.php\/wp-json\/wp\/v2\/posts"}],"about":[{"href":"https:\/\/tintafresca.net\/index.php\/wp-json\/wp\/v2\/types\/post"}],"author":[{"embeddable":true,"href":"https:\/\/tintafresca.net\/index.php\/wp-json\/wp\/v2\/users\/2"}],"replies":[{"embeddable":true,"href":"https:\/\/tintafresca.net\/index.php\/wp-json\/wp\/v2\/comments?post=25004"}],"version-history":[{"count":5,"href":"https:\/\/tintafresca.net\/index.php\/wp-json\/wp\/v2\/posts\/25004\/revisions"}],"predecessor-version":[{"id":25012,"href":"https:\/\/tintafresca.net\/index.php\/wp-json\/wp\/v2\/posts\/25004\/revisions\/25012"}],"wp:featuredmedia":[{"embeddable":true,"href":"https:\/\/tintafresca.net\/index.php\/wp-json\/wp\/v2\/media\/25007"}],"wp:attachment":[{"href":"https:\/\/tintafresca.net\/index.php\/wp-json\/wp\/v2\/media?parent=25004"}],"wp:term":[{"taxonomy":"category","embeddable":true,"href":"https:\/\/tintafresca.net\/index.php\/wp-json\/wp\/v2\/categories?post=25004"},{"taxonomy":"post_tag","embeddable":true,"href":"https:\/\/tintafresca.net\/index.php\/wp-json\/wp\/v2\/tags?post=25004"}],"curies":[{"name":"wp","href":"https:\/\/api.w.org\/{rel}","templated":true}]}}