{"id":25016,"date":"2023-02-24T10:56:30","date_gmt":"2023-02-24T10:56:30","guid":{"rendered":"https:\/\/tintafresca.net\/?p=25016"},"modified":"2023-02-25T13:02:49","modified_gmt":"2023-02-25T13:02:49","slug":"executivo-de-torres-vedras-critica-novo-estudo-sobre-a-localizacao-do-novo-hospital-do-oeste","status":"publish","type":"post","link":"https:\/\/tintafresca.net\/index.php\/2023\/02\/24\/executivo-de-torres-vedras-critica-novo-estudo-sobre-a-localizacao-do-novo-hospital-do-oeste\/","title":{"rendered":"Executivo de Torres Vedras critica novo estudo sobre a localiza\u00e7\u00e3o do novo Hospital do Oeste"},"content":{"rendered":"<div id=\"attachment_21708\" style=\"width: 410px\" class=\"wp-caption alignleft\"><img loading=\"lazy\" decoding=\"async\" aria-describedby=\"caption-attachment-21708\" class=\"wp-image-21708\" src=\"https:\/\/tintafresca.net\/wp-content\/uploads\/2022\/10\/Camara_Torres_Vedras10.jpg\" alt=\"\" width=\"400\" height=\"533\" srcset=\"https:\/\/tintafresca.net\/wp-content\/uploads\/2022\/10\/Camara_Torres_Vedras10.jpg 500w, https:\/\/tintafresca.net\/wp-content\/uploads\/2022\/10\/Camara_Torres_Vedras10-225x300.jpg 225w\" sizes=\"auto, (max-width: 400px) 100vw, 400px\" \/><p id=\"caption-attachment-21708\" class=\"wp-caption-text\">Pa\u00e7os do Concelho de Torres Vedras<\/p><\/div>\n<p>Na sequ\u00eancia das recentes tomadas de posi\u00e7\u00e3o p\u00fablicas sobre a localiza\u00e7\u00e3o do futuro Hospital do Oeste, o Executivo Municipal de Torres Vedras lamentou esta sexta-feira, dia 24 de fevereiro, de forma un\u00e2nime, a atitude das autarquias de Caldas da Rainha e de \u00d3bidos relativamente \u00e0 localiza\u00e7\u00e3o do futuro Hospital.<\/p>\n<p>\u201cAo fazer t\u00e1bua rasa de todo o caminho percorrido em conjunto pelas autarquias do Oeste, ao contratar um novo estudo de forma unilateral e ao pressionar o Minist\u00e9rio da Sa\u00fade para retardar a decis\u00e3o, as autarquias de Caldas da Rainha e de \u00d3bidos p\u00f5em em causa a coes\u00e3o do Oeste e dificultam a r\u00e1pida decis\u00e3o sobre o futuro da resposta de sa\u00fade da regi\u00e3o\u201d, alegam.<\/p>\n<p>Os autarcas torrienses salientam que Torres Vedras teria certamente capacidade, por maioria de raz\u00e3o, para apresentar argumentos separatistas e isolacionistas similares aos que as autarquias de Caldas da Rainha e de \u00d3bidos t\u00eam apresentado, mas, em vez disso, \u201ctem tido e continuar\u00e1 a ter uma posi\u00e7\u00e3o respons\u00e1vel e conciliadora, em prol dos torrienses e de todos os oestinos, salvaguardando os interesses e necessidades da popula\u00e7\u00e3o desta regi\u00e3o no dom\u00ednio da sa\u00fade.\u201d<\/p>\n<p>O Executivo da C\u00e2mara Municipal de Torres Vedras acredita que, \u201cdepois do caminho j\u00e1 percorrido, n\u00e3o \u00e9 hora de voltar atr\u00e1s. \u00c9 sim tempo de confiar que, tal como previsto, o Grupo de Trabalho constitu\u00eddo pelo Ministro da Sa\u00fade (Despacho n.\u00ba 556\/2023, de 11 de janeiro) apresentar\u00e1 uma proposta integrada at\u00e9 ao dia 31 de mar\u00e7o de 2023, na qual se incluir\u00e1 a localiza\u00e7\u00e3o, perfil funcional, modelos de financiamento e cronograma de constru\u00e7\u00e3o do novo Hospital.\u201d<\/p>\n<p>Laura Rodrigues, Ana Umbelino, Francisco Nelson Aniceto, Francisco Martins, Dulcineia Ramos (Partido Socialista), S\u00e9rgio Galv\u00e3o e Diogo Guia (Unidos por Torres Vedras) e Duarte Pacheco e Secundino Oliveira (Partido Social Democrata) reiteram que importa agora defender um novo Hospital que servir\u00e1 Torres Vedras e o Oeste e n\u00e3o um Hospital para um dos concelhos da regi\u00e3o, exortando, por isso, todos os oestinos e os autarcas que os representam a defenderem, a uma s\u00f3 voz, este des\u00edgnio.<\/p>\n","protected":false},"excerpt":{"rendered":"<p>Na sequ\u00eancia das recentes tomadas de posi\u00e7\u00e3o p\u00fablicas sobre a localiza\u00e7\u00e3o do futuro Hospital do Oeste, o Executivo Municipal de Torres Vedras lamentou esta sexta-feira, dia 24 de fevereiro, de forma un\u00e2nime, a atitude das autarquias de Caldas da Rainha e de \u00d3bidos relativamente \u00e0 localiza\u00e7\u00e3o do futuro Hospital. \u201cAo fazer t\u00e1bua rasa de todo [&hellip;]<\/p>\n","protected":false},"author":2,"featured_media":21709,"comment_status":"open","ping_status":"open","sticky":false,"template":"","format":"standard","meta":{"footnotes":""},"categories":[6],"tags":[],"class_list":["post-25016","post","type-post","status-publish","format-standard","has-post-thumbnail","hentry","category-saude"],"_links":{"self":[{"href":"https:\/\/tintafresca.net\/index.php\/wp-json\/wp\/v2\/posts\/25016","targetHints":{"allow":["GET"]}}],"collection":[{"href":"https:\/\/tintafresca.net\/index.php\/wp-json\/wp\/v2\/posts"}],"about":[{"href":"https:\/\/tintafresca.net\/index.php\/wp-json\/wp\/v2\/types\/post"}],"author":[{"embeddable":true,"href":"https:\/\/tintafresca.net\/index.php\/wp-json\/wp\/v2\/users\/2"}],"replies":[{"embeddable":true,"href":"https:\/\/tintafresca.net\/index.php\/wp-json\/wp\/v2\/comments?post=25016"}],"version-history":[{"count":5,"href":"https:\/\/tintafresca.net\/index.php\/wp-json\/wp\/v2\/posts\/25016\/revisions"}],"predecessor-version":[{"id":25021,"href":"https:\/\/tintafresca.net\/index.php\/wp-json\/wp\/v2\/posts\/25016\/revisions\/25021"}],"wp:featuredmedia":[{"embeddable":true,"href":"https:\/\/tintafresca.net\/index.php\/wp-json\/wp\/v2\/media\/21709"}],"wp:attachment":[{"href":"https:\/\/tintafresca.net\/index.php\/wp-json\/wp\/v2\/media?parent=25016"}],"wp:term":[{"taxonomy":"category","embeddable":true,"href":"https:\/\/tintafresca.net\/index.php\/wp-json\/wp\/v2\/categories?post=25016"},{"taxonomy":"post_tag","embeddable":true,"href":"https:\/\/tintafresca.net\/index.php\/wp-json\/wp\/v2\/tags?post=25016"}],"curies":[{"name":"wp","href":"https:\/\/api.w.org\/{rel}","templated":true}]}}