{"id":25037,"date":"2023-02-25T17:34:31","date_gmt":"2023-02-25T17:34:31","guid":{"rendered":"https:\/\/tintafresca.net\/?p=25037"},"modified":"2023-02-25T17:37:25","modified_gmt":"2023-02-25T17:37:25","slug":"camara-de-alcobaca-e-turismo-do-centro-apresentam-a-iv-convencao-nacional-da-associacao-nacional-dos-locadores-de-veiculos","status":"publish","type":"post","link":"https:\/\/tintafresca.net\/index.php\/2023\/02\/25\/camara-de-alcobaca-e-turismo-do-centro-apresentam-a-iv-convencao-nacional-da-associacao-nacional-dos-locadores-de-veiculos\/","title":{"rendered":"Conven\u00e7\u00e3o Nacional da Associa\u00e7\u00e3o Nacional dos Locadores de Ve\u00edculos apresentada na Bolsa de Turismo de Lisboa"},"content":{"rendered":"<p><img loading=\"lazy\" decoding=\"async\" class=\"alignleft wp-image-25039 size-full\" src=\"https:\/\/tintafresca.net\/wp-content\/uploads\/2023\/02\/Alcobaca_ARAC10.png\" alt=\"\" width=\"500\" height=\"108\" srcset=\"https:\/\/tintafresca.net\/wp-content\/uploads\/2023\/02\/Alcobaca_ARAC10.png 500w, https:\/\/tintafresca.net\/wp-content\/uploads\/2023\/02\/Alcobaca_ARAC10-300x65.png 300w\" sizes=\"auto, (max-width: 500px) 100vw, 500px\" \/>A Turismo Centro de Portugal, a ARAC &#8211; Associa\u00e7\u00e3o Nacional dos Locadores de Ve\u00edculos e a C\u00e2mara Municipal de Alcoba\u00e7a apresentam, no dia 2 de mar\u00e7o, \u00e0s 11h30, a IV Conven\u00e7\u00e3o Nacional da ARAC, numa confer\u00eancia de imprensa que vai decorrer no stand da Turismo Centro de Portugal na BTL- Bolsa de Turismo de Lisboa (Pavilh\u00e3o 1 da FIL).<\/p>\n<p>Os pormenores da IV Conven\u00e7\u00e3o Nacional, nomeadamente o local, o tema e os destaques do programa ser\u00e3o dados a conhecer na confer\u00eancia de imprensa, que contar\u00e1 com a presen\u00e7a do presidente do Conselho Diretor e do secret\u00e1rio-geral da ARAC, respetivamente Paulo Pinto e Joaquim Robalo de Almeida, o presidente da Turismo Centro de Portugal, Pedro Machado, e o presidente da C\u00e2mara Municipal de Alcoba\u00e7a, Herm\u00ednio Rodrigues.<\/p>\n<p>As Conven\u00e7\u00f5es Nacionais da ARAC constituem momentos de reflex\u00e3o sobre temas de grande import\u00e2ncia para os setores da Mobilidade e do Turismo, contando com a participa\u00e7\u00e3o das empresas associadas e dos parceiros dos setores do autom\u00f3vel e do turismo.<\/p>\n<p><strong>\u00a0 \u00a0 \u00a0 Fonte: TCP<\/strong><\/p>\n","protected":false},"excerpt":{"rendered":"<p>A Turismo Centro de Portugal, a ARAC &#8211; Associa\u00e7\u00e3o Nacional dos Locadores de Ve\u00edculos e a C\u00e2mara Municipal de Alcoba\u00e7a apresentam, no dia 2 de mar\u00e7o, \u00e0s 11h30, a IV Conven\u00e7\u00e3o Nacional da ARAC, numa confer\u00eancia de imprensa que vai decorrer no stand da Turismo Centro de Portugal na BTL- Bolsa de Turismo de Lisboa [&hellip;]<\/p>\n","protected":false},"author":2,"featured_media":8788,"comment_status":"open","ping_status":"open","sticky":false,"template":"","format":"standard","meta":{"footnotes":""},"categories":[7],"tags":[],"class_list":["post-25037","post","type-post","status-publish","format-standard","has-post-thumbnail","hentry","category-economia"],"_links":{"self":[{"href":"https:\/\/tintafresca.net\/index.php\/wp-json\/wp\/v2\/posts\/25037","targetHints":{"allow":["GET"]}}],"collection":[{"href":"https:\/\/tintafresca.net\/index.php\/wp-json\/wp\/v2\/posts"}],"about":[{"href":"https:\/\/tintafresca.net\/index.php\/wp-json\/wp\/v2\/types\/post"}],"author":[{"embeddable":true,"href":"https:\/\/tintafresca.net\/index.php\/wp-json\/wp\/v2\/users\/2"}],"replies":[{"embeddable":true,"href":"https:\/\/tintafresca.net\/index.php\/wp-json\/wp\/v2\/comments?post=25037"}],"version-history":[{"count":5,"href":"https:\/\/tintafresca.net\/index.php\/wp-json\/wp\/v2\/posts\/25037\/revisions"}],"predecessor-version":[{"id":25043,"href":"https:\/\/tintafresca.net\/index.php\/wp-json\/wp\/v2\/posts\/25037\/revisions\/25043"}],"wp:featuredmedia":[{"embeddable":true,"href":"https:\/\/tintafresca.net\/index.php\/wp-json\/wp\/v2\/media\/8788"}],"wp:attachment":[{"href":"https:\/\/tintafresca.net\/index.php\/wp-json\/wp\/v2\/media?parent=25037"}],"wp:term":[{"taxonomy":"category","embeddable":true,"href":"https:\/\/tintafresca.net\/index.php\/wp-json\/wp\/v2\/categories?post=25037"},{"taxonomy":"post_tag","embeddable":true,"href":"https:\/\/tintafresca.net\/index.php\/wp-json\/wp\/v2\/tags?post=25037"}],"curies":[{"name":"wp","href":"https:\/\/api.w.org\/{rel}","templated":true}]}}