{"id":25049,"date":"2023-02-25T22:55:23","date_gmt":"2023-02-25T22:55:23","guid":{"rendered":"https:\/\/tintafresca.net\/?p=25049"},"modified":"2023-02-25T22:57:04","modified_gmt":"2023-02-25T22:57:04","slug":"secretario-de-estado-do-trabalho-abre-sessoes-de-formacao-emprego-digital-2025-em-empresas-da-regiao-de-leiria","status":"publish","type":"post","link":"https:\/\/tintafresca.net\/index.php\/2023\/02\/25\/secretario-de-estado-do-trabalho-abre-sessoes-de-formacao-emprego-digital-2025-em-empresas-da-regiao-de-leiria\/","title":{"rendered":"Secret\u00e1rio de Estado do Trabalho abre sess\u00f5es de forma\u00e7\u00e3o \u201cEmprego +Digital 2025\u201d em empresas da regi\u00e3o de Leiria"},"content":{"rendered":"<div id=\"attachment_25052\" style=\"width: 510px\" class=\"wp-caption alignleft\"><img loading=\"lazy\" decoding=\"async\" aria-describedby=\"caption-attachment-25052\" class=\"wp-image-25052 size-full\" src=\"https:\/\/tintafresca.net\/wp-content\/uploads\/2023\/02\/Miguel_Fontes_SE_Emprego10.jpg\" alt=\"\" width=\"500\" height=\"500\" srcset=\"https:\/\/tintafresca.net\/wp-content\/uploads\/2023\/02\/Miguel_Fontes_SE_Emprego10.jpg 500w, https:\/\/tintafresca.net\/wp-content\/uploads\/2023\/02\/Miguel_Fontes_SE_Emprego10-300x300.jpg 300w, https:\/\/tintafresca.net\/wp-content\/uploads\/2023\/02\/Miguel_Fontes_SE_Emprego10-150x150.jpg 150w\" sizes=\"auto, (max-width: 500px) 100vw, 500px\" \/><p id=\"caption-attachment-25052\" class=\"wp-caption-text\">Miguel Fortes<\/p><\/div>\n<p>O secret\u00e1rio de Estado do Trabalho, Miguel Fontes, participar\u00e1, no dia 27 de fevereiro, na abertura de sess\u00f5es de forma\u00e7\u00e3o \u201cEmprego +Digital 2025\u201d em empresas da regi\u00e3o de Leiria, com o objetivo de evidenciar a import\u00e2ncia da forma\u00e7\u00e3o e requalifica\u00e7\u00e3o dos trabalhadores, nomeadamente atrav\u00e9s deste programa de forma\u00e7\u00e3o profissional que apoia na transi\u00e7\u00e3o digital das empresas, no \u00e2mbito do PRR.<\/p>\n<p><strong>Programa<\/strong><\/p>\n<p>10h00\u00a0\u2013 Grupo Iberomoldes (Sede)<br \/>\n<strong>Local:<\/strong> Marinha Grande<\/p>\n<p><strong>11h30 &#8211;<\/strong>\u00a0Empresa Anibal H. Abrantes<br \/>\n<strong>Local:<\/strong>\u00a0 Picassinos, Marinha Grande<\/p>\n<p><strong>14h30<\/strong>\u00a0&#8211; Grupo Eurofio<br \/>\n<strong>Local:<\/strong>\u00a0Jardoeira \u2013 Batalha<\/p>\n","protected":false},"excerpt":{"rendered":"<p>O secret\u00e1rio de Estado do Trabalho, Miguel Fontes, participar\u00e1, no dia 27 de fevereiro, na abertura de sess\u00f5es de forma\u00e7\u00e3o \u201cEmprego +Digital 2025\u201d em empresas da regi\u00e3o de Leiria, com o objetivo de evidenciar a import\u00e2ncia da forma\u00e7\u00e3o e requalifica\u00e7\u00e3o dos trabalhadores, nomeadamente atrav\u00e9s deste programa de forma\u00e7\u00e3o profissional que apoia na transi\u00e7\u00e3o digital das [&hellip;]<\/p>\n","protected":false},"author":2,"featured_media":25053,"comment_status":"open","ping_status":"open","sticky":false,"template":"","format":"standard","meta":{"footnotes":""},"categories":[7],"tags":[],"class_list":["post-25049","post","type-post","status-publish","format-standard","has-post-thumbnail","hentry","category-economia"],"_links":{"self":[{"href":"https:\/\/tintafresca.net\/index.php\/wp-json\/wp\/v2\/posts\/25049","targetHints":{"allow":["GET"]}}],"collection":[{"href":"https:\/\/tintafresca.net\/index.php\/wp-json\/wp\/v2\/posts"}],"about":[{"href":"https:\/\/tintafresca.net\/index.php\/wp-json\/wp\/v2\/types\/post"}],"author":[{"embeddable":true,"href":"https:\/\/tintafresca.net\/index.php\/wp-json\/wp\/v2\/users\/2"}],"replies":[{"embeddable":true,"href":"https:\/\/tintafresca.net\/index.php\/wp-json\/wp\/v2\/comments?post=25049"}],"version-history":[{"count":4,"href":"https:\/\/tintafresca.net\/index.php\/wp-json\/wp\/v2\/posts\/25049\/revisions"}],"predecessor-version":[{"id":25056,"href":"https:\/\/tintafresca.net\/index.php\/wp-json\/wp\/v2\/posts\/25049\/revisions\/25056"}],"wp:featuredmedia":[{"embeddable":true,"href":"https:\/\/tintafresca.net\/index.php\/wp-json\/wp\/v2\/media\/25053"}],"wp:attachment":[{"href":"https:\/\/tintafresca.net\/index.php\/wp-json\/wp\/v2\/media?parent=25049"}],"wp:term":[{"taxonomy":"category","embeddable":true,"href":"https:\/\/tintafresca.net\/index.php\/wp-json\/wp\/v2\/categories?post=25049"},{"taxonomy":"post_tag","embeddable":true,"href":"https:\/\/tintafresca.net\/index.php\/wp-json\/wp\/v2\/tags?post=25049"}],"curies":[{"name":"wp","href":"https:\/\/api.w.org\/{rel}","templated":true}]}}