{"id":25071,"date":"2023-02-26T19:21:00","date_gmt":"2023-02-26T19:21:00","guid":{"rendered":"https:\/\/tintafresca.net\/?p=25071"},"modified":"2023-02-27T18:26:06","modified_gmt":"2023-02-27T18:26:06","slug":"passadico-do-penedo-do-granada-inaugurado-no-concelho-de-pedrogao-grande","status":"publish","type":"post","link":"https:\/\/tintafresca.net\/index.php\/2023\/02\/26\/passadico-do-penedo-do-granada-inaugurado-no-concelho-de-pedrogao-grande\/","title":{"rendered":"Passadi\u00e7o do Penedo do Granada inaugurado no Concelho de Pedrog\u00e3o Grande"},"content":{"rendered":"<div id=\"attachment_25073\" style=\"width: 510px\" class=\"wp-caption alignleft\"><img loading=\"lazy\" decoding=\"async\" aria-describedby=\"caption-attachment-25073\" class=\"wp-image-25073 size-full\" src=\"https:\/\/tintafresca.net\/wp-content\/uploads\/2023\/02\/PG_Passadico10.jpg\" alt=\"\" width=\"500\" height=\"375\" srcset=\"https:\/\/tintafresca.net\/wp-content\/uploads\/2023\/02\/PG_Passadico10.jpg 500w, https:\/\/tintafresca.net\/wp-content\/uploads\/2023\/02\/PG_Passadico10-300x225.jpg 300w\" sizes=\"auto, (max-width: 500px) 100vw, 500px\" \/><p id=\"caption-attachment-25073\" class=\"wp-caption-text\">Maria de F\u00e1tima Neves inaugurou o passadi\u00e7o<\/p><\/div>\n<p>A tarde de 25 de fevereiro ficou marcada pela inaugura\u00e7\u00e3o do Passadi\u00e7o do Penedo do Granada, localizado na Freguesia e Concelho de Pedrog\u00e3o Grande, distrito de Leiria.<\/p>\n<p>Na cerim\u00f3nia inaugural que percorreu o passadi\u00e7o, liderada pela presidente da Freguesia de Pedrog\u00e3o Grande, Maria de F\u00e1tima Sim\u00f5es Neves, participaram Cl\u00e1udia Avelar, presidente da Estrutura Federativa de Leiria das Mulheres Socialistas \u2013 Igualdade e Direitos, assim como um conjunto de entidades diretamente relacionadas com esta estrutura e popula\u00e7\u00e3o em geral.<\/p>\n<p>Em comunicado, Cl\u00e1udia Avelar revelou o impacto positivo deste investimento no alargamento da oferta tur\u00edstica deste territ\u00f3rio. Destacou que \u201cos passadi\u00e7os foram implementados com a preocupa\u00e7\u00e3o de causar o menor impacto visual poss\u00edvel e preserva\u00e7\u00e3o dos elementos naturais ao longo do percurso, tratando-se de uma valoriza\u00e7\u00e3o do patrim\u00f3nio natural desta regi\u00e3o\u201d.<\/p>\n<div id=\"attachment_25075\" style=\"width: 510px\" class=\"wp-caption alignleft\"><img loading=\"lazy\" decoding=\"async\" aria-describedby=\"caption-attachment-25075\" class=\"wp-image-25075 size-full\" src=\"https:\/\/tintafresca.net\/wp-content\/uploads\/2023\/02\/PG_Claudia-Avelar10.jpg\" alt=\"\" width=\"500\" height=\"375\" srcset=\"https:\/\/tintafresca.net\/wp-content\/uploads\/2023\/02\/PG_Claudia-Avelar10.jpg 500w, https:\/\/tintafresca.net\/wp-content\/uploads\/2023\/02\/PG_Claudia-Avelar10-300x225.jpg 300w\" sizes=\"auto, (max-width: 500px) 100vw, 500px\" \/><p id=\"caption-attachment-25075\" class=\"wp-caption-text\">Cl\u00e1udia Avelar com o rio Z\u00eazere em fundo<\/p><\/div>\n<p>\u201cEste percurso pedestre representa uma enorme riqueza para a Regi\u00e3o Norte do Distrito de Leiria, um lugar fascinante e convidativo onde a nova acessibilidade proporcionada pelos passadi\u00e7os vai, certamente, transformar este espa\u00e7o ed\u00edlico numa visita obrigat\u00f3ria. Pedrog\u00e3o Grande tem agora mais uma raz\u00e3o para ser visitada\u201d, afirmou Cl\u00e1udia Avelar.<\/p>\n<p>&#8220;Pedr\u00f3g\u00e3o Grande ficou maior&#8221;, afirmou tamb\u00e9m Margarida Guedes, membro da CPD da Federa\u00e7\u00e3o Distrital de Leiria das Mulheres Socialistas e l\u00edder da Bancada do PS de Pedr\u00f3g\u00e3o Grande, uma frase simples que espelha a dimens\u00e3o desta obra.<\/p>\n<p>Integrado ao fundo do Monte Nossa Sra. dos Milagres, em conflu\u00eancia da Ribeira de Pera e rio Z\u00eazere, o passadi\u00e7o foi constru\u00eddo em torno das escarpas do Penedo do Granada e constitui um verdadeiro observat\u00f3rio da paisagem do Cabril.<\/p>\n<p>Ao longo de uma extens\u00e3o de 1,5 km o utilizador pode fruir de uma paisagem \u00edmpar, em estreita e direta comunh\u00e3o com a natureza, naquele que \u00e9 um dos mais belos destinos tur\u00edsticos do concelho de Pedrog\u00e3o Grande.<\/p>\n<p>Para aceder ao in\u00edcio do percurso os visitantes dever\u00e3o seguir a estrada nacional n.\u00ba2, em frente \u00e0 Serra\u00e7\u00e3o, entre o km 324 e o km 325.<\/p>\n<p>Fonte: EFMS|Leiria<\/p>\n","protected":false},"excerpt":{"rendered":"<p>A tarde de 25 de fevereiro ficou marcada pela inaugura\u00e7\u00e3o do Passadi\u00e7o do Penedo do Granada, localizado na Freguesia e Concelho de Pedrog\u00e3o Grande, distrito de Leiria. Na cerim\u00f3nia inaugural que percorreu o passadi\u00e7o, liderada pela presidente da Freguesia de Pedrog\u00e3o Grande, Maria de F\u00e1tima Sim\u00f5es Neves, participaram Cl\u00e1udia Avelar, presidente da Estrutura Federativa de [&hellip;]<\/p>\n","protected":false},"author":2,"featured_media":25077,"comment_status":"open","ping_status":"open","sticky":false,"template":"","format":"standard","meta":{"footnotes":""},"categories":[9],"tags":[],"class_list":["post-25071","post","type-post","status-publish","format-standard","has-post-thumbnail","hentry","category-ambiente"],"_links":{"self":[{"href":"https:\/\/tintafresca.net\/index.php\/wp-json\/wp\/v2\/posts\/25071","targetHints":{"allow":["GET"]}}],"collection":[{"href":"https:\/\/tintafresca.net\/index.php\/wp-json\/wp\/v2\/posts"}],"about":[{"href":"https:\/\/tintafresca.net\/index.php\/wp-json\/wp\/v2\/types\/post"}],"author":[{"embeddable":true,"href":"https:\/\/tintafresca.net\/index.php\/wp-json\/wp\/v2\/users\/2"}],"replies":[{"embeddable":true,"href":"https:\/\/tintafresca.net\/index.php\/wp-json\/wp\/v2\/comments?post=25071"}],"version-history":[{"count":5,"href":"https:\/\/tintafresca.net\/index.php\/wp-json\/wp\/v2\/posts\/25071\/revisions"}],"predecessor-version":[{"id":25080,"href":"https:\/\/tintafresca.net\/index.php\/wp-json\/wp\/v2\/posts\/25071\/revisions\/25080"}],"wp:featuredmedia":[{"embeddable":true,"href":"https:\/\/tintafresca.net\/index.php\/wp-json\/wp\/v2\/media\/25077"}],"wp:attachment":[{"href":"https:\/\/tintafresca.net\/index.php\/wp-json\/wp\/v2\/media?parent=25071"}],"wp:term":[{"taxonomy":"category","embeddable":true,"href":"https:\/\/tintafresca.net\/index.php\/wp-json\/wp\/v2\/categories?post=25071"},{"taxonomy":"post_tag","embeddable":true,"href":"https:\/\/tintafresca.net\/index.php\/wp-json\/wp\/v2\/tags?post=25071"}],"curies":[{"name":"wp","href":"https:\/\/api.w.org\/{rel}","templated":true}]}}