{"id":25089,"date":"2023-02-27T18:17:16","date_gmt":"2023-02-27T18:17:16","guid":{"rendered":"https:\/\/tintafresca.net\/?p=25089"},"modified":"2023-02-27T18:17:16","modified_gmt":"2023-02-27T18:17:16","slug":"santarem-apresenta-projeto-do-novo-aeroporto-na-bolsa-de-turismo-de-lisboa","status":"publish","type":"post","link":"https:\/\/tintafresca.net\/index.php\/2023\/02\/27\/santarem-apresenta-projeto-do-novo-aeroporto-na-bolsa-de-turismo-de-lisboa\/","title":{"rendered":"Santar\u00e9m apresenta projeto do novo aeroporto na Bolsa de Turismo de Lisboa"},"content":{"rendered":"<div id=\"attachment_25091\" style=\"width: 510px\" class=\"wp-caption alignleft\"><img loading=\"lazy\" decoding=\"async\" aria-describedby=\"caption-attachment-25091\" class=\"wp-image-25091 size-full\" src=\"https:\/\/tintafresca.net\/wp-content\/uploads\/2023\/02\/Santarem_programa-BTL10.jpg\" alt=\"\" width=\"500\" height=\"500\" srcset=\"https:\/\/tintafresca.net\/wp-content\/uploads\/2023\/02\/Santarem_programa-BTL10.jpg 500w, https:\/\/tintafresca.net\/wp-content\/uploads\/2023\/02\/Santarem_programa-BTL10-300x300.jpg 300w, https:\/\/tintafresca.net\/wp-content\/uploads\/2023\/02\/Santarem_programa-BTL10-150x150.jpg 150w\" sizes=\"auto, (max-width: 500px) 100vw, 500px\" \/><p id=\"caption-attachment-25091\" class=\"wp-caption-text\">Cartaz<\/p><\/div>\n<p>O Munic\u00edpio de Santar\u00e9m volta a marcar presen\u00e7a na Bolsa de Turismo de Lisboa \u2013 BTL, na FIL de 1 a 5 de mar\u00e7o, no pavilh\u00e3o 2.<\/p>\n<p>Nesta que \u00e9 a maior e melhor montra da oferta tur\u00edstica nacional e de enorme reconhecimento internacional, o Munic\u00edpio e os promotores do Projeto Magellan 500 prepararam para o dia da inaugura\u00e7\u00e3o, pelas 16h00, uma apresenta\u00e7\u00e3o in\u00e9dita sobre a constru\u00e7\u00e3o do novo aeroporto em Santar\u00e9m. A presen\u00e7a dos promotores na BTL vai permitir explicar as inova\u00e7\u00f5es deste projeto de iniciativa privada, assim como os novos desenvolvimentos face ao projeto inicial.<\/p>\n<p>Este investimento no Concelho vai trazer mais turistas para Santar\u00e9m e, consequentemente, s\u00e3o necess\u00e1rios mais empreendimentos tur\u00edsticos. Neste sentido, pelas 17h00, tem lugar a confer\u00eancia de apresenta\u00e7\u00e3o dos novos empreendimentos aprovados pela C\u00e2mara Municipal de Santar\u00e9m.<\/p>\n<p>Ainda no dia 1 de mar\u00e7o, vai ser lan\u00e7ado o novo material de promo\u00e7\u00e3o tur\u00edstica do Concelho de Santar\u00e9m que integra as atividades e os empreendimentos do Concelho para que os potenciais viajantes conhe\u00e7am os pontos de interesse e planifiquem a sua visita, tendo em conta os atrativos naturais, hist\u00f3ricos e culturais de Santar\u00e9m.<\/p>\n<p>Ao longo do dia, o stand do Munic\u00edpio, dedicado \u00e0 promo\u00e7\u00e3o tur\u00edstica do Concelho, vai estar de portas abertas ao ensino tur\u00edstico com a presen\u00e7a da Escola Profissional Vale do Tejo, de portas abertas ao alojamento tur\u00edstico com a apresenta\u00e7\u00e3o da Quinta da Cabrita, de portas abertas aos produtores dos Queijos da Quinta com degusta\u00e7\u00f5es e ao Gin Gotik com demonstra\u00e7\u00e3o de cocktails e de portas abertas ao enoturismo com a apresenta\u00e7\u00e3o da Quinta do Arrobe e provas de vinho.<\/p>\n<p>Durante os cincos dias, o Munic\u00edpio proporciona a todos apresenta\u00e7\u00f5es e experi\u00eancias de promo\u00e7\u00e3o tur\u00edsticas onde d\u00e1 a conhecer as propostas irresist\u00edveis para visitar e tornar Santar\u00e9m um destino tur\u00edstico de elei\u00e7\u00e3o.<\/p>\n<p>Fonte:<\/p>\n<p>&nbsp;<\/p>\n","protected":false},"excerpt":{"rendered":"<p>O Munic\u00edpio de Santar\u00e9m volta a marcar presen\u00e7a na Bolsa de Turismo de Lisboa \u2013 BTL, na FIL de 1 a 5 de mar\u00e7o, no pavilh\u00e3o 2. Nesta que \u00e9 a maior e melhor montra da oferta tur\u00edstica nacional e de enorme reconhecimento internacional, o Munic\u00edpio e os promotores do Projeto Magellan 500 prepararam para [&hellip;]<\/p>\n","protected":false},"author":2,"featured_media":25092,"comment_status":"open","ping_status":"open","sticky":false,"template":"","format":"standard","meta":{"footnotes":""},"categories":[7],"tags":[],"class_list":["post-25089","post","type-post","status-publish","format-standard","has-post-thumbnail","hentry","category-economia"],"_links":{"self":[{"href":"https:\/\/tintafresca.net\/index.php\/wp-json\/wp\/v2\/posts\/25089","targetHints":{"allow":["GET"]}}],"collection":[{"href":"https:\/\/tintafresca.net\/index.php\/wp-json\/wp\/v2\/posts"}],"about":[{"href":"https:\/\/tintafresca.net\/index.php\/wp-json\/wp\/v2\/types\/post"}],"author":[{"embeddable":true,"href":"https:\/\/tintafresca.net\/index.php\/wp-json\/wp\/v2\/users\/2"}],"replies":[{"embeddable":true,"href":"https:\/\/tintafresca.net\/index.php\/wp-json\/wp\/v2\/comments?post=25089"}],"version-history":[{"count":2,"href":"https:\/\/tintafresca.net\/index.php\/wp-json\/wp\/v2\/posts\/25089\/revisions"}],"predecessor-version":[{"id":25093,"href":"https:\/\/tintafresca.net\/index.php\/wp-json\/wp\/v2\/posts\/25089\/revisions\/25093"}],"wp:featuredmedia":[{"embeddable":true,"href":"https:\/\/tintafresca.net\/index.php\/wp-json\/wp\/v2\/media\/25092"}],"wp:attachment":[{"href":"https:\/\/tintafresca.net\/index.php\/wp-json\/wp\/v2\/media?parent=25089"}],"wp:term":[{"taxonomy":"category","embeddable":true,"href":"https:\/\/tintafresca.net\/index.php\/wp-json\/wp\/v2\/categories?post=25089"},{"taxonomy":"post_tag","embeddable":true,"href":"https:\/\/tintafresca.net\/index.php\/wp-json\/wp\/v2\/tags?post=25089"}],"curies":[{"name":"wp","href":"https:\/\/api.w.org\/{rel}","templated":true}]}}