{"id":25141,"date":"2023-03-01T09:53:11","date_gmt":"2023-03-01T09:53:11","guid":{"rendered":"https:\/\/tintafresca.net\/?p=25141"},"modified":"2023-03-02T14:16:13","modified_gmt":"2023-03-02T14:16:13","slug":"cim-concessiona-transportes-publicos-da-regiao-de-leiria-a-rodoviaria-do-tejo","status":"publish","type":"post","link":"https:\/\/tintafresca.net\/index.php\/2023\/03\/01\/cim-concessiona-transportes-publicos-da-regiao-de-leiria-a-rodoviaria-do-tejo\/","title":{"rendered":"CIM concessiona transportes p\u00fablicos da regi\u00e3o de Leiria \u00e0 Rodovi\u00e1ria do Tejo"},"content":{"rendered":"<div id=\"attachment_25144\" style=\"width: 410px\" class=\"wp-caption alignleft\"><img loading=\"lazy\" decoding=\"async\" aria-describedby=\"caption-attachment-25144\" class=\"wp-image-25144\" src=\"https:\/\/tintafresca.net\/wp-content\/uploads\/2023\/03\/Leiria_Rodoviaria10.jpg\" alt=\"\" width=\"400\" height=\"533\" srcset=\"https:\/\/tintafresca.net\/wp-content\/uploads\/2023\/03\/Leiria_Rodoviaria10.jpg 500w, https:\/\/tintafresca.net\/wp-content\/uploads\/2023\/03\/Leiria_Rodoviaria10-225x300.jpg 225w\" sizes=\"auto, (max-width: 400px) 100vw, 400px\" \/><p id=\"caption-attachment-25144\" class=\"wp-caption-text\">Esta\u00e7\u00e3o rodovi\u00e1ria de Leiria<\/p><\/div>\n<p>A Comunidade Intermunicipal da Regi\u00e3o de Leiria (CIMRL) decidiu adjudicar a concess\u00e3o do servi\u00e7o de transportes p\u00fablicos, que vai servir dez munic\u00edpios, a uma empresa portuguesa do grupo Rodovi\u00e1ria do Tejo S.A., por um per\u00edodo de 4 anos e que representa uma opera\u00e7\u00e3o superior a 25 milh\u00f5es de euros.<\/p>\n<p>A decis\u00e3o de adjudica\u00e7\u00e3o da concess\u00e3o do servi\u00e7o de transporte rodovi\u00e1rio de passageiros na regi\u00e3o de Leiria decorreu no final do m\u00eas de fevereiro, na sede da CIMRL, em Leiria, representando no imediato um investimento direto dos munic\u00edpios de 1,2 milh\u00f5es euros para moderniza\u00e7\u00e3o do servi\u00e7o e melhorar a efici\u00eancia ambiental do transporte p\u00fablico.<\/p>\n<p>A concess\u00e3o resulta de Concurso p\u00fablico internacional para a contrata\u00e7\u00e3o da explora\u00e7\u00e3o do servi\u00e7o p\u00fablico de transporte de passageiros, em modo rodovi\u00e1rio, na Regi\u00e3o de Leiria, e finaliza um processo iniciado h\u00e1 mais de tr\u00eas anos, em 2 de dezembro de 2019.<\/p>\n<p>O objetivo dos 10 munic\u00edpios que integram a CIM da Regi\u00e3o de Leiria \u00e9 \u201cassegurar um sistema de transportes p\u00fablicos adequado \u00e0s necessidades de transporte das popula\u00e7\u00f5es\u201d, incluindo o servi\u00e7o de transporte p\u00fablico regular de passageiros de \u00e2mbito municipal, intermunicipal e inter-regional. \u201cAssim como alguns servi\u00e7os de transporte escolar especializado, novos servi\u00e7os de proximidade e a presta\u00e7\u00e3o de servi\u00e7os de transporte ocasional de passageiros em autocarro\u201d, pode ler-se na fundamenta\u00e7\u00e3o da decis\u00e3o dos autarcas da regi\u00e3o de Leiria.<\/p>\n<p>A regi\u00e3o de Leiria abrange os munic\u00edpios de Alvai\u00e1zere, Ansi\u00e3o, Batalha, Castanheira de Pera, Figueir\u00f3 dos Vinhos, Leiria, Marinha Grande, Pedrog\u00e3o Grande, Pombal e Porto de M\u00f3s, um territ\u00f3rio com 287 mil habitantes.<\/p>\n<p>Recorde-se que no ano de 2022, a Comunidade Intermunicipal da Regi\u00e3o de Leiria investiu mais de tr\u00eas milh\u00f5es de euros no apoio ao servi\u00e7o p\u00fablico de transportes de passageiros, nomeadamente em medidas de redu\u00e7\u00e3o tarif\u00e1ria, atrav\u00e9s do apoio \u00e0 aquisi\u00e7\u00e3o de passes, e no financiamento dos d\u00e9fices de explora\u00e7\u00e3o dos diversos sistemas de transportes.<\/p>\n<p>O servi\u00e7o p\u00fablico de transporte de passageiros na regi\u00e3o de Leiria \u00e9 complementado desde janeiro deste ano com o designado transporte flex\u00edvel a pedido da Comunidade Intermunicipal da Regi\u00e3o de Leiria, j\u00e1 em pleno funcionamento nos munic\u00edpios de Alvai\u00e1zere e Castanheira de P\u00eara, estendendo-se aos restantes concelhos da CIM nos pr\u00f3ximos dois anos.<\/p>\n<p><strong>\u00a0 \u00a0Fonte: CIMRL<\/strong><\/p>\n","protected":false},"excerpt":{"rendered":"<p>A Comunidade Intermunicipal da Regi\u00e3o de Leiria (CIMRL) decidiu adjudicar a concess\u00e3o do servi\u00e7o de transportes p\u00fablicos, que vai servir dez munic\u00edpios, a uma empresa portuguesa do grupo Rodovi\u00e1ria do Tejo S.A., por um per\u00edodo de 4 anos e que representa uma opera\u00e7\u00e3o superior a 25 milh\u00f5es de euros. A decis\u00e3o de adjudica\u00e7\u00e3o da concess\u00e3o [&hellip;]<\/p>\n","protected":false},"author":2,"featured_media":25145,"comment_status":"open","ping_status":"open","sticky":false,"template":"","format":"standard","meta":{"footnotes":""},"categories":[7],"tags":[],"class_list":["post-25141","post","type-post","status-publish","format-standard","has-post-thumbnail","hentry","category-economia"],"_links":{"self":[{"href":"https:\/\/tintafresca.net\/index.php\/wp-json\/wp\/v2\/posts\/25141","targetHints":{"allow":["GET"]}}],"collection":[{"href":"https:\/\/tintafresca.net\/index.php\/wp-json\/wp\/v2\/posts"}],"about":[{"href":"https:\/\/tintafresca.net\/index.php\/wp-json\/wp\/v2\/types\/post"}],"author":[{"embeddable":true,"href":"https:\/\/tintafresca.net\/index.php\/wp-json\/wp\/v2\/users\/2"}],"replies":[{"embeddable":true,"href":"https:\/\/tintafresca.net\/index.php\/wp-json\/wp\/v2\/comments?post=25141"}],"version-history":[{"count":3,"href":"https:\/\/tintafresca.net\/index.php\/wp-json\/wp\/v2\/posts\/25141\/revisions"}],"predecessor-version":[{"id":25146,"href":"https:\/\/tintafresca.net\/index.php\/wp-json\/wp\/v2\/posts\/25141\/revisions\/25146"}],"wp:featuredmedia":[{"embeddable":true,"href":"https:\/\/tintafresca.net\/index.php\/wp-json\/wp\/v2\/media\/25145"}],"wp:attachment":[{"href":"https:\/\/tintafresca.net\/index.php\/wp-json\/wp\/v2\/media?parent=25141"}],"wp:term":[{"taxonomy":"category","embeddable":true,"href":"https:\/\/tintafresca.net\/index.php\/wp-json\/wp\/v2\/categories?post=25141"},{"taxonomy":"post_tag","embeddable":true,"href":"https:\/\/tintafresca.net\/index.php\/wp-json\/wp\/v2\/tags?post=25141"}],"curies":[{"name":"wp","href":"https:\/\/api.w.org\/{rel}","templated":true}]}}