{"id":2522,"date":"2021-03-21T22:52:33","date_gmt":"2021-03-21T22:52:33","guid":{"rendered":"https:\/\/tintafresca.net\/?p=2522"},"modified":"2021-03-21T23:08:52","modified_gmt":"2021-03-21T23:08:52","slug":"centro-de-saude-da-nazare-inaugurado-depois-de-uma-espera-de-36-anos","status":"publish","type":"post","link":"https:\/\/tintafresca.net\/index.php\/2021\/03\/21\/centro-de-saude-da-nazare-inaugurado-depois-de-uma-espera-de-36-anos\/","title":{"rendered":"Unidade de Sa\u00fade da Nazar\u00e9 inaugurada depois de uma espera de 36 anos"},"content":{"rendered":"<div id=\"attachment_2524\" style=\"width: 510px\" class=\"wp-caption alignleft\"><img loading=\"lazy\" decoding=\"async\" aria-describedby=\"caption-attachment-2524\" class=\"wp-image-2524 size-full\" src=\"https:\/\/tintafresca.net\/wp-content\/uploads\/2021\/03\/Nazare_Centro_Saude30.jpg\" alt=\"\" width=\"500\" height=\"281\" \/><p id=\"caption-attachment-2524\" class=\"wp-caption-text\">Interven\u00e7\u00e3o do primeiro-ministro Ant\u00f3nio Costa<\/p><\/div>\n<p>O primeiro-ministro inaugurou, no dia 19 de mar\u00e7o, a nova Unidade de Sa\u00fade da Nazar\u00e9. Ant\u00f3nio Costa apresentou-se acompanhado da ministra da Sa\u00fade, Marta Temido, e da ministra da Coes\u00e3o Territorial, Ana Abrunhosa, do presidente da ARS-LVT, Lu\u00eds Pisco, e da coordenadora do Agrupamento de Centros de Sa\u00fade do Oeste Norte, Ana Pisco, do presidente da Comunidade Intermunicipal do Oeste, Pedro Folgado, e da presidente da CCDR do Centro, Isabel Damasceno, autarcas, entre outras individualidades.<\/p>\n<p>Coube a Ana Pisco apresentar o novo equipamento de medicina geral e familiar baseado na l\u00f3gica da equipa da fam\u00edlia, com sete m\u00e9dicos, sete enfermeiros e seis assistentes t\u00e9cnicos, que prestar\u00e3o cuidados na doen\u00e7a cr\u00f3nica, doen\u00e7a aguda, sa\u00fade infantil, sa\u00fade da mulher e vacina\u00e7\u00e3o a cerca de 12500 utentes inscritos. A nova unidade de sa\u00fade contar\u00e1 com cuidados de sa\u00fade oral, fisioterapia e psicologia.<\/p>\n<p>A coordenadora do ACES Oeste Norte informou tamb\u00e9m que os turistas e veraneantes que demandam a Nazar\u00e9 ter\u00e3o um atendimento complementar a funcionar a partir das 20 horas durante a semana e a partir das 14 horas ao fim de semana.<\/p>\n<div id=\"attachment_2526\" style=\"width: 510px\" class=\"wp-caption alignleft\"><img loading=\"lazy\" decoding=\"async\" aria-describedby=\"caption-attachment-2526\" class=\"wp-image-2526 size-full\" src=\"https:\/\/tintafresca.net\/wp-content\/uploads\/2021\/03\/Nazare_Centro_Saude40.jpg\" alt=\"\" width=\"500\" height=\"281\" \/><p id=\"caption-attachment-2526\" class=\"wp-caption-text\">Interven\u00e7\u00e3o de Walter Chicharro<\/p><\/div>\n<p>No edif\u00edcio, ficar\u00e3o ainda instaladas a Autoridade de Sa\u00fade do concelho e a coordena\u00e7\u00e3o de cuidados continuados prestados na Rede de Cuidadores do ACES Oeste Norte, al\u00e9m da Dire\u00e7\u00e3o de internato de medicina geral e familiar do Oeste Norte, que ir\u00e1 formar os futuros m\u00e9dicos de sa\u00fade familiar da regi\u00e3o.<\/p>\n<p>Por sua vez, Walter Chicharro recordou que a nova Unidade de Sa\u00fade da Nazar\u00e9 representa um investimento de 1,4 milh\u00f5es de euros por parte do Estado Central, com recurso a fundos comunit\u00e1rios, a que acrescem cerca de 400 mil euros da C\u00e2mara Municipal da Nazar\u00e9.<\/p>\n<p>O autarca socialista associou as grandes obras do Estado na Nazar\u00e9 a governos socialistas, como o Porto da Nazar\u00e9 ao Governo de M\u00e1rio Soares ou o Centro de Sa\u00fade ao Governo de Ant\u00f3nio Costa, manifestando-se confiante de que assim ser\u00e1 tamb\u00e9m no futuro com outros grandes projetos.<\/p>\n<p>Walter Chicharro recordou que esta inaugura\u00e7\u00e3o teve lugar no Dia de Pai e dedicou esta inaugura\u00e7\u00e3o ao seu pai, tamb\u00e9m presente nesta inaugura\u00e7\u00e3o, que muito desejou esta nova infraestrutura. .<\/p>\n<div id=\"attachment_2527\" style=\"width: 510px\" class=\"wp-caption alignleft\"><img loading=\"lazy\" decoding=\"async\" aria-describedby=\"caption-attachment-2527\" class=\"wp-image-2527 size-full\" src=\"https:\/\/tintafresca.net\/wp-content\/uploads\/2021\/03\/Nazare_Centro_Saude50.jpg\" alt=\"\" width=\"500\" height=\"281\" \/><p id=\"caption-attachment-2527\" class=\"wp-caption-text\">Guichets de atendimento<\/p><\/div>\n<p>O presidente da C\u00e2mara Municipal da Nazar\u00e9 revelou que as tr\u00eas grandes \u00e1reas que movem a gest\u00e3o e planeamento municipal s\u00e3o a Sa\u00fade, Educa\u00e7\u00e3o e Economia, que ter\u00e3o tr\u00eas grandes inaugura\u00e7\u00f5es neste mandato. Assim, anunciou que muito em breve ser\u00e1 inaugurada a \u00c1rea de Localiza\u00e7\u00e3o Empresarial de Valado dos Frades, cujos lotes j\u00e1 est\u00e3o totalmente vendidos. Neste momento, conta j\u00e1 com sete empresas instaladas e cerca de 350 postos de trabalho criados.<\/p>\n<p>Ainda este ano ser\u00e1 tamb\u00e9m inaugurado o Centro Escolar de Famalic\u00e3o, um equipamento de excel\u00eancia que est\u00e1 j\u00e1 na fase final de concretiza\u00e7\u00e3o e completa a rede de centros escolares do concelho, tendo o autarca aproveitado a ocasi\u00e3o para convidar o primeiro-ministro a associar-se a estas novas inaugura\u00e7\u00f5es.<\/p>\n<p>Walter Chicharro sublinhou que \u201co concelho da Nazar\u00e9 leva o nome de Portugal cada vez mais longe, n\u00e3o s\u00f3 atrav\u00e9s das nossas ondas, mas tamb\u00e9m atrav\u00e9s do nosso peixe, das nossas frutas, dos nossos hort\u00edcolas e de tantos outros produtos de excel\u00eancia que chegam hoje aos quatro cantos do mundo.<\/p>\n<p>J\u00e1 a ministra da Sa\u00fade disse esperar que \u201cconsigamos que este centro de sa\u00fade tenha as mesmas caracter\u00edsticas da onda da Nazar\u00e9: j\u00e1 \u00e9 grande, j\u00e1 \u00e9 bonito, agora precisa de ser forte como o SNS para responder \u00e0s necessidades assistenciais da popula\u00e7\u00e3o.\u201d<\/p>\n<div id=\"attachment_2533\" style=\"width: 510px\" class=\"wp-caption alignleft\"><img loading=\"lazy\" decoding=\"async\" aria-describedby=\"caption-attachment-2533\" class=\"wp-image-2533 size-full\" src=\"https:\/\/tintafresca.net\/wp-content\/uploads\/2021\/03\/Nazare_Centro_Saude60.jpg\" alt=\"\" width=\"500\" height=\"281\" \/><p id=\"caption-attachment-2533\" class=\"wp-caption-text\">Exterior da Unidade de Sa\u00fade da Nazar\u00e9<\/p><\/div>\n<p>Marta Temido admitiu que \u201ceste foi um ano particularmente dif\u00edcil para todos os portugueses e para todos os profissionais de sa\u00fade de uma forma muito especial e, portanto, \u00e9 muito bom poder ter momentos que contrabalancem aquilo que foram as dificuldades deste ano particularmente pesado.\u201d<\/p>\n<p>A governante garantiu que o Governo quer \u201ccontinuar a contribuir para que os cuidados integrados de sa\u00fade sejam a primeira resposta do SNS \u00e0s popula\u00e7\u00f5es: porque s\u00e3o pr\u00f3ximos, porque t\u00eam respostas integradas e porque t\u00eam resposta para as fam\u00edlias e n\u00e3o h\u00e1 nada mais importante que a fam\u00edlia e vale apenas record\u00e1-lo hoje, no Dia do Pai.\u201d<\/p>\n<p>Por fim, Ant\u00f3nio Costa revelou ter recebido v\u00e1rios emails de Walter Chicharro com as fotografias das obras do Centro de Sa\u00fade durante mais de um ano, pelo que esteve sempre a par da sua evolu\u00e7\u00e3o.<\/p>\n<p>O primeiro-ministro recordou depois os \u201c1400 milh\u00f5es de euros de refor\u00e7o do investimento do SNS na \u00faltima legislatura\u201d, acrescentando que, desde 2016, s\u00e3o mais 20 mil profissionais de sa\u00fade, em termos l\u00edquidos, tendo em conta os que entraram e os que sa\u00edram.\u201d<\/p>\n<p>Ant\u00f3nio Costa salientou ainda que o Governo abriu a nova legislatura com um refor\u00e7o extraordin\u00e1rio de 900 milh\u00f5es de euros, complementados com mais 500 milh\u00f5es de euros, para enfrentar a chegada da pandemia. Para 2021, prev\u00ea que o bolo para a Sa\u00fade cres\u00e7a mais 1200 milh\u00f5es de euros. Este ano o SNS vai dispor de 12.100 milh\u00f5es de euros, que compara com os 14 mil milh\u00f5es da bazuca europeia para gastar em seis anos.<\/p>\n<p>Al\u00e9m de mais centros de sa\u00fade, Ant\u00f3nio Costa quer ter centros de sa\u00fade com mais val\u00eancias, como cadeira de dentista e servi\u00e7o de sa\u00fade mental, alargados a todo o territ\u00f3rio nacional. O Governo quer tamb\u00e9m aumentar a rede de cuidados continuados integrados, em parceria com as IPSS, Miseric\u00f3rdias e mutualidades. No \u00e2mbito do Plano de Recupera\u00e7\u00e3o e Resili\u00eancia (PRR), Ant\u00f3nio Costa anunciou ainda a cria\u00e7\u00e3o de mais de 100 unidades de cuidados de sa\u00fade prim\u00e1rios para estarem conclu\u00eddas nos pr\u00f3ximos seis anos.<\/p>\n<p><strong>\u00a0M\u00e1rio Lopes<\/strong><\/p>\n","protected":false},"excerpt":{"rendered":"<p>O primeiro-ministro inaugurou, no dia 19 de mar\u00e7o, a nova Unidade de Sa\u00fade da Nazar\u00e9. Ant\u00f3nio Costa apresentou-se acompanhado da ministra da Sa\u00fade, Marta Temido, e da ministra da Coes\u00e3o Territorial, Ana Abrunhosa, do presidente da ARS-LVT, Lu\u00eds Pisco, e da coordenadora do Agrupamento de Centros de Sa\u00fade do Oeste Norte, Ana Pisco, do presidente [&hellip;]<\/p>\n","protected":false},"author":2,"featured_media":2528,"comment_status":"open","ping_status":"open","sticky":false,"template":"","format":"standard","meta":{"footnotes":""},"categories":[6],"tags":[],"class_list":["post-2522","post","type-post","status-publish","format-standard","has-post-thumbnail","hentry","category-saude"],"_links":{"self":[{"href":"https:\/\/tintafresca.net\/index.php\/wp-json\/wp\/v2\/posts\/2522","targetHints":{"allow":["GET"]}}],"collection":[{"href":"https:\/\/tintafresca.net\/index.php\/wp-json\/wp\/v2\/posts"}],"about":[{"href":"https:\/\/tintafresca.net\/index.php\/wp-json\/wp\/v2\/types\/post"}],"author":[{"embeddable":true,"href":"https:\/\/tintafresca.net\/index.php\/wp-json\/wp\/v2\/users\/2"}],"replies":[{"embeddable":true,"href":"https:\/\/tintafresca.net\/index.php\/wp-json\/wp\/v2\/comments?post=2522"}],"version-history":[{"count":6,"href":"https:\/\/tintafresca.net\/index.php\/wp-json\/wp\/v2\/posts\/2522\/revisions"}],"predecessor-version":[{"id":2534,"href":"https:\/\/tintafresca.net\/index.php\/wp-json\/wp\/v2\/posts\/2522\/revisions\/2534"}],"wp:featuredmedia":[{"embeddable":true,"href":"https:\/\/tintafresca.net\/index.php\/wp-json\/wp\/v2\/media\/2528"}],"wp:attachment":[{"href":"https:\/\/tintafresca.net\/index.php\/wp-json\/wp\/v2\/media?parent=2522"}],"wp:term":[{"taxonomy":"category","embeddable":true,"href":"https:\/\/tintafresca.net\/index.php\/wp-json\/wp\/v2\/categories?post=2522"},{"taxonomy":"post_tag","embeddable":true,"href":"https:\/\/tintafresca.net\/index.php\/wp-json\/wp\/v2\/tags?post=2522"}],"curies":[{"name":"wp","href":"https:\/\/api.w.org\/{rel}","templated":true}]}}