{"id":25250,"date":"2023-03-04T23:53:14","date_gmt":"2023-03-04T23:53:14","guid":{"rendered":"https:\/\/tintafresca.net\/?p=25250"},"modified":"2023-03-04T23:58:15","modified_gmt":"2023-03-04T23:58:15","slug":"cdu-de-sobral-de-monte-agraco-manifesta-se-contra-o-encerramento-da-urgencia-de-pediatria-no-hospital-beatriz-angelo","status":"publish","type":"post","link":"https:\/\/tintafresca.net\/index.php\/2023\/03\/04\/cdu-de-sobral-de-monte-agraco-manifesta-se-contra-o-encerramento-da-urgencia-de-pediatria-no-hospital-beatriz-angelo\/","title":{"rendered":"CDU de Sobral de Monte Agra\u00e7o manifesta-se contra o fecho da Urg\u00eancia de Pediatria no Hospital Beatriz \u00c2ngelo"},"content":{"rendered":"<p><img loading=\"lazy\" decoding=\"async\" class=\"alignleft wp-image-25252 size-full\" src=\"https:\/\/tintafresca.net\/wp-content\/uploads\/2023\/03\/Hospital_Beatriz_angelo10.jpg\" alt=\"\" width=\"500\" height=\"281\" srcset=\"https:\/\/tintafresca.net\/wp-content\/uploads\/2023\/03\/Hospital_Beatriz_angelo10.jpg 500w, https:\/\/tintafresca.net\/wp-content\/uploads\/2023\/03\/Hospital_Beatriz_angelo10-300x169.jpg 300w\" sizes=\"auto, (max-width: 500px) 100vw, 500px\" \/>Ao tomar conhecimento do encerramento das urg\u00eancias de pediatria no Hospital Beatriz \u00c2ngelo, no per\u00edodo noturno e fins-de-semana, a CDU manifesta a sua preocupa\u00e7\u00e3o e oposi\u00e7\u00e3o a esta medida, reiterando que o Governo tem de tomar urgentemente todas as medidas necess\u00e1rias, de modo a contratar os profissionais de sa\u00fade que possibilitem assegurar os cuidados de sa\u00fade imprescind\u00edveis.<\/p>\n<p>A sa\u00edda de muitos profissionais em busca de melhores condi\u00e7\u00f5es de trabalho oferecidas pelo sector privado, continuando o Governo numa atitude de n\u00e3o querer saber, nem tomar medidas que permitam \u00e0 administra\u00e7\u00e3o deste e de qualquer hospital p\u00fablico manter o pessoal m\u00e9dico, administrativo e auxiliar, t\u00eam conduzido \u00e0 degrada\u00e7\u00e3o do servi\u00e7o de sa\u00fade prestado.<\/p>\n<p>Acresce que o Plano de Reorganiza\u00e7\u00e3o dos Servi\u00e7os s\u00f3 ser\u00e1 discutido na pr\u00f3xima semana pelo que, as urg\u00eancias nos pr\u00f3ximos dias, n\u00e3o est\u00e3o acauteladas por outros hospitais nem os pais sabem para onde levar os seus filhos em caso de doen\u00e7a.<\/p>\n<p>A CDU manifesta a sua total discord\u00e2ncia com o encerramento das urg\u00eancias pedi\u00e1tricas do Hospital Beatriz \u00c2ngelo e exige ao Governo que tome todas as medidas urgentes que permitam contratar os profissionais necess\u00e1rios para assegurar o atendimento urgente neste hospital.<\/p>\n<p>O presidente do Munic\u00edpio, Jos\u00e9 Alberto Quintino, esteve presente no dia 2 de mar\u00e7o na Concentra\u00e7\u00e3o promovida pela Comiss\u00e3o de utentes do Hospital pelas 19 horas \u00e0 porta do Hospital Beatriz \u00c2ngelo, em Loures.<\/p>\n","protected":false},"excerpt":{"rendered":"<p>Ao tomar conhecimento do encerramento das urg\u00eancias de pediatria no Hospital Beatriz \u00c2ngelo, no per\u00edodo noturno e fins-de-semana, a CDU manifesta a sua preocupa\u00e7\u00e3o e oposi\u00e7\u00e3o a esta medida, reiterando que o Governo tem de tomar urgentemente todas as medidas necess\u00e1rias, de modo a contratar os profissionais de sa\u00fade que possibilitem assegurar os cuidados de [&hellip;]<\/p>\n","protected":false},"author":2,"featured_media":25253,"comment_status":"open","ping_status":"open","sticky":false,"template":"","format":"standard","meta":{"footnotes":""},"categories":[6],"tags":[],"class_list":["post-25250","post","type-post","status-publish","format-standard","has-post-thumbnail","hentry","category-saude"],"_links":{"self":[{"href":"https:\/\/tintafresca.net\/index.php\/wp-json\/wp\/v2\/posts\/25250","targetHints":{"allow":["GET"]}}],"collection":[{"href":"https:\/\/tintafresca.net\/index.php\/wp-json\/wp\/v2\/posts"}],"about":[{"href":"https:\/\/tintafresca.net\/index.php\/wp-json\/wp\/v2\/types\/post"}],"author":[{"embeddable":true,"href":"https:\/\/tintafresca.net\/index.php\/wp-json\/wp\/v2\/users\/2"}],"replies":[{"embeddable":true,"href":"https:\/\/tintafresca.net\/index.php\/wp-json\/wp\/v2\/comments?post=25250"}],"version-history":[{"count":3,"href":"https:\/\/tintafresca.net\/index.php\/wp-json\/wp\/v2\/posts\/25250\/revisions"}],"predecessor-version":[{"id":25255,"href":"https:\/\/tintafresca.net\/index.php\/wp-json\/wp\/v2\/posts\/25250\/revisions\/25255"}],"wp:featuredmedia":[{"embeddable":true,"href":"https:\/\/tintafresca.net\/index.php\/wp-json\/wp\/v2\/media\/25253"}],"wp:attachment":[{"href":"https:\/\/tintafresca.net\/index.php\/wp-json\/wp\/v2\/media?parent=25250"}],"wp:term":[{"taxonomy":"category","embeddable":true,"href":"https:\/\/tintafresca.net\/index.php\/wp-json\/wp\/v2\/categories?post=25250"},{"taxonomy":"post_tag","embeddable":true,"href":"https:\/\/tintafresca.net\/index.php\/wp-json\/wp\/v2\/tags?post=25250"}],"curies":[{"name":"wp","href":"https:\/\/api.w.org\/{rel}","templated":true}]}}