{"id":25338,"date":"2023-03-08T11:12:55","date_gmt":"2023-03-08T11:12:55","guid":{"rendered":"https:\/\/tintafresca.net\/?p=25338"},"modified":"2023-03-08T11:27:14","modified_gmt":"2023-03-08T11:27:14","slug":"hospital-beatriz-angelo-reabre-urgencias-pediatricas-aos-fins-de-semana-das-9h-as-21h","status":"publish","type":"post","link":"https:\/\/tintafresca.net\/index.php\/2023\/03\/08\/hospital-beatriz-angelo-reabre-urgencias-pediatricas-aos-fins-de-semana-das-9h-as-21h\/","title":{"rendered":"Hospital Beatriz \u00c2ngelo reabre Urg\u00eancias Pedi\u00e1tricas aos fins de semana das 9h \u00e0s 21h"},"content":{"rendered":"<div id=\"attachment_25341\" style=\"width: 265px\" class=\"wp-caption alignleft\"><img loading=\"lazy\" decoding=\"async\" aria-describedby=\"caption-attachment-25341\" class=\"wp-image-25341 size-full\" src=\"https:\/\/tintafresca.net\/wp-content\/uploads\/2023\/03\/Hospital-Beatriz-Angelo_Loures.jpg\" alt=\"\" width=\"255\" height=\"176\" \/><p id=\"caption-attachment-25341\" class=\"wp-caption-text\">Hospital Beatriz \u00c2ngelo<\/p><\/div>\n<p>Os presidentes das C\u00e2maras Municipais de Sobral de Monte Agra\u00e7o, Loures, Odivelas e Mafra e o ministro da Sa\u00fade reuniram esta ter\u00e7a-feira, dia 7 de mar\u00e7o, tendo sido assumido, por parte da tutela, o compromisso de reabrir as Urg\u00eancias Pedi\u00e1tricas do Hospital Beatriz \u00c2ngelo durante o fim de semana, das 9h \u00e0s 21h, e realizar uma nova reuni\u00e3o para discutir o futuro do servi\u00e7o prestado nesta unidade hospitalar, at\u00e9 ao fim do corrente m\u00eas.<\/p>\n<p>O presidente da C\u00e2mara Municipal de Sobral de Monte Agra\u00e7o, Jos\u00e9 Alberto Quintino, reiterou a sua preocupa\u00e7\u00e3o pela instabilidade verificada e pela falta de um prazo para a regulariza\u00e7\u00e3o do servi\u00e7o de urg\u00eancias pedi\u00e1tricas do Hospital Beatriz \u00c2ngelo. \u201cContinuarei empenhado na defesa da melhoria do servi\u00e7o prestado nesta unidade hospitalar da responsabilidade do Minist\u00e9rio da Sa\u00fade\u201d, adiantou.<\/p>\n<p>A vereadora do Munic\u00edpio de Sobral de Monte Agra\u00e7o, Carla Alves, com o pelouro da Sa\u00fade, tamb\u00e9m esteve presente na reuni\u00e3o.<\/p>\n<p><strong>\u00a0Fonte: GCI|CMSMA<\/strong><\/p>\n","protected":false},"excerpt":{"rendered":"<p>Os presidentes das C\u00e2maras Municipais de Sobral de Monte Agra\u00e7o, Loures, Odivelas e Mafra e o ministro da Sa\u00fade reuniram esta ter\u00e7a-feira, dia 7 de mar\u00e7o, tendo sido assumido, por parte da tutela, o compromisso de reabrir as Urg\u00eancias Pedi\u00e1tricas do Hospital Beatriz \u00c2ngelo durante o fim de semana, das 9h \u00e0s 21h, e realizar [&hellip;]<\/p>\n","protected":false},"author":2,"featured_media":25342,"comment_status":"open","ping_status":"open","sticky":false,"template":"","format":"standard","meta":{"footnotes":""},"categories":[6],"tags":[],"class_list":["post-25338","post","type-post","status-publish","format-standard","has-post-thumbnail","hentry","category-saude"],"_links":{"self":[{"href":"https:\/\/tintafresca.net\/index.php\/wp-json\/wp\/v2\/posts\/25338","targetHints":{"allow":["GET"]}}],"collection":[{"href":"https:\/\/tintafresca.net\/index.php\/wp-json\/wp\/v2\/posts"}],"about":[{"href":"https:\/\/tintafresca.net\/index.php\/wp-json\/wp\/v2\/types\/post"}],"author":[{"embeddable":true,"href":"https:\/\/tintafresca.net\/index.php\/wp-json\/wp\/v2\/users\/2"}],"replies":[{"embeddable":true,"href":"https:\/\/tintafresca.net\/index.php\/wp-json\/wp\/v2\/comments?post=25338"}],"version-history":[{"count":3,"href":"https:\/\/tintafresca.net\/index.php\/wp-json\/wp\/v2\/posts\/25338\/revisions"}],"predecessor-version":[{"id":25343,"href":"https:\/\/tintafresca.net\/index.php\/wp-json\/wp\/v2\/posts\/25338\/revisions\/25343"}],"wp:featuredmedia":[{"embeddable":true,"href":"https:\/\/tintafresca.net\/index.php\/wp-json\/wp\/v2\/media\/25342"}],"wp:attachment":[{"href":"https:\/\/tintafresca.net\/index.php\/wp-json\/wp\/v2\/media?parent=25338"}],"wp:term":[{"taxonomy":"category","embeddable":true,"href":"https:\/\/tintafresca.net\/index.php\/wp-json\/wp\/v2\/categories?post=25338"},{"taxonomy":"post_tag","embeddable":true,"href":"https:\/\/tintafresca.net\/index.php\/wp-json\/wp\/v2\/tags?post=25338"}],"curies":[{"name":"wp","href":"https:\/\/api.w.org\/{rel}","templated":true}]}}