{"id":25624,"date":"2023-03-18T12:08:13","date_gmt":"2023-03-18T12:08:13","guid":{"rendered":"https:\/\/tintafresca.net\/?p=25624"},"modified":"2023-03-18T12:18:48","modified_gmt":"2023-03-18T12:18:48","slug":"pombal-investe-225-milhoes-de-euros-na-melhoria-habitacional-de-193-familias","status":"publish","type":"post","link":"https:\/\/tintafresca.net\/index.php\/2023\/03\/18\/pombal-investe-225-milhoes-de-euros-na-melhoria-habitacional-de-193-familias\/","title":{"rendered":"Pombal investe 22,5 milh\u00f5es de euros na melhoria habitacional de 193 fam\u00edlias"},"content":{"rendered":"<div id=\"attachment_25626\" style=\"width: 230px\" class=\"wp-caption alignleft\"><img loading=\"lazy\" decoding=\"async\" aria-describedby=\"caption-attachment-25626\" class=\"wp-image-25626 size-full\" src=\"https:\/\/tintafresca.net\/wp-content\/uploads\/2023\/03\/Pombal_rua10.png\" alt=\"\" width=\"220\" height=\"359\" srcset=\"https:\/\/tintafresca.net\/wp-content\/uploads\/2023\/03\/Pombal_rua10.png 220w, https:\/\/tintafresca.net\/wp-content\/uploads\/2023\/03\/Pombal_rua10-184x300.png 184w\" sizes=\"auto, (max-width: 220px) 100vw, 220px\" \/><p id=\"caption-attachment-25626\" class=\"wp-caption-text\">Pombal<\/p><\/div>\n<p>O Instituto da Habita\u00e7\u00e3o e da Reabilita\u00e7\u00e3o Urbana (IHRU) aprovou a Estrat\u00e9gia Local de Habita\u00e7\u00e3o (ELH) do Munic\u00edpio de Pombal, no \u00e2mbito do 1\u00ba Direito \u2013 Programa de Apoio ao Acesso \u00e0 Habita\u00e7\u00e3o, que visa apoiar 193 agregados familiares, correspondente a 459 pessoas, que vivem em condi\u00e7\u00f5es habitacionais indignas no concelho.<\/p>\n<p>O acordo de colabora\u00e7\u00e3o a celebrar entre as suas entidades prev\u00ea um investimento total de cerca de 22,5 milh\u00f5es de euros. Para o efeito, o IHRU disponibilizar\u00e1 um financiamento no montante de 18 milh\u00f5es de euros, sendo 7,6 milh\u00f5es de euros concedidos sob a forma de comparticipa\u00e7\u00f5es financeiras n\u00e3o reembols\u00e1veis e 10,4 milh\u00f5es de euros a t\u00edtulo de empr\u00e9stimo bonificado.<\/p>\n<p>Em fun\u00e7\u00e3o das necessidades habitacionais das pessoas e dos agregados familiares identificados, o munic\u00edpio prop\u00f5e-se promover diretamente v\u00e1rias solu\u00e7\u00f5es habitacionais, como reabilita\u00e7\u00e3o de fra\u00e7\u00f5es ou de pr\u00e9dios habitacionais; constru\u00e7\u00e3o de pr\u00e9dios ou empreendimentos habitacionais; e, aquisi\u00e7\u00e3o de fra\u00e7\u00f5es ou pr\u00e9dios para destinar a habita\u00e7\u00e3o.<\/p>\n<p>O acordo de colabora\u00e7\u00e3o, agora aprovado pelo IHRU, surge depois de o Munic\u00edpio de Pombal ter remetido a sua Estrat\u00e9gia Local de Habita\u00e7\u00e3o, aprovado em dezembro de 2021 e na qual est\u00e3o sinalizadas as situa\u00e7\u00f5es de car\u00eancia habitacional existentes no seu territ\u00f3rio e definidas as solu\u00e7\u00f5es habitacionais nas quais se devem enquadrar todos os pedidos de apoio ao abrigo do 1\u00ba Direito.<\/p>\n<p>De referir que o munic\u00edpio deu in\u00edcio no ano de 2020 \u00e0 recolha de dados com vista \u00e0 elabora\u00e7\u00e3o de um Diagn\u00f3stico que permitisse identificar agregados familiares residentes no concelho de Pombal que residem em condi\u00e7\u00f5es consideradas indignas para o Instituto da Habita\u00e7\u00e3o e Reabilita\u00e7\u00e3o Urbana (IHRU).<\/p>\n<p>Tratou-se de um processo participado pelos diversos atores sociais do territ\u00f3rio, tendo-se verificado um trabalho conjunto e prof\u00edcuo entre o munic\u00edpio, as Comiss\u00f5es Sociais de Freguesia e Interfreguesias e com o Instituto de Seguran\u00e7a Social, I.P.<\/p>\n<p>Fruto desse trabalho de parceira, o referido Diagn\u00f3stico foi finalizado em julho de 2020 e permitiu avan\u00e7ar para uma fase seguinte, que consistiu na elabora\u00e7\u00e3o da Estrat\u00e9gia Local de Habita\u00e7\u00e3o de Pombal, tendo sido dada continuidade<\/p>\n","protected":false},"excerpt":{"rendered":"<p>O Instituto da Habita\u00e7\u00e3o e da Reabilita\u00e7\u00e3o Urbana (IHRU) aprovou a Estrat\u00e9gia Local de Habita\u00e7\u00e3o (ELH) do Munic\u00edpio de Pombal, no \u00e2mbito do 1\u00ba Direito \u2013 Programa de Apoio ao Acesso \u00e0 Habita\u00e7\u00e3o, que visa apoiar 193 agregados familiares, correspondente a 459 pessoas, que vivem em condi\u00e7\u00f5es habitacionais indignas no concelho. O acordo de colabora\u00e7\u00e3o [&hellip;]<\/p>\n","protected":false},"author":2,"featured_media":25627,"comment_status":"open","ping_status":"open","sticky":false,"template":"","format":"standard","meta":{"footnotes":""},"categories":[7,11],"tags":[],"class_list":["post-25624","post","type-post","status-publish","format-standard","has-post-thumbnail","hentry","category-economia","category-sociedade"],"_links":{"self":[{"href":"https:\/\/tintafresca.net\/index.php\/wp-json\/wp\/v2\/posts\/25624","targetHints":{"allow":["GET"]}}],"collection":[{"href":"https:\/\/tintafresca.net\/index.php\/wp-json\/wp\/v2\/posts"}],"about":[{"href":"https:\/\/tintafresca.net\/index.php\/wp-json\/wp\/v2\/types\/post"}],"author":[{"embeddable":true,"href":"https:\/\/tintafresca.net\/index.php\/wp-json\/wp\/v2\/users\/2"}],"replies":[{"embeddable":true,"href":"https:\/\/tintafresca.net\/index.php\/wp-json\/wp\/v2\/comments?post=25624"}],"version-history":[{"count":2,"href":"https:\/\/tintafresca.net\/index.php\/wp-json\/wp\/v2\/posts\/25624\/revisions"}],"predecessor-version":[{"id":25628,"href":"https:\/\/tintafresca.net\/index.php\/wp-json\/wp\/v2\/posts\/25624\/revisions\/25628"}],"wp:featuredmedia":[{"embeddable":true,"href":"https:\/\/tintafresca.net\/index.php\/wp-json\/wp\/v2\/media\/25627"}],"wp:attachment":[{"href":"https:\/\/tintafresca.net\/index.php\/wp-json\/wp\/v2\/media?parent=25624"}],"wp:term":[{"taxonomy":"category","embeddable":true,"href":"https:\/\/tintafresca.net\/index.php\/wp-json\/wp\/v2\/categories?post=25624"},{"taxonomy":"post_tag","embeddable":true,"href":"https:\/\/tintafresca.net\/index.php\/wp-json\/wp\/v2\/tags?post=25624"}],"curies":[{"name":"wp","href":"https:\/\/api.w.org\/{rel}","templated":true}]}}