{"id":25787,"date":"2023-03-24T09:10:59","date_gmt":"2023-03-24T09:10:59","guid":{"rendered":"https:\/\/tintafresca.net\/?p=25787"},"modified":"2023-03-24T09:16:31","modified_gmt":"2023-03-24T09:16:31","slug":"camara-de-tomar-investe-25-milhoes-de-euros-na-requalificacao-da-zona-do-flecheiro","status":"publish","type":"post","link":"https:\/\/tintafresca.net\/index.php\/2023\/03\/24\/camara-de-tomar-investe-25-milhoes-de-euros-na-requalificacao-da-zona-do-flecheiro\/","title":{"rendered":"C\u00e2mara de Tomar investe 2,5 milh\u00f5es de euros na requalifica\u00e7\u00e3o da zona do Flecheiro"},"content":{"rendered":"<div id=\"attachment_25789\" style=\"width: 510px\" class=\"wp-caption alignleft\"><img loading=\"lazy\" decoding=\"async\" aria-describedby=\"caption-attachment-25789\" class=\"wp-image-25789 size-full\" src=\"https:\/\/tintafresca.net\/wp-content\/uploads\/2023\/03\/Tomar_projeto_Flecheiro20.jpg\" alt=\"\" width=\"500\" height=\"333\" srcset=\"https:\/\/tintafresca.net\/wp-content\/uploads\/2023\/03\/Tomar_projeto_Flecheiro20.jpg 500w, https:\/\/tintafresca.net\/wp-content\/uploads\/2023\/03\/Tomar_projeto_Flecheiro20-300x200.jpg 300w\" sizes=\"auto, (max-width: 500px) 100vw, 500px\" \/><p id=\"caption-attachment-25789\" class=\"wp-caption-text\">Hugo Crist\u00f3v\u00e3o, Anabela Freitas e Carlos Concei\u00e7\u00e3o<\/p><\/div>\n<p>A consigna\u00e7\u00e3o da empreitada da 3\u00aa fase dos arranjos exteriores e arruamentos do Flecheiro, que envolver\u00e1 todo o espa\u00e7o hoje degradado, situado para jusante da ponte pedonal at\u00e9 \u00e0 sa\u00edda da cidade, foi assinada esta quarta-feira, dia 22 de mar\u00e7o.<\/p>\n<p>A obra vai ser executada pela empresa NOV PRO Constru\u00e7\u00f5es, SA, que apresentou ao concurso p\u00fablico uma proposta de 2.493.000 euros, e cujo prazo de execu\u00e7\u00e3o se estender\u00e1 at\u00e9 aos finais do corrente ano.<\/p>\n<p>A interven\u00e7\u00e3o, numa \u00e1rea global de mais de 36 mil metros quadrados, incidir\u00e1 na valoriza\u00e7\u00e3o da paisagem e na preven\u00e7\u00e3o das cheias, criando condi\u00e7\u00f5es privilegiadas para recreio e lazer num espa\u00e7o multifuncional e atrativo para os diferentes estratos et\u00e1rios da popula\u00e7\u00e3o, utilizando pavimentos e mobili\u00e1rio urbano resistentes \u00e0s potenciais inunda\u00e7\u00f5es provocadas pelo caudal do rio Nab\u00e3o.<\/p>\n<div id=\"attachment_25792\" style=\"width: 510px\" class=\"wp-caption alignleft\"><img loading=\"lazy\" decoding=\"async\" aria-describedby=\"caption-attachment-25792\" class=\"wp-image-25792 size-full\" src=\"https:\/\/tintafresca.net\/wp-content\/uploads\/2023\/03\/Tomar_projeto_Flecheiro10.png\" alt=\"\" width=\"500\" height=\"359\" srcset=\"https:\/\/tintafresca.net\/wp-content\/uploads\/2023\/03\/Tomar_projeto_Flecheiro10.png 500w, https:\/\/tintafresca.net\/wp-content\/uploads\/2023\/03\/Tomar_projeto_Flecheiro10-300x215.png 300w\" sizes=\"auto, (max-width: 500px) 100vw, 500px\" \/><p id=\"caption-attachment-25792\" class=\"wp-caption-text\">Planta do projeto de interven\u00e7\u00e3o<\/p><\/div>\n<p>Acima de tudo, ser\u00e1 finalmente valorizada e devolvida \u00e0 frui\u00e7\u00e3o da popula\u00e7\u00e3o e dos visitantes a entrada sul da cidade e toda a extensa zona ribeirinha da margem direita a jusante da ponte pedonal.<\/p>\n<p><strong> \u00a0Fonte: GCI|CMT<\/strong><\/p>\n","protected":false},"excerpt":{"rendered":"<p>A consigna\u00e7\u00e3o da empreitada da 3\u00aa fase dos arranjos exteriores e arruamentos do Flecheiro, que envolver\u00e1 todo o espa\u00e7o hoje degradado, situado para jusante da ponte pedonal at\u00e9 \u00e0 sa\u00edda da cidade, foi assinada esta quarta-feira, dia 22 de mar\u00e7o. A obra vai ser executada pela empresa NOV PRO Constru\u00e7\u00f5es, SA, que apresentou ao concurso [&hellip;]<\/p>\n","protected":false},"author":2,"featured_media":25791,"comment_status":"open","ping_status":"open","sticky":false,"template":"","format":"standard","meta":{"footnotes":""},"categories":[9,7],"tags":[],"class_list":["post-25787","post","type-post","status-publish","format-standard","has-post-thumbnail","hentry","category-ambiente","category-economia"],"_links":{"self":[{"href":"https:\/\/tintafresca.net\/index.php\/wp-json\/wp\/v2\/posts\/25787","targetHints":{"allow":["GET"]}}],"collection":[{"href":"https:\/\/tintafresca.net\/index.php\/wp-json\/wp\/v2\/posts"}],"about":[{"href":"https:\/\/tintafresca.net\/index.php\/wp-json\/wp\/v2\/types\/post"}],"author":[{"embeddable":true,"href":"https:\/\/tintafresca.net\/index.php\/wp-json\/wp\/v2\/users\/2"}],"replies":[{"embeddable":true,"href":"https:\/\/tintafresca.net\/index.php\/wp-json\/wp\/v2\/comments?post=25787"}],"version-history":[{"count":5,"href":"https:\/\/tintafresca.net\/index.php\/wp-json\/wp\/v2\/posts\/25787\/revisions"}],"predecessor-version":[{"id":25795,"href":"https:\/\/tintafresca.net\/index.php\/wp-json\/wp\/v2\/posts\/25787\/revisions\/25795"}],"wp:featuredmedia":[{"embeddable":true,"href":"https:\/\/tintafresca.net\/index.php\/wp-json\/wp\/v2\/media\/25791"}],"wp:attachment":[{"href":"https:\/\/tintafresca.net\/index.php\/wp-json\/wp\/v2\/media?parent=25787"}],"wp:term":[{"taxonomy":"category","embeddable":true,"href":"https:\/\/tintafresca.net\/index.php\/wp-json\/wp\/v2\/categories?post=25787"},{"taxonomy":"post_tag","embeddable":true,"href":"https:\/\/tintafresca.net\/index.php\/wp-json\/wp\/v2\/tags?post=25787"}],"curies":[{"name":"wp","href":"https:\/\/api.w.org\/{rel}","templated":true}]}}