{"id":25839,"date":"2023-03-26T10:13:44","date_gmt":"2023-03-26T10:13:44","guid":{"rendered":"https:\/\/tintafresca.net\/?p=25839"},"modified":"2023-03-26T10:21:16","modified_gmt":"2023-03-26T10:21:16","slug":"governo-defende-que-taxa-de-ocupacao-de-729-do-hospital-de-leiria-nao-justifica-ampliacao","status":"publish","type":"post","link":"https:\/\/tintafresca.net\/index.php\/2023\/03\/26\/governo-defende-que-taxa-de-ocupacao-de-729-do-hospital-de-leiria-nao-justifica-ampliacao\/","title":{"rendered":"Governo defende que taxa de ocupa\u00e7\u00e3o de 73% do Hospital de Leiria n\u00e3o justifica amplia\u00e7\u00e3o"},"content":{"rendered":"<div id=\"attachment_11443\" style=\"width: 260px\" class=\"wp-caption alignleft\"><img loading=\"lazy\" decoding=\"async\" aria-describedby=\"caption-attachment-11443\" class=\"wp-image-11443 size-full\" src=\"https:\/\/tintafresca.net\/wp-content\/uploads\/2021\/11\/CHL.png\" alt=\"\" width=\"250\" height=\"293\" \/><p id=\"caption-attachment-11443\" class=\"wp-caption-text\">Hospital de Santo Andr\u00e9<\/p><\/div>\n<p>O PSD enviou uma pergunta ao Governo no dia 31 de janeiro de 2023, sobre a Amplia\u00e7\u00e3o do Hospital de Leiria. Em resposta, o Ministro da Sa\u00fade informou, depois de ouvido o Centro Hospitalar de Leiria, EPE (CHL), que a taxa de ocupa\u00e7\u00e3o do CHL foi, em 2022, de 72,9%. Neste contexto, n\u00e3o faz parte da estrat\u00e9gia deste Centro Hospitalar a abertura de mais camas hospitalares, mas sim o incentivo \u00e0 ambulatoriza\u00e7\u00e3o de cuidados e a uma maior polival\u00eancia na ocupa\u00e7\u00e3o das camas.<\/p>\n<p>N\u00e3o obstante, est\u00e1 previsto no Plano de Atividades e Or\u00e7amento de 2023 (PAO23) a abertura em 2023 das seguintes camas: e 15camas no Hospital Distrital de Pombal (HDP), na nova Unidade de Convalescen\u00e7a, integrada na Rede Nacional de Cuidados Continuados Integrados, e 12 camas de cuidados interm\u00e9dios cir\u00fargicos, n\u00edvel Il, para apoio ao Servi\u00e7o de \u00a0Cirurgia Geral e \u00a05 camas na Unidade de Hospitaliza\u00e7\u00e3o Domicili\u00e1ria, que ficar\u00e1 com uma lota\u00e7\u00e3o de 15 camas.<\/p>\n<p>No plano de investimentos para 2023, que totaliza um montante de 17.025.383 euros, s\u00e3o inclu\u00eddos cerca de 9.750.000 euros para a \u00e1rea de obras e edif\u00edcios, dos quais cerca de 8.400.000 euros com recurso a apoio de fundos europeus, (do Portugal 2020, e, possivelmente, do Portugal 2030) e do Plano de Recupera\u00e7\u00e3o e Resili\u00eancia.<\/p>\n<p>Neste plano destacam-se os seguintes investimentos: a reabilita\u00e7\u00e3o estrutural do Servi\u00e7o de Medicina F\u00edsica e Reabilita\u00e7\u00e3o, as empreitadas de expans\u00e3o do Servi\u00e7o de Urg\u00eancia Geral e da Consulta Externa do Hospital de Santo Andr\u00e9 (HSA), a reabilita\u00e7\u00e3o e expans\u00e3o da Consulta Externa do HDP, a remodela\u00e7\u00e3o de um espa\u00e7o inativo para \u00e0 instala\u00e7\u00e3o do Servi\u00e7o de Nefrologia e da Unidade de Ambulat\u00f3rio de Gastrenterologia, a expans\u00e3o do Servi\u00e7o de Sangue e do Servi\u00e7o de Patologia Clinica, a expans\u00e3o do Hospital de Dia Polivalente e amplia\u00e7\u00e3o do espa\u00e7o dedicado \u00e0 Equipa Intra-Hospitalar de Suporte em Cuidados Paliativos no HSA, a instala\u00e7\u00e3o de sistemas autom\u00e1ticos de dete\u00e7\u00e3o de inc\u00eandios no HSA, e ainda obras estruturais para dotar os edif\u00edcios das tr\u00eas unidades hospitalares com melhores condi\u00e7\u00f5es de efici\u00eancia energ\u00e9tica e h\u00eddrica.<\/p>\n<p>O CHL conta nos seus quadros com 274 m\u00e9dicos (268 a 31 de dezembro de 2021), 852 enfermeiros (850 em 31 de dezembro de 2021), 27 t\u00e9cnicos superiores (26 no per\u00edodo anterior referido), 145 t\u00e9cnicos superiores de diagn\u00f3stico e terap\u00eautica (versus 140), 9 inform\u00e1ticos, 169 Assistentes T\u00e9cnicos e 560 Assistentes Operacionais (mais 6 que no per\u00edodo anterior referido). N\u00e3o est\u00e3o inclu\u00eddos nestes n\u00fameros os m\u00e9dicos internos, nem m\u00e9dicos com contrato de presta\u00e7\u00e3o de servi\u00e7o ou em est\u00e1gio.<\/p>\n<p>O CHL celebra contrato de trabalho ou de presta\u00e7\u00e3o de servi\u00e7os com todos os m\u00e9dicos dispon\u00edveis para suprir as necessidades identificadas. Entre junho e dezembro 2022, foi poss\u00edvel celebrar contrato individual de trabalho (CIT) com seis novos m\u00e9dicos e contrato de presta\u00e7\u00e3o de servi\u00e7os (CPS) com sete novos m\u00e9dicos. Apesar disso, por reconhecer que as suas equipas nem sempre conseguem estar dimensionadas para dar resposta ao elevado n\u00famero de utentes que recorrem ao seu Servi\u00e7o de Urg\u00eancia, o CHL teve ao servi\u00e7o, adicionalmente, mais oito m\u00e9dicos a tempo completo, com v\u00ednculo de contrato de presta\u00e7\u00e3o de servi\u00e7os, a prestar servi\u00e7o s\u00f3 no Servi\u00e7o de Urg\u00eancia.<\/p>\n<p>Em rela\u00e7\u00e3o aos doentes internados que podem ter alta hospitalar, o CHL tem, em m\u00e9dia, cerca de 10 doentes com alta cl\u00ednica a aguardar apoio social e\/ou vaga na Rede Nacional de Cuidados Continuados, trabalhando diariamente com o intuito de diminuir, e at\u00e9 mesmo, evitar a perman\u00eancia de doentes internados ap\u00f3s alta clinica, recorrendo a v\u00e1rias metodologias para combater os protelamentos de alta por motivos sociais, que se enunciam:<\/p>\n<p>&#8211; &#8220;Resposta aos pedidos de avalia\u00e7\u00e3o social, nas primeiras 24h\/48h;<\/p>\n<p>&#8211; Sinaliza\u00e7\u00e3o dos doentes para RNCCI, nas primeiras 24h, ap\u00f3s formaliza\u00e7\u00e3o do pedido ao Servi\u00e7o Social;<\/p>\n<p>&#8211; Relat\u00f3rio di\u00e1rio de doentes, com alta cl\u00ednica, referenciados \u00e0 Rede Nacional de\u00a0Cuidados Continuados;<\/p>\n<p>&#8211; &#8220;Reuni\u00f5es semanais com a Seguran\u00e7a Social para discuss\u00e3o das situa\u00e7\u00f5es sinalizadas;<\/p>\n<p>&#8211; Articula\u00e7\u00e3o direta com o Minist\u00e9rio P\u00fablico, quando apropriado;<\/p>\n<p>&#8211; Participa\u00e7\u00e3o do Servi\u00e7o Social, enquanto elemento ativo, na Equipa de Gest\u00e3o de Camas;<\/p>\n<p>&#8211; Articula\u00e7\u00e3o de proximidade com os parceiros da comunidade (reuni\u00f5es frequentes, partilha de experi\u00eancias, contacto direto\/desburocratiza\u00e7\u00e3o);<\/p>\n<p>-Articula\u00e7\u00e3o direta com a RNCCI no sentido de referenciar os doentes para qualquer prestador, sempre que as unidades de prefer\u00eancia manifestam incapacidade de resposta imediata;<\/p>\n<p>&#8211; Papel ativo na forma\u00e7\u00e3o de cuidadores de modo a capacit\u00e1-los nos cuidados ao doente no domic\u00edlio, com a realiza\u00e7\u00e3o de a\u00e7\u00f5es de forma\u00e7\u00e3o.<\/p>\n","protected":false},"excerpt":{"rendered":"<p>O PSD enviou uma pergunta ao Governo no dia 31 de janeiro de 2023, sobre a Amplia\u00e7\u00e3o do Hospital de Leiria. Em resposta, o Ministro da Sa\u00fade informou, depois de ouvido o Centro Hospitalar de Leiria, EPE (CHL), que a taxa de ocupa\u00e7\u00e3o do CHL foi, em 2022, de 72,9%. Neste contexto, n\u00e3o faz parte [&hellip;]<\/p>\n","protected":false},"author":2,"featured_media":11443,"comment_status":"open","ping_status":"open","sticky":false,"template":"","format":"standard","meta":{"footnotes":""},"categories":[6],"tags":[],"class_list":["post-25839","post","type-post","status-publish","format-standard","has-post-thumbnail","hentry","category-saude"],"_links":{"self":[{"href":"https:\/\/tintafresca.net\/index.php\/wp-json\/wp\/v2\/posts\/25839","targetHints":{"allow":["GET"]}}],"collection":[{"href":"https:\/\/tintafresca.net\/index.php\/wp-json\/wp\/v2\/posts"}],"about":[{"href":"https:\/\/tintafresca.net\/index.php\/wp-json\/wp\/v2\/types\/post"}],"author":[{"embeddable":true,"href":"https:\/\/tintafresca.net\/index.php\/wp-json\/wp\/v2\/users\/2"}],"replies":[{"embeddable":true,"href":"https:\/\/tintafresca.net\/index.php\/wp-json\/wp\/v2\/comments?post=25839"}],"version-history":[{"count":3,"href":"https:\/\/tintafresca.net\/index.php\/wp-json\/wp\/v2\/posts\/25839\/revisions"}],"predecessor-version":[{"id":25842,"href":"https:\/\/tintafresca.net\/index.php\/wp-json\/wp\/v2\/posts\/25839\/revisions\/25842"}],"wp:featuredmedia":[{"embeddable":true,"href":"https:\/\/tintafresca.net\/index.php\/wp-json\/wp\/v2\/media\/11443"}],"wp:attachment":[{"href":"https:\/\/tintafresca.net\/index.php\/wp-json\/wp\/v2\/media?parent=25839"}],"wp:term":[{"taxonomy":"category","embeddable":true,"href":"https:\/\/tintafresca.net\/index.php\/wp-json\/wp\/v2\/categories?post=25839"},{"taxonomy":"post_tag","embeddable":true,"href":"https:\/\/tintafresca.net\/index.php\/wp-json\/wp\/v2\/tags?post=25839"}],"curies":[{"name":"wp","href":"https:\/\/api.w.org\/{rel}","templated":true}]}}