{"id":25994,"date":"2023-04-01T14:07:42","date_gmt":"2023-04-01T14:07:42","guid":{"rendered":"https:\/\/tintafresca.net\/?p=25994"},"modified":"2023-04-01T23:48:17","modified_gmt":"2023-04-01T23:48:17","slug":"taxa-de-ocupacao-hoteleira-no-centro-de-portugal-e-de-50-e-ha-uma-grande-margem-de-crescimento","status":"publish","type":"post","link":"https:\/\/tintafresca.net\/index.php\/2023\/04\/01\/taxa-de-ocupacao-hoteleira-no-centro-de-portugal-e-de-50-e-ha-uma-grande-margem-de-crescimento\/","title":{"rendered":"Taxa de ocupa\u00e7\u00e3o hoteleira no Centro de Portugal \u00e9 de 50% e h\u00e1 uma grande margem de crescimento"},"content":{"rendered":"<div id=\"attachment_25996\" style=\"width: 510px\" class=\"wp-caption alignleft\"><img loading=\"lazy\" decoding=\"async\" aria-describedby=\"caption-attachment-25996\" class=\"wp-image-25996 size-full\" src=\"https:\/\/tintafresca.net\/wp-content\/uploads\/2023\/04\/Alcobaca_convencao_ARAC10.jpg\" alt=\"\" width=\"500\" height=\"333\" srcset=\"https:\/\/tintafresca.net\/wp-content\/uploads\/2023\/04\/Alcobaca_convencao_ARAC10.jpg 500w, https:\/\/tintafresca.net\/wp-content\/uploads\/2023\/04\/Alcobaca_convencao_ARAC10-300x200.jpg 300w\" sizes=\"auto, (max-width: 500px) 100vw, 500px\" \/><p id=\"caption-attachment-25996\" class=\"wp-caption-text\">Vereadora In\u00eas Silva e Nuno Fazenda, Secret\u00e1rio de Estado do Turismo, Com\u00e9rcio e Servi\u00e7os marcaram presen\u00e7a na Conven\u00e7\u00e3o da ARAC<\/p><\/div>\n<p>A IV Conven\u00e7\u00e3o Nacional da ARAC &#8211; Associa\u00e7\u00e3o Nacional dos Locadores de Ve\u00edculos juntou esta sexta-feira, dia 31 de mar\u00e7o, no Montebelo Mosteiro de Alcoba\u00e7a Historic Hotel. os principais protagonistas da atividade tur\u00edstica em Portugal.<\/p>\n<p>Pedro Machado, presidente da Turismo Centro de Portugal, considerou em Alcoba\u00e7a, que Portugal ainda disp\u00f5e de uma grande margem de crescimento ao n\u00edvel do turismo e que est\u00e3o reunidas as condi\u00e7\u00f5es para que seja um destino de refer\u00eancia a n\u00edvel internacional.<\/p>\n<p>\u201cA taxa m\u00e9dia anual de ocupa\u00e7\u00e3o, em regi\u00f5es como o Centro de Portugal, \u00e9 de 50%, o que significa que h\u00e1 uma grande margem de crescimento. Portugal recebeu 27 milh\u00f5es de turistas estrangeiros em 2019 e Espanha, aqui ao lado, recebeu 87 milh\u00f5es. Se somarmos os 10 milh\u00f5es de portugueses e os 50 milh\u00f5es de espanh\u00f3is, s\u00e3o quase 200 milh\u00f5es de potenciais consumidores que podemos atrair\u201d, justificou Pedro Machado.<\/p>\n<p>\u201cO nosso pa\u00eds goza de uma boa proje\u00e7\u00e3o internacional em mat\u00e9ria de sa\u00fade e de seguran\u00e7a e oferece a hospitalidade portuguesa, que \u00e9 reconhecida internacionalmente. Se juntarmos estes fatores ao produto tur\u00edstico que apresentamos, \u00e9 justo que tenhamos expectativas positivas sobre o crescimento da atividade tur\u00edstica\u201d, acrescentou.<\/p>\n<div id=\"attachment_25997\" style=\"width: 510px\" class=\"wp-caption alignleft\"><img loading=\"lazy\" decoding=\"async\" aria-describedby=\"caption-attachment-25997\" class=\"wp-image-25997 size-full\" src=\"https:\/\/tintafresca.net\/wp-content\/uploads\/2023\/04\/Alcobaca_convencao_ARAC30.jpg\" alt=\"\" width=\"500\" height=\"333\" srcset=\"https:\/\/tintafresca.net\/wp-content\/uploads\/2023\/04\/Alcobaca_convencao_ARAC30.jpg 500w, https:\/\/tintafresca.net\/wp-content\/uploads\/2023\/04\/Alcobaca_convencao_ARAC30-300x200.jpg 300w\" sizes=\"auto, (max-width: 500px) 100vw, 500px\" \/><p id=\"caption-attachment-25997\" class=\"wp-caption-text\">Interven\u00e7\u00e3o de Pedro Machado<\/p><\/div>\n<p>A IV Conven\u00e7\u00e3o Nacional da ARAC \u2013 a primeira fora de Lisboa \u2013 teve como tema central a \u201cMobilidade \/ Sustentabilidade \/ Digitaliza\u00e7\u00e3o\u201d. Durante todo o dia, seis pain\u00e9is de debate abordaram os novos desafios que se colocam a esta atividade.<\/p>\n<p>Os pain\u00e9is abordaram tem\u00e1ticas t\u00e3o atuais como \u201cQue Turismo amanh\u00e3? Quantos milh\u00f5es de turistas em 2027?\u201d; \u201cRegula\u00e7\u00e3o \/ Quadro legal \/ Desafios da regula\u00e7\u00e3o num setor em evolu\u00e7\u00e3o \/ Modelos de Neg\u00f3cio Digitais\u201d; \u201cTransi\u00e7\u00e3o Digital e Sustentabilidade no Ecossistema da Mobilidade\u201d; \u201cOs Desafios Laborais na Era do Digital\u201d; \u201cOs clientes mudaram? Os \u2018Millennials\u2019 e os nativos digitais\u201d; e o \u201cFuturo da Mobilidade numa Europa abalada pela Pandemia e pela Guerra\u201d.<\/p>\n<p>Al\u00e9m de Pedro Machado, intervieram nos v\u00e1rios debates: Filipe Silva, \u200dVogal do Conselho Administra\u00e7\u00e3o do Turismo de Portugal, Nuno Costa, \u200dDiretor Comercial de Avia\u00e7\u00e3o da ANA Aeroportos de Portugal, Jos\u00e9 Blanco, Chief Sales Officer do Europcar Mobility Group, Ant\u00f3nio Moura Portugal, \u200dS\u00f3cio da DLA Piper ABBC e Diretor Executivo da RENA, \u200dIsabel Oliveira, \u200dDire\u00e7\u00e3o de Regula\u00e7\u00e3o \u2013 Autoridade da Mobilidade e dos Transportes, \u200de Jo\u00e3o Jesus Caetano,\u200dPresidente do IMT \u2013 Instituto da Mobilidade e dos Transportes, e Vasco Guimar\u00e3es, \u200dProfessor da FDL \u2013 Faculdade de Direito da Universidade de Lisboa.<\/p>\n<p>Tamb\u00e9m intervenientes foram \u200dPaulo Figueiredo, Diretor Coordenador &#8211; Dire\u00e7\u00e3o Neg\u00f3cio Autom\u00f3vel da Fidelidade, \u200dCarlos Pereira, \u200dComercial and Cards Sales Manager da BP Portugal, Rodolfo Florid Schmid, Administrador da SIVA\/PHS, Ant\u00f3nio Reis Pereira, \u200dCountry Manager da Volvo Financial Services de Portugal, Lina Lopes, \u200dVice-Coordenadora Trabalho e Seguran\u00e7a Social-CEN, Gon\u00e7alo Rebelo de Almeida, \u200dAdministrador do Grupo Vila Gal\u00e9, Jo\u00e3o Duque, \u200dProfessor no ISEG, Leonor Pic\u00e3o, \u200dDiretora Coordenadora da Valoriza\u00e7\u00e3o da Oferta do Turismo de Portugal, \u200dJos\u00e9 Theot\u00f3nio,\u200d CEO do Grupo Pestana, \u200dLu\u00eds Correia da Silva, \u200dManaging Partner and Executive Director do TT, e Jos\u00e9 Miguel J\u00fadice, Advogado.<\/p>\n<p>Na sess\u00e3o de abertura, os oradores foram In\u00eas Lopes Silva, vereadora da CM Alcoba\u00e7a, Paulo Pinto, Presidente do Conselho Diretor da ARAC e Nuno Fazenda, Secret\u00e1rio de Estado do Turismo, Com\u00e9rcio e Servi\u00e7os.<\/p>\n<p>Pedro Machado, Francisco Calheiros, presidente da Confedera\u00e7\u00e3o do Turismo de Portugal, Joaquim Robalo de Almeida, secret\u00e1rio-geral da ARAC e Miguel Fontes, secret\u00e1rio de Estado do Trabalho, foram os participantes da sess\u00e3o de encerramento.<\/p>\n<p><strong>\u00a0 \u00a0 Sobre o Turismo Centro de Portugal<\/strong><\/p>\n<p>O Turismo Centro de Portugal \u00e9 a entidade que estrutura e promove o turismo na Regi\u00e3o Centro do pa\u00eds. Esta \u00e9 a maior e mais diversificada \u00e1rea tur\u00edstica nacional, abrangendo 100 munic\u00edpios, e tem registado um intenso crescimento da procura interna e externa. \u00c9 a regi\u00e3o a escolher para quem pretende experi\u00eancias diversificadas, pois concilia locais Patrim\u00f3nio da Humanidade com a melhor costa de surf da Europa, termas e spas id\u00edlicos, locais de culto de import\u00e2ncia mundial e as mais belas aldeias.<\/p>\n<p><strong>\u00a0 \u00a0Fonte: TCP e PV<\/strong><\/p>\n","protected":false},"excerpt":{"rendered":"<p>A IV Conven\u00e7\u00e3o Nacional da ARAC &#8211; Associa\u00e7\u00e3o Nacional dos Locadores de Ve\u00edculos juntou esta sexta-feira, dia 31 de mar\u00e7o, no Montebelo Mosteiro de Alcoba\u00e7a Historic Hotel. os principais protagonistas da atividade tur\u00edstica em Portugal. Pedro Machado, presidente da Turismo Centro de Portugal, considerou em Alcoba\u00e7a, que Portugal ainda disp\u00f5e de uma grande margem de [&hellip;]<\/p>\n","protected":false},"author":2,"featured_media":25998,"comment_status":"open","ping_status":"open","sticky":false,"template":"","format":"standard","meta":{"footnotes":""},"categories":[7],"tags":[],"class_list":["post-25994","post","type-post","status-publish","format-standard","has-post-thumbnail","hentry","category-economia"],"_links":{"self":[{"href":"https:\/\/tintafresca.net\/index.php\/wp-json\/wp\/v2\/posts\/25994","targetHints":{"allow":["GET"]}}],"collection":[{"href":"https:\/\/tintafresca.net\/index.php\/wp-json\/wp\/v2\/posts"}],"about":[{"href":"https:\/\/tintafresca.net\/index.php\/wp-json\/wp\/v2\/types\/post"}],"author":[{"embeddable":true,"href":"https:\/\/tintafresca.net\/index.php\/wp-json\/wp\/v2\/users\/2"}],"replies":[{"embeddable":true,"href":"https:\/\/tintafresca.net\/index.php\/wp-json\/wp\/v2\/comments?post=25994"}],"version-history":[{"count":5,"href":"https:\/\/tintafresca.net\/index.php\/wp-json\/wp\/v2\/posts\/25994\/revisions"}],"predecessor-version":[{"id":26013,"href":"https:\/\/tintafresca.net\/index.php\/wp-json\/wp\/v2\/posts\/25994\/revisions\/26013"}],"wp:featuredmedia":[{"embeddable":true,"href":"https:\/\/tintafresca.net\/index.php\/wp-json\/wp\/v2\/media\/25998"}],"wp:attachment":[{"href":"https:\/\/tintafresca.net\/index.php\/wp-json\/wp\/v2\/media?parent=25994"}],"wp:term":[{"taxonomy":"category","embeddable":true,"href":"https:\/\/tintafresca.net\/index.php\/wp-json\/wp\/v2\/categories?post=25994"},{"taxonomy":"post_tag","embeddable":true,"href":"https:\/\/tintafresca.net\/index.php\/wp-json\/wp\/v2\/tags?post=25994"}],"curies":[{"name":"wp","href":"https:\/\/api.w.org\/{rel}","templated":true}]}}