{"id":26084,"date":"2023-04-05T15:35:31","date_gmt":"2023-04-05T15:35:31","guid":{"rendered":"https:\/\/tintafresca.net\/?p=26084"},"modified":"2023-04-06T13:05:36","modified_gmt":"2023-04-06T13:05:36","slug":"vereadora-filipa-roseta-e-deputada-marcia-passos-esclarecem-posicao-sobre-a-politica-de-habitacao-do-psd","status":"publish","type":"post","link":"https:\/\/tintafresca.net\/index.php\/2023\/04\/05\/vereadora-filipa-roseta-e-deputada-marcia-passos-esclarecem-posicao-sobre-a-politica-de-habitacao-do-psd\/","title":{"rendered":"C\u00e2mara de Lisboa tem 23 mil fogos de habita\u00e7\u00e3o mas cerca de 13 mil necessitam de obras"},"content":{"rendered":"<div id=\"attachment_26086\" style=\"width: 410px\" class=\"wp-caption alignleft\"><img loading=\"lazy\" decoding=\"async\" aria-describedby=\"caption-attachment-26086\" class=\"wp-image-26086\" src=\"https:\/\/tintafresca.net\/wp-content\/uploads\/2023\/04\/Oeste_PSD_Filipa_Roseta10.jpeg\" alt=\"\" width=\"400\" height=\"442\" srcset=\"https:\/\/tintafresca.net\/wp-content\/uploads\/2023\/04\/Oeste_PSD_Filipa_Roseta10.jpeg 862w, https:\/\/tintafresca.net\/wp-content\/uploads\/2023\/04\/Oeste_PSD_Filipa_Roseta10-272x300.jpeg 272w, https:\/\/tintafresca.net\/wp-content\/uploads\/2023\/04\/Oeste_PSD_Filipa_Roseta10-768x848.jpeg 768w\" sizes=\"auto, (max-width: 400px) 100vw, 400px\" \/><p id=\"caption-attachment-26086\" class=\"wp-caption-text\">Filipa Roseta e M\u00e1rcia Passos foram as convidadas do PSD Oeste<\/p><\/div>\n<p>A Comiss\u00e3o Pol\u00edtica Distrital do PSD da \u00c1rea Oeste, organizou, no dia 30 de mar\u00e7o, uma forma\u00e7\u00e3o online com o tema: \u201cPol\u00edtica de Habita\u00e7\u00e3o&#8221;. As oradoras desta forma\u00e7\u00e3o foram a vereadora da C\u00e2mara Municipal de Lisboa, Filipa Roseta e a deputada da Assembleia da Rep\u00fablica M\u00e1rcia Passos. Esta a\u00e7\u00e3o vem no seguimento da atual vis\u00e3o parlamentar e aut\u00e1rquica do PSD sobre os desafios e o caminho da pol\u00edtica de habita\u00e7\u00e3o.<\/p>\n<p>A vereadora da Habita\u00e7\u00e3o, Filipa Roseta, considera que o arrendamento for\u00e7ado de im\u00f3veis devolutos n\u00e3o vai acontecer em Lisboa, e que a medida apresentada pelo Governo s\u00f3 trar\u00e1 mais problemas.\u00a0 A vereadora defende que a prioridade \u00e9 aproveitar as verbas do Plano de Recupera\u00e7\u00e3o e Resili\u00eancia PRR), que tem dispon\u00edvel tr\u00eas mil milh\u00f5es para a \u00e1rea da habita\u00e7\u00e3o. Uma das cr\u00edticas real\u00e7adas prende-se com a capacidade de resposta dos servi\u00e7os t\u00e9cnicos da autarquia, que ser\u00e1 um claro obst\u00e1culo para dar resposta ao pacote de apoios.<\/p>\n<p>A respons\u00e1vel pelo pelouro da Habita\u00e7\u00e3o do munic\u00edpio de Lisboa real\u00e7a que a C\u00e2mara de Lisboa possui 23 mil fogos habitacionais, o que faz com que a autarquia seja \u201co maior senhorio do pa\u00eds\u201d e que cerca de 13 mil necessitam de uma interven\u00e7\u00e3o.<\/p>\n<p>M\u00e1rcia Passos, deputada da Assembleia da Rep\u00fablica, deu a conhecer a posi\u00e7\u00e3o do Partido Social Democrata nesta pol\u00edtica de novo caminho para a habita\u00e7\u00e3o. Na perspectiva social-democrata a solu\u00e7\u00e3o baseia-se em tr\u00eas pilares fundamentais: o regime para acelera\u00e7\u00e3o e aumento da oferta de habita\u00e7\u00e3o dispon\u00edvel e acess\u00edvel (privada e p\u00fablica), os\u00a0apoios Transit\u00f3rios \u00e0 Procura e o Est\u00edmulo a Solu\u00e7\u00f5es Inovadoras.<\/p>\n<p>A deputada defende que que tem de existir acelera\u00e7\u00e3o da execu\u00e7\u00e3o dos fundos PRR para a habita\u00e7\u00e3o, incluindo redu\u00e7\u00e3o da burocracia, atrav\u00e9s da mudan\u00e7a do sistema de controlo do IHRU sobre opera\u00e7\u00f5es das autarquias para regime de deferimento t\u00e1cito, da flexibiliza\u00e7\u00e3o dos valores-refer\u00eancia para financiamento por m2 das obras em habita\u00e7\u00e3o, atrav\u00e9s da simplifica\u00e7\u00e3o das exig\u00eancias sobre as propriedades das autarquias ao n\u00edvel dos registos, e ainda acomodando eventuais necessidades de alargamento dos prazos de execu\u00e7\u00e3o das obras dentro dos limites m\u00e1ximos permitidos pelo regime europeu.<\/p>\n<p>Acredita-se que \u00e9 necess\u00e1rio o refor\u00e7o da dimens\u00e3o da sustentabilidade das pol\u00edticas habitacionais, de modo a promover uma maior efici\u00eancia energ\u00e9tica dos edif\u00edcios e alojamentos habitacionais e reduzir ao m\u00e1ximo a pobreza energ\u00e9tica, incluindo pela cria\u00e7\u00e3o de microcr\u00e9dito e bolsas a fundo perdido para pequenas reabilita\u00e7\u00f5es em casas sem condi\u00e7\u00f5es habitacionais e energ\u00e9ticas.<\/p>\n<p>No entender do PSD, as pol\u00edticas p\u00fablicas devem em primeira inst\u00e2ncia remover os obst\u00e1culos ao aumento e melhoria da oferta \u2013 seja de constru\u00e7\u00e3o e reabilita\u00e7\u00e3o, seja por coloca\u00e7\u00e3o em mercado dos muitos im\u00f3veis devolutos ou subutilizados. Ainda que se reconhe\u00e7a a import\u00e2ncia da oferta da habita\u00e7\u00e3o p\u00fablica, esta dever\u00e1 ser dirigida para situa\u00e7\u00f5es espec\u00edficas de fam\u00edlias com maiores car\u00eancias habitacionais e baixos rendimentos, necessidades urgentes de realojamento (sendo necess\u00e1rio refor\u00e7ar os mecanismos de fiscaliza\u00e7\u00e3o para n\u00e3o permitir injusti\u00e7as).<\/p>\n<p>O pacote de medidas \u2018Mais Habita\u00e7\u00e3o\u2019, apresentado pelo Governo, tem gerado muita discuss\u00e3o. Lu\u00eds Montenegro, presidente do PSD compromete-se, num futuro Governo liderado por si, a revogar &#8220;o arrendamento coercivo imposto pelos socialistas&#8221; e descentralizar a gest\u00e3o do alojamento local.<\/p>\n<p><strong> \u00a0Fonte: PSD|Oeste<\/strong><\/p>\n","protected":false},"excerpt":{"rendered":"<p>A Comiss\u00e3o Pol\u00edtica Distrital do PSD da \u00c1rea Oeste, organizou, no dia 30 de mar\u00e7o, uma forma\u00e7\u00e3o online com o tema: \u201cPol\u00edtica de Habita\u00e7\u00e3o&#8221;. As oradoras desta forma\u00e7\u00e3o foram a vereadora da C\u00e2mara Municipal de Lisboa, Filipa Roseta e a deputada da Assembleia da Rep\u00fablica M\u00e1rcia Passos. Esta a\u00e7\u00e3o vem no seguimento da atual vis\u00e3o [&hellip;]<\/p>\n","protected":false},"author":2,"featured_media":26088,"comment_status":"open","ping_status":"open","sticky":false,"template":"","format":"standard","meta":{"footnotes":""},"categories":[7,11],"tags":[],"class_list":["post-26084","post","type-post","status-publish","format-standard","has-post-thumbnail","hentry","category-economia","category-sociedade"],"_links":{"self":[{"href":"https:\/\/tintafresca.net\/index.php\/wp-json\/wp\/v2\/posts\/26084","targetHints":{"allow":["GET"]}}],"collection":[{"href":"https:\/\/tintafresca.net\/index.php\/wp-json\/wp\/v2\/posts"}],"about":[{"href":"https:\/\/tintafresca.net\/index.php\/wp-json\/wp\/v2\/types\/post"}],"author":[{"embeddable":true,"href":"https:\/\/tintafresca.net\/index.php\/wp-json\/wp\/v2\/users\/2"}],"replies":[{"embeddable":true,"href":"https:\/\/tintafresca.net\/index.php\/wp-json\/wp\/v2\/comments?post=26084"}],"version-history":[{"count":5,"href":"https:\/\/tintafresca.net\/index.php\/wp-json\/wp\/v2\/posts\/26084\/revisions"}],"predecessor-version":[{"id":26116,"href":"https:\/\/tintafresca.net\/index.php\/wp-json\/wp\/v2\/posts\/26084\/revisions\/26116"}],"wp:featuredmedia":[{"embeddable":true,"href":"https:\/\/tintafresca.net\/index.php\/wp-json\/wp\/v2\/media\/26088"}],"wp:attachment":[{"href":"https:\/\/tintafresca.net\/index.php\/wp-json\/wp\/v2\/media?parent=26084"}],"wp:term":[{"taxonomy":"category","embeddable":true,"href":"https:\/\/tintafresca.net\/index.php\/wp-json\/wp\/v2\/categories?post=26084"},{"taxonomy":"post_tag","embeddable":true,"href":"https:\/\/tintafresca.net\/index.php\/wp-json\/wp\/v2\/tags?post=26084"}],"curies":[{"name":"wp","href":"https:\/\/api.w.org\/{rel}","templated":true}]}}