{"id":26267,"date":"2023-04-12T11:37:29","date_gmt":"2023-04-12T11:37:29","guid":{"rendered":"https:\/\/tintafresca.net\/?p=26267"},"modified":"2023-04-13T15:21:31","modified_gmt":"2023-04-13T15:21:31","slug":"promotores-do-aeroporto-em-santarem-apontam-vantagens-de-custo-ambientais-e-de-acessibilidades","status":"publish","type":"post","link":"https:\/\/tintafresca.net\/index.php\/2023\/04\/12\/promotores-do-aeroporto-em-santarem-apontam-vantagens-de-custo-ambientais-e-de-acessibilidades\/","title":{"rendered":"Promotores do aeroporto em Santar\u00e9m apontam vantagens de custo, ambiente e acessibilidades"},"content":{"rendered":"<div id=\"attachment_26269\" style=\"width: 510px\" class=\"wp-caption alignleft\"><img loading=\"lazy\" decoding=\"async\" aria-describedby=\"caption-attachment-26269\" class=\"wp-image-26269 size-full\" src=\"https:\/\/tintafresca.net\/wp-content\/uploads\/2023\/04\/Santarem_Assinatura-protocolo-Magellan10.jpg\" alt=\"\" width=\"500\" height=\"333\" srcset=\"https:\/\/tintafresca.net\/wp-content\/uploads\/2023\/04\/Santarem_Assinatura-protocolo-Magellan10.jpg 500w, https:\/\/tintafresca.net\/wp-content\/uploads\/2023\/04\/Santarem_Assinatura-protocolo-Magellan10-300x200.jpg 300w\" sizes=\"auto, (max-width: 500px) 100vw, 500px\" \/><p id=\"caption-attachment-26269\" class=\"wp-caption-text\">Ricardo Gon\u00e7alves, Pedro Ferreira, Rui Anast\u00e1cio e Ant\u00f3nio Camilo assinaram o protocolo<\/p><\/div>\n<p>O projeto de constru\u00e7\u00e3o de um novo aeroporto na regi\u00e3o de Santar\u00e9m continua a ganhar forma, tendo o Magellan 500 Airport sido apresentado publicamente \u00e0s entidades locais numa sess\u00e3o que teve lugar, na manh\u00e3 desta ter\u00e7a-feira, no Convento de S. Francisco. O evento prosseguiu \u00e0 tarde, numa iniciativa aberta ao p\u00fablico geral.<\/p>\n<p>Durante a apresenta\u00e7\u00e3o foram valorizados os aspetos distintivos desta alternativa, nomeadamente o facto de ser um projeto de investimento privado e sem necessidade de recurso a dinheiros do Estado, al\u00e9m da localiza\u00e7\u00e3o privilegiada, da proximidade com a capital, do facto de servir toda a regi\u00e3o Centro e de ser um empreendimento escal\u00e1vel, que pode chegar a servir 100 milh\u00f5es de passageiros\/ano.<\/p>\n<p>Durante o evento, os presidentes das C\u00e2maras de Santar\u00e9m, Goleg\u00e3, Alcanena e Torres Novas assinaram um acordo de coopera\u00e7\u00e3o intermunicipal, que visa o planeamento do territ\u00f3rio para a nova cidade aeroportu\u00e1ria, tendo ainda decorrido uma mesa-redonda com diversos especialistas, que discorreram sobre o tema \u201cA import\u00e2ncia da constru\u00e7\u00e3o de um novo aeroporto em Santar\u00e9m para o desenvolvimento do territ\u00f3rio\u201d.<\/p>\n<p>No final da sess\u00e3o, o presidente da C\u00e2mara Municipal de Santar\u00e9m mostrou-se &#8220;muito satisfeito&#8221; com a forma como decorreu o evento, valorizando &#8220;uma solu\u00e7\u00e3o que pode resolver um problema de Portugal h\u00e1 muitos anos&#8221;.<\/p>\n<p>&#8220;Cada vez somos mais aqueles que acreditam nesta solu\u00e7\u00e3o para o pa\u00eds. Al\u00e9m disso, a proximidade a Lisboa e o facto de termos v\u00e1rias acessibilidades j\u00e1 constru\u00eddas faz com que ambicionemos a escolha de Santar\u00e9m para a constru\u00e7\u00e3o do novo aeroporto&#8221;, declarou Ricardo Gon\u00e7alves.<\/p>\n<p>Carlos Braz\u00e3o, founder do Magellan 500 Airport, falou de &#8220;um dia important\u00edssimo, pois foi a primeira vez que houve a oportunidade de apresentar o projeto junto da comunidade onde ser\u00e1 instalado&#8221;. O respons\u00e1vel destacou o facto de &#8220;quatro munic\u00edpios unirem-se e fazerem aquilo que \u00e9 l\u00f3gico&#8221;, ou seja, &#8220;repensar todo o territ\u00f3rio&#8221; que pode ser impactado pelo aeroporto, elogiando a &#8220;clarivid\u00eancia, o pensamento estrat\u00e9gico e a uni\u00e3o&#8221; em torno da solu\u00e7\u00e3o na regi\u00e3o de Santar\u00e9m.<\/p>\n<p>Por seu turno, Artur Pedrosa, administrador da Barraqueiro, salientou a &#8220;componente pol\u00edtica muito forte&#8221; do projeto, com a assinatura do acordo de coopera\u00e7\u00e3o entre os quatro munic\u00edpios, explicando ter &#8220;a certeza que este acaba por ser projeto de \u00e2mbito nacional, mais do que regional&#8221;. &#8220;Dentro daquilo que t\u00eam sido as propostas, acreditamos que acaba por ser a que melhor serve o pa\u00eds&#8221;, frisou aquele respons\u00e1vel.<\/p>\n<p><strong>\u00a0Fonte: GRPG|CMS<\/strong><\/p>\n","protected":false},"excerpt":{"rendered":"<p>O projeto de constru\u00e7\u00e3o de um novo aeroporto na regi\u00e3o de Santar\u00e9m continua a ganhar forma, tendo o Magellan 500 Airport sido apresentado publicamente \u00e0s entidades locais numa sess\u00e3o que teve lugar, na manh\u00e3 desta ter\u00e7a-feira, no Convento de S. Francisco. O evento prosseguiu \u00e0 tarde, numa iniciativa aberta ao p\u00fablico geral. Durante a apresenta\u00e7\u00e3o [&hellip;]<\/p>\n","protected":false},"author":2,"featured_media":26270,"comment_status":"open","ping_status":"open","sticky":false,"template":"","format":"standard","meta":{"footnotes":""},"categories":[7],"tags":[],"class_list":["post-26267","post","type-post","status-publish","format-standard","has-post-thumbnail","hentry","category-economia"],"_links":{"self":[{"href":"https:\/\/tintafresca.net\/index.php\/wp-json\/wp\/v2\/posts\/26267","targetHints":{"allow":["GET"]}}],"collection":[{"href":"https:\/\/tintafresca.net\/index.php\/wp-json\/wp\/v2\/posts"}],"about":[{"href":"https:\/\/tintafresca.net\/index.php\/wp-json\/wp\/v2\/types\/post"}],"author":[{"embeddable":true,"href":"https:\/\/tintafresca.net\/index.php\/wp-json\/wp\/v2\/users\/2"}],"replies":[{"embeddable":true,"href":"https:\/\/tintafresca.net\/index.php\/wp-json\/wp\/v2\/comments?post=26267"}],"version-history":[{"count":4,"href":"https:\/\/tintafresca.net\/index.php\/wp-json\/wp\/v2\/posts\/26267\/revisions"}],"predecessor-version":[{"id":26273,"href":"https:\/\/tintafresca.net\/index.php\/wp-json\/wp\/v2\/posts\/26267\/revisions\/26273"}],"wp:featuredmedia":[{"embeddable":true,"href":"https:\/\/tintafresca.net\/index.php\/wp-json\/wp\/v2\/media\/26270"}],"wp:attachment":[{"href":"https:\/\/tintafresca.net\/index.php\/wp-json\/wp\/v2\/media?parent=26267"}],"wp:term":[{"taxonomy":"category","embeddable":true,"href":"https:\/\/tintafresca.net\/index.php\/wp-json\/wp\/v2\/categories?post=26267"},{"taxonomy":"post_tag","embeddable":true,"href":"https:\/\/tintafresca.net\/index.php\/wp-json\/wp\/v2\/tags?post=26267"}],"curies":[{"name":"wp","href":"https:\/\/api.w.org\/{rel}","templated":true}]}}