{"id":26280,"date":"2023-04-12T16:55:50","date_gmt":"2023-04-12T16:55:50","guid":{"rendered":"https:\/\/tintafresca.net\/?p=26280"},"modified":"2023-04-12T16:59:58","modified_gmt":"2023-04-12T16:59:58","slug":"coordenadora-de-alcobaca-do-pcp-convida-bernardino-soares-para-conversa-publica-sobre-saude","status":"publish","type":"post","link":"https:\/\/tintafresca.net\/index.php\/2023\/04\/12\/coordenadora-de-alcobaca-do-pcp-convida-bernardino-soares-para-conversa-publica-sobre-saude\/","title":{"rendered":"Coordenadora de Alcoba\u00e7a do PCP convida Bernardino Soares para Conversa P\u00fablica sobre Sa\u00fade"},"content":{"rendered":"<div id=\"attachment_26282\" style=\"width: 410px\" class=\"wp-caption alignleft\"><img loading=\"lazy\" decoding=\"async\" aria-describedby=\"caption-attachment-26282\" class=\"wp-image-26282\" src=\"https:\/\/tintafresca.net\/wp-content\/uploads\/2023\/04\/Bernardino_Soares.jpg\" alt=\"\" width=\"400\" height=\"400\" srcset=\"https:\/\/tintafresca.net\/wp-content\/uploads\/2023\/04\/Bernardino_Soares.jpg 773w, https:\/\/tintafresca.net\/wp-content\/uploads\/2023\/04\/Bernardino_Soares-300x300.jpg 300w, https:\/\/tintafresca.net\/wp-content\/uploads\/2023\/04\/Bernardino_Soares-150x150.jpg 150w, https:\/\/tintafresca.net\/wp-content\/uploads\/2023\/04\/Bernardino_Soares-768x768.jpg 768w\" sizes=\"auto, (max-width: 400px) 100vw, 400px\" \/><p id=\"caption-attachment-26282\" class=\"wp-caption-text\">Bernardino Soares<\/p><\/div>\n<p>A Comiss\u00e3o Coordenadora de Alcoba\u00e7a do Partido Comunista Portugu\u00eas promove na ter\u00e7a-feira, dia 18 de abril, pelas 21 horas, no pequeno audit\u00f3rio do Cine-Teatro de Alcoba\u00e7a Jo\u00e3o d\u2019Oliva Monteiro uma Conversa P\u00fablica\/Debate sobre Sa\u00fade, com Bernardino Soares, membro do Comit\u00e9 Central do PCP, ex-deputado e ex-presidente da C\u00e2mara Municipal de Loures.<\/p>\n","protected":false},"excerpt":{"rendered":"<p>A Comiss\u00e3o Coordenadora de Alcoba\u00e7a do Partido Comunista Portugu\u00eas promove na ter\u00e7a-feira, dia 18 de abril, pelas 21 horas, no pequeno audit\u00f3rio do Cine-Teatro de Alcoba\u00e7a Jo\u00e3o d\u2019Oliva Monteiro uma Conversa P\u00fablica\/Debate sobre Sa\u00fade, com Bernardino Soares, membro do Comit\u00e9 Central do PCP, ex-deputado e ex-presidente da C\u00e2mara Municipal de Loures.<\/p>\n","protected":false},"author":2,"featured_media":26284,"comment_status":"open","ping_status":"open","sticky":false,"template":"","format":"standard","meta":{"footnotes":""},"categories":[6],"tags":[],"class_list":["post-26280","post","type-post","status-publish","format-standard","has-post-thumbnail","hentry","category-saude"],"_links":{"self":[{"href":"https:\/\/tintafresca.net\/index.php\/wp-json\/wp\/v2\/posts\/26280","targetHints":{"allow":["GET"]}}],"collection":[{"href":"https:\/\/tintafresca.net\/index.php\/wp-json\/wp\/v2\/posts"}],"about":[{"href":"https:\/\/tintafresca.net\/index.php\/wp-json\/wp\/v2\/types\/post"}],"author":[{"embeddable":true,"href":"https:\/\/tintafresca.net\/index.php\/wp-json\/wp\/v2\/users\/2"}],"replies":[{"embeddable":true,"href":"https:\/\/tintafresca.net\/index.php\/wp-json\/wp\/v2\/comments?post=26280"}],"version-history":[{"count":2,"href":"https:\/\/tintafresca.net\/index.php\/wp-json\/wp\/v2\/posts\/26280\/revisions"}],"predecessor-version":[{"id":26283,"href":"https:\/\/tintafresca.net\/index.php\/wp-json\/wp\/v2\/posts\/26280\/revisions\/26283"}],"wp:featuredmedia":[{"embeddable":true,"href":"https:\/\/tintafresca.net\/index.php\/wp-json\/wp\/v2\/media\/26284"}],"wp:attachment":[{"href":"https:\/\/tintafresca.net\/index.php\/wp-json\/wp\/v2\/media?parent=26280"}],"wp:term":[{"taxonomy":"category","embeddable":true,"href":"https:\/\/tintafresca.net\/index.php\/wp-json\/wp\/v2\/categories?post=26280"},{"taxonomy":"post_tag","embeddable":true,"href":"https:\/\/tintafresca.net\/index.php\/wp-json\/wp\/v2\/tags?post=26280"}],"curies":[{"name":"wp","href":"https:\/\/api.w.org\/{rel}","templated":true}]}}