{"id":26398,"date":"2023-04-17T18:57:45","date_gmt":"2023-04-17T18:57:45","guid":{"rendered":"https:\/\/tintafresca.net\/?p=26398"},"modified":"2023-04-17T19:01:27","modified_gmt":"2023-04-17T19:01:27","slug":"ix-feira-da-laranja-continua-a-atrair-milhares-de-visitantes-ao-convento-de-cristo","status":"publish","type":"post","link":"https:\/\/tintafresca.net\/index.php\/2023\/04\/17\/ix-feira-da-laranja-continua-a-atrair-milhares-de-visitantes-ao-convento-de-cristo\/","title":{"rendered":"IX Feira da Laranja continua a atrair milhares de visitantes ao Convento de Cristo"},"content":{"rendered":"<div id=\"attachment_26400\" style=\"width: 510px\" class=\"wp-caption alignleft\"><img loading=\"lazy\" decoding=\"async\" aria-describedby=\"caption-attachment-26400\" class=\"wp-image-26400 size-full\" src=\"https:\/\/tintafresca.net\/wp-content\/uploads\/2023\/04\/Tomar_CC_Feira-da-Laranja-2023_10.jpg\" alt=\"\" width=\"500\" height=\"281\" srcset=\"https:\/\/tintafresca.net\/wp-content\/uploads\/2023\/04\/Tomar_CC_Feira-da-Laranja-2023_10.jpg 500w, https:\/\/tintafresca.net\/wp-content\/uploads\/2023\/04\/Tomar_CC_Feira-da-Laranja-2023_10-300x169.jpg 300w\" sizes=\"auto, (max-width: 500px) 100vw, 500px\" \/><p id=\"caption-attachment-26400\" class=\"wp-caption-text\">Feira da Laranja Conventual 2023<\/p><\/div>\n<p>Decorreu no dia 16 de abril, a IX Feira da Laranja Conventual, um evento organizado pelo Convento de Cristo com as parcerias do Munic\u00edpio de Tomar e Uni\u00e3o de Juntas de Freguesia de S. Jo\u00e3o Baptista e Santa Maria dos Olivais.<\/p>\n<p>Este evento de cariz solid\u00e1rio decorreu com grande anima\u00e7\u00e3o e contou com a participa\u00e7\u00e3o de 21 associa\u00e7\u00f5es com banca. Neste dia, entre turistas e visitantes exclusivos para a feira, contaram-se mais de 4000 pessoas.<\/p>\n<p>Entidades participantes na feira: ACRESCER, Associa\u00e7\u00e3o Cultural Recreativa e Social da Venda Nova, Associa\u00e7\u00e3o Pais ATL \u2013 Marmeleiro, Associa\u00e7\u00e3o de Pais e Encarregados de Educa\u00e7\u00e3o de Cem Soldos, Associa\u00e7\u00e3o de Pais e Encarregados de Educa\u00e7\u00e3o Jardim de Inf\u00e2ncia e Escola B\u00e1sica N\u00ba1 de Casais, Associa\u00e7\u00e3o de Pais e Encarregados de Educa\u00e7\u00e3o do Jardim de Inf\u00e2ncia Ra\u00fal Lopes, Associa\u00e7\u00e3o de Pais e Encarregados de Educa\u00e7\u00e3o EB1 Sto. Ant\u00f3nio Tomar, Associa\u00e7\u00e3o de Pais de S. Pedro, Associa\u00e7\u00e3o do Rancho Folcl\u00f3rico \u201cOs Camponeses\u201d de Minjoelho, ATL- Escola B\u00e1sica Ra\u00fal Lopes, Corpo Nacional de Escutas- Agrupamento 44 Tomar, Corpo Nacional de Escutas &#8211; Agrupamento 837 Cem Soldos, Creche e Jardim Inf\u00e2ncia da Sociedade Filarm\u00f3nica Gualdim Pais, Grupo Desportivo Nab\u00e2ncia, Grupo Desportivo Recreativo Sabacheira- Serras, Instituto Polit\u00e9cnico de Tomar, Juventude Oper\u00e1ria Cat\u00f3lica-Tomar, Lar S\u00e3o Mateus, Par\u00f3quia de Alviobeira, Sociedade Recreativa e Musical da Pedreira e <em>ThomarSellium<\/em>&#8211; Associa\u00e7\u00e3o de Desporto e Dan\u00e7a de Tomar<\/p>\n<p>No decorrer da Feira houve ainda lugar a um concurso, patrocinado pelo Intermarch\u00e9 de Tomar que ofereceu 5 vouchers de 100 euros em compras e cujas categorias se dividiram em:<\/p>\n<p><strong>Categoria Originalidade: <\/strong><\/p>\n<p><strong>1.\u00ba Pr\u00e9mio \u2013 Par\u00f3quia da Alviobeira<br \/>\n<\/strong>2.\u00ba Lugar \u2013 Associa\u00e7\u00e3o de Pais e Encarregados de Educa\u00e7\u00e3o do Jardim de Inf\u00e2ncia e EB1 de Casais;3.\u00ba Lugar \u2013 Creche e Jardim de Inf\u00e2ncia da Sociedade Filarm\u00f3nica de Gualdim Pais<\/p>\n<p><strong>Categoria Melhor Banca (decor):<\/strong><\/p>\n<p><strong>1.\u00ba Pr\u00e9mio \u2013 ATL da EB1 Ra\u00fal Lopes<br \/>\n<\/strong>2.\u00ba Lugar \u2013 Associa\u00e7\u00e3o de Pais e Encarregados de Educa\u00e7\u00e3o do Jardim de Inf\u00e2ncia Ra\u00fal Lopes | Creche e Jardim de Inf\u00e2ncia da Sociedade Filarm\u00f3nica de Gualdim Pais<br \/>\n3.\u00ba Lugar \u2013 Associa\u00e7\u00e3o de Pais de S. Pedro | Sociedade Recreativa e Musical da Pedreira | <em>ThomarSellium <\/em>| Associa\u00e7\u00e3o de Pais do Agrupamento de Escolas Templ\u00e1rios do Marmeleiro<\/p>\n<p><strong>Categoria Compotas:<\/strong><\/p>\n<p><strong>1.\u00ba Pr\u00e9mio \u2013 Associa\u00e7\u00e3o de Pais de S. Pedro<br \/>\n<\/strong>2.\u00ba Lugar \u2013 Lar de S. Mateus<br \/>\n3.\u00ba Lugar \u2013 CNE &#8211; 837 Cem Soldos<\/p>\n<p><strong>Categoria Do\u00e7aria: <\/strong><\/p>\n<p><strong>1.\u00ba Pr\u00e9mio \u2013 Lar de S. Mateus<br \/>\n<\/strong>2.\u00ba Lugar \u2013 Paroquia de Alviobeira | CNE &#8211; 44 Tomar |Grupo Desportivo Nab\u00e2ncia<br \/>\n3.\u00ba Lugar \u2013 Associa\u00e7\u00e3o de Pais de Casais | Soc. Rec. E Musical da Pedreira | AP. EE Cem Soldos | CNE 837 Cem Soldos<\/p>\n<p><strong>Categoria Licores: <\/strong><\/p>\n<p><strong>1.\u00ba Pr\u00e9mio \u2013 Associa\u00e7\u00e3o de pais e EE do JI Ra\u00fal Lopes<br \/>\n<\/strong>2.\u00ba Lugar \u2013 CNE &#8211; 837 Cem Soldos<br \/>\n3.\u00ba Lugar \u2013 ACR Venda Nova<\/p>\n<p>A conce\u00e7\u00e3o do Cartaz do evento esteve a cargo de Aura Vaz e a conce\u00e7\u00e3o\/produ\u00e7\u00e3o dos Trof\u00e9us a cargo do CIRE &#8211; Tomar.<\/p>\n<p>Colaboraram na anima\u00e7\u00e3o da Feira as seguintes entidades: Anima\u00e7\u00e3o M\u00fasica e Dan\u00e7as Medievais: Sacarrabos, <em>ThomarSellium,<\/em> Grupo Infantil Gualdins; Porta de Armas, Esgrima, <em>Hema<\/em> pela <em>Thomar Honoris<\/em> e Dan\u00e7as Medievais pelo grupo <em>Trebaruna; <\/em>-M\u00fasica Medieval pelos <em>Phelan Naois; <\/em>Trio do Secund\u00e1rio da Sociedade Filarm\u00f3nica de Gualdim Pais; Tuna Feminina do IPT &#8220;<em>Cavaleiras de Sellium<\/em>&#8221; e Tuna Masculina do IPT.<\/p>\n<p>O Convento de Cristo agradece a todos os participantes o sucesso deste evento.<\/p>\n<p><strong>\u00a0 \u00a0 Fonte: CC<\/strong><\/p>\n","protected":false},"excerpt":{"rendered":"<p>Decorreu no dia 16 de abril, a IX Feira da Laranja Conventual, um evento organizado pelo Convento de Cristo com as parcerias do Munic\u00edpio de Tomar e Uni\u00e3o de Juntas de Freguesia de S. Jo\u00e3o Baptista e Santa Maria dos Olivais. Este evento de cariz solid\u00e1rio decorreu com grande anima\u00e7\u00e3o e contou com a participa\u00e7\u00e3o [&hellip;]<\/p>\n","protected":false},"author":2,"featured_media":25417,"comment_status":"open","ping_status":"open","sticky":false,"template":"","format":"standard","meta":{"footnotes":""},"categories":[10],"tags":[],"class_list":["post-26398","post","type-post","status-publish","format-standard","has-post-thumbnail","hentry","category-patrimonio"],"_links":{"self":[{"href":"https:\/\/tintafresca.net\/index.php\/wp-json\/wp\/v2\/posts\/26398","targetHints":{"allow":["GET"]}}],"collection":[{"href":"https:\/\/tintafresca.net\/index.php\/wp-json\/wp\/v2\/posts"}],"about":[{"href":"https:\/\/tintafresca.net\/index.php\/wp-json\/wp\/v2\/types\/post"}],"author":[{"embeddable":true,"href":"https:\/\/tintafresca.net\/index.php\/wp-json\/wp\/v2\/users\/2"}],"replies":[{"embeddable":true,"href":"https:\/\/tintafresca.net\/index.php\/wp-json\/wp\/v2\/comments?post=26398"}],"version-history":[{"count":2,"href":"https:\/\/tintafresca.net\/index.php\/wp-json\/wp\/v2\/posts\/26398\/revisions"}],"predecessor-version":[{"id":26401,"href":"https:\/\/tintafresca.net\/index.php\/wp-json\/wp\/v2\/posts\/26398\/revisions\/26401"}],"wp:featuredmedia":[{"embeddable":true,"href":"https:\/\/tintafresca.net\/index.php\/wp-json\/wp\/v2\/media\/25417"}],"wp:attachment":[{"href":"https:\/\/tintafresca.net\/index.php\/wp-json\/wp\/v2\/media?parent=26398"}],"wp:term":[{"taxonomy":"category","embeddable":true,"href":"https:\/\/tintafresca.net\/index.php\/wp-json\/wp\/v2\/categories?post=26398"},{"taxonomy":"post_tag","embeddable":true,"href":"https:\/\/tintafresca.net\/index.php\/wp-json\/wp\/v2\/tags?post=26398"}],"curies":[{"name":"wp","href":"https:\/\/api.w.org\/{rel}","templated":true}]}}