{"id":26434,"date":"2023-04-18T22:00:12","date_gmt":"2023-04-18T22:00:12","guid":{"rendered":"https:\/\/tintafresca.net\/?p=26434"},"modified":"2023-04-19T09:42:11","modified_gmt":"2023-04-19T09:42:11","slug":"camara-de-ourem-celebra-protocolo-com-santa-casa-da-misericordia-de-fatima-ourem-para-contratacao-de-medicos","status":"publish","type":"post","link":"https:\/\/tintafresca.net\/index.php\/2023\/04\/18\/camara-de-ourem-celebra-protocolo-com-santa-casa-da-misericordia-de-fatima-ourem-para-contratacao-de-medicos\/","title":{"rendered":"C\u00e2mara de Our\u00e9m celebra protocolo com Santa Casa da Miseric\u00f3rdia de F\u00e1tima-Our\u00e9m para contrata\u00e7\u00e3o de m\u00e9dicos"},"content":{"rendered":"<div id=\"attachment_26436\" style=\"width: 510px\" class=\"wp-caption alignleft\"><img loading=\"lazy\" decoding=\"async\" aria-describedby=\"caption-attachment-26436\" class=\"wp-image-26436\" src=\"https:\/\/tintafresca.net\/wp-content\/uploads\/2023\/04\/Ourem_executivo.jpg\" alt=\"\" width=\"500\" height=\"282\" srcset=\"https:\/\/tintafresca.net\/wp-content\/uploads\/2023\/04\/Ourem_executivo.jpg 1024w, https:\/\/tintafresca.net\/wp-content\/uploads\/2023\/04\/Ourem_executivo-300x169.jpg 300w, https:\/\/tintafresca.net\/wp-content\/uploads\/2023\/04\/Ourem_executivo-768x434.jpg 768w\" sizes=\"auto, (max-width: 500px) 100vw, 500px\" \/><p id=\"caption-attachment-26436\" class=\"wp-caption-text\">Presidente e vereadores com pelouro<\/p><\/div>\n<p>Para fazer face ao impacto negativo provocado pelo d\u00e9fice de m\u00e9dicos de fam\u00edlia no concelho de Our\u00e9m, Lu\u00eds Miguel Albuquerque deu nota, no dia 17 de abril, da aprova\u00e7\u00e3o, em reuni\u00e3o da c\u00e2mara, de um protocolo com a Santa Casa da Miseric\u00f3rdia de F\u00e1tima \u2013 Our\u00e9m, que permitir\u00e1 implementar o projeto \u201cBata Branca\u201d.<\/p>\n<p>Esta iniciativa corresponde a uma solu\u00e7\u00e3o que conta com o envolvimento direto da entidade ARSLVT, que, atrav\u00e9s de acordo de coopera\u00e7\u00e3o com a Uni\u00e3o das Miseric\u00f3rdias Portuguesas (UMP), disponibiliza uma comparticipa\u00e7\u00e3o no valor de 27 \u20ac\/hora para que m\u00e9dicos possam estar dispon\u00edveis para a presta\u00e7\u00e3o de consultas nos servi\u00e7os de sa\u00fade prim\u00e1rios.<\/p>\n<p>Por sua vez, a UMP estabelece parcerias com uma institui\u00e7\u00e3o local registada na ERS \u2013 Entidade Reguladora da Sa\u00fade \u2013 para que possa dar sequ\u00eancia \u00e0 implementa\u00e7\u00e3o do projeto enquanto entidade gestora, em parceria com a C\u00e2mara Municipal respetiva, a quem caber\u00e1 a restante comparticipa\u00e7\u00e3o aos m\u00e9dicos.<\/p>\n<p>No caso do concelho de Our\u00e9m a entidade \u00e9 a Santa Casa da Miseric\u00f3rdia F\u00e1tima \u2013 Our\u00e9m, que atrav\u00e9s de protocolo receber\u00e1, do Munic\u00edpio de Our\u00e9m, uma comparticipa\u00e7\u00e3o remanescente, num valor at\u00e9 15 \u20ac\/hora. As consultas ser\u00e3o prestadas nas diferentes instala\u00e7\u00f5es da Unidade de Cuidado de Sa\u00fade de Our\u00e9m, a designar e em d\u00e9fice atual. O protocolo prev\u00ea o financiamento na contrata\u00e7\u00e3o de m\u00e9dicos at\u00e9 um limite de 60 horas semanais.<\/p>\n<p>Este projeto representa um grande esfor\u00e7o no investimento municipal, a somar a outras medidas j\u00e1 tomadas neste dom\u00ednio no campo dos incentivos, e que se traduz num investimento urgente e necess\u00e1rio, mas, transit\u00f3rio face \u00e0s responsabilidades do Munic\u00edpio, sublinhou Lu\u00eds Miguel Albuquerque.<\/p>\n<p><strong> \u00a0 Fonte: JO|GIC|CMO<\/strong><\/p>\n","protected":false},"excerpt":{"rendered":"<p>Para fazer face ao impacto negativo provocado pelo d\u00e9fice de m\u00e9dicos de fam\u00edlia no concelho de Our\u00e9m, Lu\u00eds Miguel Albuquerque deu nota, no dia 17 de abril, da aprova\u00e7\u00e3o, em reuni\u00e3o da c\u00e2mara, de um protocolo com a Santa Casa da Miseric\u00f3rdia de F\u00e1tima \u2013 Our\u00e9m, que permitir\u00e1 implementar o projeto \u201cBata Branca\u201d. Esta iniciativa [&hellip;]<\/p>\n","protected":false},"author":2,"featured_media":26437,"comment_status":"open","ping_status":"open","sticky":false,"template":"","format":"standard","meta":{"footnotes":""},"categories":[6],"tags":[],"class_list":["post-26434","post","type-post","status-publish","format-standard","has-post-thumbnail","hentry","category-saude"],"_links":{"self":[{"href":"https:\/\/tintafresca.net\/index.php\/wp-json\/wp\/v2\/posts\/26434","targetHints":{"allow":["GET"]}}],"collection":[{"href":"https:\/\/tintafresca.net\/index.php\/wp-json\/wp\/v2\/posts"}],"about":[{"href":"https:\/\/tintafresca.net\/index.php\/wp-json\/wp\/v2\/types\/post"}],"author":[{"embeddable":true,"href":"https:\/\/tintafresca.net\/index.php\/wp-json\/wp\/v2\/users\/2"}],"replies":[{"embeddable":true,"href":"https:\/\/tintafresca.net\/index.php\/wp-json\/wp\/v2\/comments?post=26434"}],"version-history":[{"count":3,"href":"https:\/\/tintafresca.net\/index.php\/wp-json\/wp\/v2\/posts\/26434\/revisions"}],"predecessor-version":[{"id":26439,"href":"https:\/\/tintafresca.net\/index.php\/wp-json\/wp\/v2\/posts\/26434\/revisions\/26439"}],"wp:featuredmedia":[{"embeddable":true,"href":"https:\/\/tintafresca.net\/index.php\/wp-json\/wp\/v2\/media\/26437"}],"wp:attachment":[{"href":"https:\/\/tintafresca.net\/index.php\/wp-json\/wp\/v2\/media?parent=26434"}],"wp:term":[{"taxonomy":"category","embeddable":true,"href":"https:\/\/tintafresca.net\/index.php\/wp-json\/wp\/v2\/categories?post=26434"},{"taxonomy":"post_tag","embeddable":true,"href":"https:\/\/tintafresca.net\/index.php\/wp-json\/wp\/v2\/tags?post=26434"}],"curies":[{"name":"wp","href":"https:\/\/api.w.org\/{rel}","templated":true}]}}