{"id":26443,"date":"2023-04-19T09:20:30","date_gmt":"2023-04-19T09:20:30","guid":{"rendered":"https:\/\/tintafresca.net\/?p=26443"},"modified":"2023-04-19T09:39:45","modified_gmt":"2023-04-19T09:39:45","slug":"camara-de-leiria-aprova-contas-de-2022-com-reducao-de-20-da-divida-municipal","status":"publish","type":"post","link":"https:\/\/tintafresca.net\/index.php\/2023\/04\/19\/camara-de-leiria-aprova-contas-de-2022-com-reducao-de-20-da-divida-municipal\/","title":{"rendered":"C\u00e2mara de Leiria aprova contas de 2022 com redu\u00e7\u00e3o de 20% da d\u00edvida municipal"},"content":{"rendered":"<div id=\"attachment_10489\" style=\"width: 410px\" class=\"wp-caption alignleft\"><img loading=\"lazy\" decoding=\"async\" aria-describedby=\"caption-attachment-10489\" class=\"wp-image-10489\" src=\"https:\/\/tintafresca.net\/wp-content\/uploads\/2021\/11\/Leiria_Camara.jpg\" alt=\"\" width=\"400\" height=\"533\" srcset=\"https:\/\/tintafresca.net\/wp-content\/uploads\/2021\/11\/Leiria_Camara.jpg 500w, https:\/\/tintafresca.net\/wp-content\/uploads\/2021\/11\/Leiria_Camara-225x300.jpg 225w\" sizes=\"auto, (max-width: 400px) 100vw, 400px\" \/><p id=\"caption-attachment-10489\" class=\"wp-caption-text\">Sede da C\u00e2mara Municipal de Leiria<\/p><\/div>\n<p>A C\u00e2mara Municipal de Leiria aprovou esta ter\u00e7a-feira, dia 18 de abril, em reuni\u00e3o de C\u00e2mara os documentos de presta\u00e7\u00e3o de contas relativas a 2022, com os votos favor\u00e1veis dos vereadores do PS e contra dos independentes e do PSD, um exerc\u00edcio que fica marcado uma redu\u00e7\u00e3o da d\u00edvida de 20% e uma melhoria da taxa de execu\u00e7\u00e3o da despesa de 7% face ao ano anterior.<\/p>\n<p>Com um saldo global de \u20ac39.971.165,23 e uma poupan\u00e7a corrente de \u20ac29.181.114,17, o documento evidencia a preocupa\u00e7\u00e3o com uma gest\u00e3o rigorosa dos recursos financeiros que tem sido seguida nos \u00faltimos anos, de que s\u00e3o exemplo a redu\u00e7\u00e3o da d\u00edvida em 82% desde 2010, tendo-se registado, em 2022, uma redu\u00e7\u00e3o da d\u00edvida em 20%, ou seja, menos 3.501.263,31\u20ac, mantendo-se o prazo m\u00e9dio de pagamento a fornecedores entre os mais reduzidos do pa\u00eds, sendo de apenas seis dias.<\/p>\n<p>O exerc\u00edcio regista um saldo l\u00edquido de \u20ac2.809.369,51, com um aumento de 14% na despesa corrente, devido \u00e0 retoma de atividades p\u00f3s-pandemia (refei\u00e7\u00f5es escolares, eventos, custos com energia, entre outros), sendo compensado por um aumento de 18% na receita corrente.<\/p>\n<p>Destaca-se ainda um aumento da taxa de execu\u00e7\u00e3o da despesa de capital (investimento) de 9% face a 2021, tal como a continua\u00e7\u00e3o de uma forte aposta nas freguesias, com transfer\u00eancias de 8,26 M\u20ac (mais 12%) e no associativismo, com 7,7 M\u20ac para institui\u00e7\u00f5es sem fins lucrativos (mais 10%).<\/p>\n<p>Na retrospetiva do ano, constata-se um conjunto de investimentos com grande import\u00e2ncia para o concelho, de que s\u00e3o exemplos a requalifica\u00e7\u00e3o do Mercado Municipal, as interven\u00e7\u00f5es na Pra\u00e7a Santu\u00e1rio dos Milagres, Pra\u00e7a das Hort\u00eansias, Pavilh\u00e3o do Lis, Parque Verde, Rua D. Jos\u00e9 Alves Correia da Silva, Largo de S. Pedro, al\u00e9m dos investimentos que continuam em curso na constru\u00e7\u00e3o e requalifica\u00e7\u00e3o de escolas e centros de sa\u00fade (Amor, Bidoeira, Parceiros, Azoia e Barosa), Centro de Artes Villa Portela, Rua Mouzinho de Albuquerque, interven\u00e7\u00f5es nas estradas do concelho,\u00a0 investimentos em \u00e1reas decisivas para o futuro da regi\u00e3o e para a eleva\u00e7\u00e3o do n\u00edvel de qualidade de vida da popula\u00e7\u00e3o.<\/p>\n<p>Conforme real\u00e7a o presidente de C\u00e2mara, Gon\u00e7alo Lopes, na nota que acompanha do documento de presta\u00e7\u00e3o de contas, o ano de 2022 est\u00e1 inscrito num dos ciclos de gest\u00e3o municipal de maior exig\u00eancia da hist\u00f3ria recente de Portugal, marcado, primeiro pela pandemia, e depois pela invas\u00e3o da Ucr\u00e2nia pela Federa\u00e7\u00e3o Russa, situa\u00e7\u00e3o que veio agravar uma escalada de pre\u00e7os de mat\u00e9rias-primas que persiste, agravada pela crise energ\u00e9tica, com um fen\u00f3meno associado de aumento da infla\u00e7\u00e3o, com um impacto extraordin\u00e1rio na despesa corrente e na capacidade de investimento.<\/p>\n<p>\u201cApesar deste cen\u00e1rio, 2022 n\u00e3o deixa de ser um ano de que fazemos um balan\u00e7o muito positivo, na medida em que conseguimos dar resposta aos desafios referidos e em que concretiz\u00e1mos um importante conjunto de projetos de enorme import\u00e2ncia para a afirma\u00e7\u00e3o, atratividade e eleva\u00e7\u00e3o do n\u00edvel de qualidade de vida no nosso concelho\u201d, l\u00ea-se numa nota em que se destaca o trabalho desenvolvido ao n\u00edvel do rigor financeiro.<\/p>\n<p>\u201cContas feitas, o rigor financeiro \u00e9 e continuar\u00e1 a ser uma preocupa\u00e7\u00e3o central da nossa gest\u00e3o, aliado a uma vis\u00e3o ambiciosa do nosso concelho, que de resto est\u00e1 bem evidente na crescente atratividade de investimento e habitantes, que nos trar\u00e1 novos desafios, mas que fazem parte do processo de crescimento e de afirma\u00e7\u00e3o de Leiria no contexto nacional e internacional\u201d, refere Gon\u00e7alo Lopes, concluindo que, apesar das adversidades, em 2022 foi poss\u00edvel superar as dificuldades e manter um forte ritmo de crescimento e desenvolvimento do concelho.<\/p>\n<p><strong> Fonte: DCRP|CML<\/strong><\/p>\n","protected":false},"excerpt":{"rendered":"<p>A C\u00e2mara Municipal de Leiria aprovou esta ter\u00e7a-feira, dia 18 de abril, em reuni\u00e3o de C\u00e2mara os documentos de presta\u00e7\u00e3o de contas relativas a 2022, com os votos favor\u00e1veis dos vereadores do PS e contra dos independentes e do PSD, um exerc\u00edcio que fica marcado uma redu\u00e7\u00e3o da d\u00edvida de 20% e uma melhoria da [&hellip;]<\/p>\n","protected":false},"author":2,"featured_media":10490,"comment_status":"open","ping_status":"open","sticky":false,"template":"","format":"standard","meta":{"footnotes":""},"categories":[7],"tags":[],"class_list":["post-26443","post","type-post","status-publish","format-standard","has-post-thumbnail","hentry","category-economia"],"_links":{"self":[{"href":"https:\/\/tintafresca.net\/index.php\/wp-json\/wp\/v2\/posts\/26443","targetHints":{"allow":["GET"]}}],"collection":[{"href":"https:\/\/tintafresca.net\/index.php\/wp-json\/wp\/v2\/posts"}],"about":[{"href":"https:\/\/tintafresca.net\/index.php\/wp-json\/wp\/v2\/types\/post"}],"author":[{"embeddable":true,"href":"https:\/\/tintafresca.net\/index.php\/wp-json\/wp\/v2\/users\/2"}],"replies":[{"embeddable":true,"href":"https:\/\/tintafresca.net\/index.php\/wp-json\/wp\/v2\/comments?post=26443"}],"version-history":[{"count":2,"href":"https:\/\/tintafresca.net\/index.php\/wp-json\/wp\/v2\/posts\/26443\/revisions"}],"predecessor-version":[{"id":26445,"href":"https:\/\/tintafresca.net\/index.php\/wp-json\/wp\/v2\/posts\/26443\/revisions\/26445"}],"wp:featuredmedia":[{"embeddable":true,"href":"https:\/\/tintafresca.net\/index.php\/wp-json\/wp\/v2\/media\/10490"}],"wp:attachment":[{"href":"https:\/\/tintafresca.net\/index.php\/wp-json\/wp\/v2\/media?parent=26443"}],"wp:term":[{"taxonomy":"category","embeddable":true,"href":"https:\/\/tintafresca.net\/index.php\/wp-json\/wp\/v2\/categories?post=26443"},{"taxonomy":"post_tag","embeddable":true,"href":"https:\/\/tintafresca.net\/index.php\/wp-json\/wp\/v2\/tags?post=26443"}],"curies":[{"name":"wp","href":"https:\/\/api.w.org\/{rel}","templated":true}]}}