{"id":26466,"date":"2023-04-20T15:27:18","date_gmt":"2023-04-20T15:27:18","guid":{"rendered":"https:\/\/tintafresca.net\/?p=26466"},"modified":"2023-04-20T15:32:46","modified_gmt":"2023-04-20T15:32:46","slug":"municipio-de-santarem-fecha-2022-com-saldo-positivo-de-91-milhoes-de-euros-e-grandes-perspetivas-de-investimento-futuro","status":"publish","type":"post","link":"https:\/\/tintafresca.net\/index.php\/2023\/04\/20\/municipio-de-santarem-fecha-2022-com-saldo-positivo-de-91-milhoes-de-euros-e-grandes-perspetivas-de-investimento-futuro\/","title":{"rendered":"Munic\u00edpio de Santar\u00e9m gera saldo positivo de 9,1 milh\u00f5es \u20ac e espera grandes investimentos"},"content":{"rendered":"<div id=\"attachment_14328\" style=\"width: 510px\" class=\"wp-caption alignleft\"><img loading=\"lazy\" decoding=\"async\" aria-describedby=\"caption-attachment-14328\" class=\"wp-image-14328 size-full\" src=\"https:\/\/tintafresca.net\/wp-content\/uploads\/2022\/03\/Santarem_Camara20.jpg\" alt=\"\" width=\"500\" height=\"375\" \/><p id=\"caption-attachment-14328\" class=\"wp-caption-text\">Pa\u00e7os do concelho de Santar\u00e9m<\/p><\/div>\n<p>A C\u00e2mara Municipal de Santar\u00e9m aprovou o relat\u00f3rio de Gest\u00e3o e Presta\u00e7\u00e3o de Contas referentes ao ano de 2022, com a d\u00edvida comprovada mais baixa de sempre desde a entrada em vigor do POCAL.<\/p>\n<p>O Munic\u00edpio de Santar\u00e9m continua a apostar numa estrat\u00e9gia de crescimento e sustentabilidade econ\u00f3mico financeira, no crescimento, atra\u00e7\u00e3o de investimento, inova\u00e7\u00e3o e potenciais de crescimento, com vista a assegurar o desenvolvimento do Munic\u00edpio, melhorando as suas infraestruturas e fortalecendo-o na sua capacidade para atrair pessoas e alavancar o investimento.<\/p>\n<p>O relat\u00f3rio aprovado, resume os dados econ\u00f3mico financeiros mais relevantes do ano 2022, onde \u00e9 de real\u00e7ar a redu\u00e7\u00e3o da d\u00edvida municipal, que no final de 2011 ascendia a 99,7 milh\u00f5es de euros, e que no final do ano de 2022 se situa nos 36 milh\u00f5es de euros, apresentando assim uma diminui\u00e7\u00e3o de, sensivelmente, 64 milh\u00f5es de euros, o que representa uma redu\u00e7\u00e3o relativa de 64% em apenas onze anos e um aumento do\u00a0 total do ativo que atingiu, em 2022, o valor de 259 milh\u00f5es de euros, verificando-se um aumento de 10,3 milh\u00f5es de euros face ao valor atingido em 31\/12\/2021.<\/p>\n<p>Conjugados os rendimentos e os gastos do Munic\u00edpio ao longo do ano 2022, o resultado l\u00edquido do exerc\u00edcio apresenta-se positivo no valor de, sensivelmente, 4,3 milh\u00f5es de euros, aumentando 15% (564 mil euros) face ao obtido em 2021.<\/p>\n<p>No ano 2022, o Munic\u00edpio de Santar\u00e9m manteve o investimento em \u00e1reas priorit\u00e1rias como o apoio \u00e0s empresas e a promo\u00e7\u00e3o do emprego; a educa\u00e7\u00e3o, construindo e melhorando os espa\u00e7os escolares, tornando-os apropriados e adaptados para todas as crian\u00e7as, proporcionando ambientes de aprendizagem seguros e n\u00e3o violentos, inclusivos e eficazes para todos; o desporto, criando condi\u00e7\u00f5es para que os nossos jovens disponham das melhores condi\u00e7\u00f5es para o seu crescimento saud\u00e1vel; o apoio social, aumentando a resili\u00eancia daqueles que se encontram em situa\u00e7\u00e3o de maior vulnerabilidade, apoiando as institui\u00e7\u00f5es sociais, os bombeiros e os profissionais de sa\u00fade, as fam\u00edlias e as empresas; mas tamb\u00e9m o apoio \u00e0s Juntas de Freguesia, promovendo rela\u00e7\u00f5es econ\u00f3micas, sociais e ambientais positivas entre \u00e1reas urbanas, periurbanas e rurais, refor\u00e7ando o desenvolvimento e reconhecendo, desta forma, a sua interven\u00e7\u00e3o parceira no apoio \u00e0s popula\u00e7\u00f5es.<\/p>\n<p>&nbsp;<\/p>\n<p>Com os resultados alcan\u00e7ados, fica demonstrado que, com uma boa gest\u00e3o financeira, \u00e9 poss\u00edvel baixar impostos, baixar a divida e aumentar o investimento.<\/p>\n<p>&nbsp;<\/p>\n<p>&nbsp;<\/p>\n","protected":false},"excerpt":{"rendered":"<p>A C\u00e2mara Municipal de Santar\u00e9m aprovou o relat\u00f3rio de Gest\u00e3o e Presta\u00e7\u00e3o de Contas referentes ao ano de 2022, com a d\u00edvida comprovada mais baixa de sempre desde a entrada em vigor do POCAL. O Munic\u00edpio de Santar\u00e9m continua a apostar numa estrat\u00e9gia de crescimento e sustentabilidade econ\u00f3mico financeira, no crescimento, atra\u00e7\u00e3o de investimento, inova\u00e7\u00e3o [&hellip;]<\/p>\n","protected":false},"author":2,"featured_media":14329,"comment_status":"open","ping_status":"open","sticky":false,"template":"","format":"standard","meta":{"footnotes":""},"categories":[7],"tags":[],"class_list":["post-26466","post","type-post","status-publish","format-standard","has-post-thumbnail","hentry","category-economia"],"_links":{"self":[{"href":"https:\/\/tintafresca.net\/index.php\/wp-json\/wp\/v2\/posts\/26466","targetHints":{"allow":["GET"]}}],"collection":[{"href":"https:\/\/tintafresca.net\/index.php\/wp-json\/wp\/v2\/posts"}],"about":[{"href":"https:\/\/tintafresca.net\/index.php\/wp-json\/wp\/v2\/types\/post"}],"author":[{"embeddable":true,"href":"https:\/\/tintafresca.net\/index.php\/wp-json\/wp\/v2\/users\/2"}],"replies":[{"embeddable":true,"href":"https:\/\/tintafresca.net\/index.php\/wp-json\/wp\/v2\/comments?post=26466"}],"version-history":[{"count":6,"href":"https:\/\/tintafresca.net\/index.php\/wp-json\/wp\/v2\/posts\/26466\/revisions"}],"predecessor-version":[{"id":26472,"href":"https:\/\/tintafresca.net\/index.php\/wp-json\/wp\/v2\/posts\/26466\/revisions\/26472"}],"wp:featuredmedia":[{"embeddable":true,"href":"https:\/\/tintafresca.net\/index.php\/wp-json\/wp\/v2\/media\/14329"}],"wp:attachment":[{"href":"https:\/\/tintafresca.net\/index.php\/wp-json\/wp\/v2\/media?parent=26466"}],"wp:term":[{"taxonomy":"category","embeddable":true,"href":"https:\/\/tintafresca.net\/index.php\/wp-json\/wp\/v2\/categories?post=26466"},{"taxonomy":"post_tag","embeddable":true,"href":"https:\/\/tintafresca.net\/index.php\/wp-json\/wp\/v2\/tags?post=26466"}],"curies":[{"name":"wp","href":"https:\/\/api.w.org\/{rel}","templated":true}]}}