{"id":26533,"date":"2023-04-23T09:24:14","date_gmt":"2023-04-23T09:24:14","guid":{"rendered":"https:\/\/tintafresca.net\/?p=26533"},"modified":"2023-04-23T09:38:16","modified_gmt":"2023-04-23T09:38:16","slug":"comunidade-do-projeto-balcao-unico-do-predio-junta-se-na-batalha-no-dia-26-de-abril","status":"publish","type":"post","link":"https:\/\/tintafresca.net\/index.php\/2023\/04\/23\/comunidade-do-projeto-balcao-unico-do-predio-junta-se-na-batalha-no-dia-26-de-abril\/","title":{"rendered":"Comunidade do projeto Balc\u00e3o \u00danico do Pr\u00e9dio re\u00fane na Batalha com presen\u00e7a de 4 ministros"},"content":{"rendered":"<div id=\"attachment_26535\" style=\"width: 410px\" class=\"wp-caption alignleft\"><img loading=\"lazy\" decoding=\"async\" aria-describedby=\"caption-attachment-26535\" class=\"wp-image-26535\" src=\"https:\/\/tintafresca.net\/wp-content\/uploads\/2023\/04\/Batalha_BUPI10.png\" alt=\"\" width=\"400\" height=\"419\" srcset=\"https:\/\/tintafresca.net\/wp-content\/uploads\/2023\/04\/Batalha_BUPI10.png 476w, https:\/\/tintafresca.net\/wp-content\/uploads\/2023\/04\/Batalha_BUPI10-286x300.png 286w\" sizes=\"auto, (max-width: 400px) 100vw, 400px\" \/><p id=\"caption-attachment-26535\" class=\"wp-caption-text\">Cartaz<\/p><\/div>\n<p style=\"font-weight: 400;\">Com a presen\u00e7a de quatro ministros &#8211; Catarina Sarmento e Castro, da Justi\u00e7a, Mariana Vieira da Silva, da Presid\u00eancia, Duarte Cordeiro, do Ambiente e A\u00e7\u00e3o Clim\u00e1tica, e Ana Abrunhosa, da Coes\u00e3o Territorial -, realiza-se esta quarta-feira, dia 26 de abril, entre as 9h e as 17h, na Exposal\u00e3o, Batalha, o evento \u201cMapear o Futuro \u2013 Conhecer. Valorizar. Inovar\u201d &#8211; Encontro Anual BUPi 2023.<\/p>\n<p style=\"font-weight: 400;\">Para promover uma discuss\u00e3o em torno do territ\u00f3rio e dos seus desafios, este evento vai reunir, pela primeira vez, toda a comunidade do projeto Balc\u00e3o \u00danico do Pr\u00e9dio (BUPi), bem como v\u00e1rias entidades do setor p\u00fablico, ao n\u00edvel da administra\u00e7\u00e3o central, local e regional, do setor privado, do meio acad\u00e9mico e da comunidade cient\u00edfica, os cidad\u00e3os e o poder pol\u00edtico.<\/p>\n<p style=\"font-weight: 400;\">O evento \u201cMapear o Futuro \u2013 Conhecer. Valorizar. Inovar\u201d, organizado pela eBUPi, tem como objetivo debater como se ultrapassa o desafio de transformar o conhecimento do territ\u00f3rio em valor para o pa\u00eds atrav\u00e9s de uma vis\u00e3o estrat\u00e9gica e inovadora, colaborativa e consolidada, com recurso ao digital. Vai contar com quatro pain\u00e9is de discuss\u00e3o, onde mais de vinte oradores ir\u00e3o abordar, entre outras quest\u00f5es, o BUPi e o PRR no quadro da reforma de pol\u00edticas p\u00fablicas territoriais e o papel da tecnologia no suporte e acelera\u00e7\u00e3o da transi\u00e7\u00e3o clim\u00e1tica. Al\u00e9m dos pain\u00e9is de discuss\u00e3o, ser\u00e1 feito um balan\u00e7o dos resultados alcan\u00e7ados pelo projeto.<\/p>\n<p style=\"font-weight: 400;\">Um dos destaques do evento ser\u00e1, tamb\u00e9m, a cerim\u00f3nia de atribui\u00e7\u00e3o dos Pr\u00e9mios BUPi 2022, iniciativa criada com o prop\u00f3sito de reconhecer publicamente os principais interlocutores e impulsionadores do BUPi ao servi\u00e7o dos cidad\u00e3os e empresas, nomeadamente os munic\u00edpios, t\u00e9cnicos habilitados e Comunidades Intermunicipais (CIM) que mais se destacaram, em diversas \u00e1reas, e contribu\u00edram para o sucesso do projeto, no \u00e2mbito da expans\u00e3o do cadastro simplificado e do BUPi.<\/p>\n<p style=\"font-weight: 400;\">O BUPi encerrou 2022 com mais de\u00a0<a href=\"https:\/\/1milhaorgg.bupi.gov.pt\/\">um milh\u00e3o de propriedades identificadas na plataforma<\/a>. Com a entrada do munic\u00edpio de Tabua\u00e7o, no passado dia 20 de fevereiro, a plataforma que potencia o conhecimento do territ\u00f3rio est\u00e1, agora, presente em 144 dos 153 munic\u00edpios que n\u00e3o disp\u00f5em de cadastro predial e conta com o apoio de mais de 900 t\u00e9cnicos habilitados registados.\u00a0Mais de\u00a0200\u00a0mil cidad\u00e3os j\u00e1 identificaram as suas propriedades no \u00e2mbito do BUPi, de forma gratuita e sem aumento de impostos.<\/p>\n<p style=\"font-weight: 400;\">Consulte o <a href=\"https:\/\/mapearofuturo.pt\/\">programa atualizado<\/a>.<\/p>\n<p style=\"font-weight: 400;\"><u>Sobre o BUPi<\/u><\/p>\n<p style=\"font-weight: 400;\">Criado em 2017, enquanto projeto-piloto em 10 munic\u00edpios, o BUPi tem alavancado a sua presen\u00e7a nos munic\u00edpios sem cadastro predial desde o in\u00edcio de 2021, altura em que se deu in\u00edcio \u00e0 expans\u00e3o do projeto. 2022 foi o ano que mais contribuiu para este resultado, j\u00e1 que 75% do total das propriedades foram identificadas apenas neste per\u00edodo.<\/p>\n<p style=\"font-weight: 400;\">O BUPi \u00e9 um projeto financiado pelo Plano de Recupera\u00e7\u00e3o e Resili\u00eancia (PRR), integrado na \u00e1rea governativa da Justi\u00e7a, em articula\u00e7\u00e3o com o Ambiente e A\u00e7\u00e3o Clim\u00e1tica e com a Coes\u00e3o Territorial.<\/p>\n<p><strong>\u00a0 \u00a0 Fonte: GuessWhat<\/strong><\/p>\n","protected":false},"excerpt":{"rendered":"<p>Com a presen\u00e7a de quatro ministros &#8211; Catarina Sarmento e Castro, da Justi\u00e7a, Mariana Vieira da Silva, da Presid\u00eancia, Duarte Cordeiro, do Ambiente e A\u00e7\u00e3o Clim\u00e1tica, e Ana Abrunhosa, da Coes\u00e3o Territorial -, realiza-se esta quarta-feira, dia 26 de abril, entre as 9h e as 17h, na Exposal\u00e3o, Batalha, o evento \u201cMapear o Futuro \u2013 [&hellip;]<\/p>\n","protected":false},"author":2,"featured_media":26537,"comment_status":"open","ping_status":"open","sticky":false,"template":"","format":"standard","meta":{"footnotes":""},"categories":[11],"tags":[],"class_list":["post-26533","post","type-post","status-publish","format-standard","has-post-thumbnail","hentry","category-sociedade"],"_links":{"self":[{"href":"https:\/\/tintafresca.net\/index.php\/wp-json\/wp\/v2\/posts\/26533","targetHints":{"allow":["GET"]}}],"collection":[{"href":"https:\/\/tintafresca.net\/index.php\/wp-json\/wp\/v2\/posts"}],"about":[{"href":"https:\/\/tintafresca.net\/index.php\/wp-json\/wp\/v2\/types\/post"}],"author":[{"embeddable":true,"href":"https:\/\/tintafresca.net\/index.php\/wp-json\/wp\/v2\/users\/2"}],"replies":[{"embeddable":true,"href":"https:\/\/tintafresca.net\/index.php\/wp-json\/wp\/v2\/comments?post=26533"}],"version-history":[{"count":4,"href":"https:\/\/tintafresca.net\/index.php\/wp-json\/wp\/v2\/posts\/26533\/revisions"}],"predecessor-version":[{"id":26539,"href":"https:\/\/tintafresca.net\/index.php\/wp-json\/wp\/v2\/posts\/26533\/revisions\/26539"}],"wp:featuredmedia":[{"embeddable":true,"href":"https:\/\/tintafresca.net\/index.php\/wp-json\/wp\/v2\/media\/26537"}],"wp:attachment":[{"href":"https:\/\/tintafresca.net\/index.php\/wp-json\/wp\/v2\/media?parent=26533"}],"wp:term":[{"taxonomy":"category","embeddable":true,"href":"https:\/\/tintafresca.net\/index.php\/wp-json\/wp\/v2\/categories?post=26533"},{"taxonomy":"post_tag","embeddable":true,"href":"https:\/\/tintafresca.net\/index.php\/wp-json\/wp\/v2\/tags?post=26533"}],"curies":[{"name":"wp","href":"https:\/\/api.w.org\/{rel}","templated":true}]}}