{"id":26569,"date":"2023-04-24T18:46:37","date_gmt":"2023-04-24T18:46:37","guid":{"rendered":"https:\/\/tintafresca.net\/?p=26569"},"modified":"2023-04-24T18:56:48","modified_gmt":"2023-04-24T18:56:48","slug":"20-o-aniversario-da-galeria-municipal-pacos-vai-comecar-a-ser-comemorado-em-torres-vedras","status":"publish","type":"post","link":"https:\/\/tintafresca.net\/index.php\/2023\/04\/24\/20-o-aniversario-da-galeria-municipal-pacos-vai-comecar-a-ser-comemorado-em-torres-vedras\/","title":{"rendered":"20.\u00ba anivers\u00e1rio da Galeria Municipal Pa\u00e7os vai come\u00e7ar a ser comemorado em Torres Vedras"},"content":{"rendered":"<div id=\"attachment_26571\" style=\"width: 510px\" class=\"wp-caption alignleft\"><img loading=\"lazy\" decoding=\"async\" aria-describedby=\"caption-attachment-26571\" class=\"wp-image-26571\" src=\"https:\/\/tintafresca.net\/wp-content\/uploads\/2023\/04\/TV_Pacos_Galeria.jpg\" alt=\"\" width=\"500\" height=\"281\" srcset=\"https:\/\/tintafresca.net\/wp-content\/uploads\/2023\/04\/TV_Pacos_Galeria.jpg 720w, https:\/\/tintafresca.net\/wp-content\/uploads\/2023\/04\/TV_Pacos_Galeria-300x169.jpg 300w\" sizes=\"auto, (max-width: 500px) 100vw, 500px\" \/><p id=\"caption-attachment-26571\" class=\"wp-caption-text\">Cartaz<\/p><\/div>\n<p>A Pa\u00e7os &#8211; Galeria Municipal de Torres Vedras comemora, no dia 25 de abril, 20 anos de exist\u00eancia. Essa data marcante ser\u00e1 comemorada com um programa de atividades de car\u00e1ter reflexivo relacionado com o percurso da Pa\u00e7os, o qual ter\u00e1 in\u00edcio no dia da \u201cRevolu\u00e7\u00e3o dos Cravos\u201d e se estender\u00e1 at\u00e9 ao final do ano.<\/p>\n<p>O primeiro momento desse programa ser\u00e1 a inaugura\u00e7\u00e3o da exposi\u00e7\u00e3o 20 Anos | Pa\u00e7os &#8211; Galeria Municipal de Torres Vedras, uma mostra coletiva constitu\u00edda por trabalhos da autoria de artistas ligados ao territ\u00f3rio do concelho de Torres Vedras (Andr\u00e9 Avelar, Andr\u00e9 Venceslau, Antero Val\u00e9rio, Ant\u00f3nio B\u00e1rtolo, Arnalda Maia, Assun\u00e7\u00e3o Ven\u00e2ncio, Beatriz Fernandes, Burry Buermans, Carolina Sardinha, Domingos Oliveira, Edite Melo, Joana Maria, Jo\u00e3o Francisco, Jo\u00e3o Henriques, Jo\u00e3o Paulo Barrinha, Jorge Humberto Marques (JOH), Jorge Ponce, Jos\u00e9 Pedro Sobreiro, Jos\u00e9 Sanina, J\u00falia Lema Barros, Lu\u00edsa Miguens, Lurdes Morais, Madalena Bastos, Mafalda Marques, Mara Costa, Maria Lu\u00edsa Figueiredo, Marian van der Zwaan, M\u00e1rio Rui Hip\u00f3lito, Marisa Martins, Marta Roml, Miguel Augusto, Nan\u00e3 Sousa Dias, Pedro Rodrigues (Mr. P), Pierre Linares, Rafael Faria, Ricardo Martins, Rodrigo Vicente, Rog\u00e9rio Abreu, Sandra Casaca, Sidney Cerqueira, T\u00e2nia Cl\u00edmaco, T\u00e2nia Ferr\u00e3o e Vanessa \u00c9ffe). Essa mostra, que ser\u00e1 inaugurada pelas 12h00 do dia 25 de abril, estar\u00e1 patente na Pa\u00e7os at\u00e9 22 de julho.<\/p>\n<p>As comemora\u00e7\u00f5es do 20.\u00ba anivers\u00e1rio da Galeria Municipal de Torres Vedras prosseguir\u00e3o no per\u00edodo da tarde do dia 25 de abril com um conjunto de a\u00e7\u00f5es que decorrer\u00e3o nesse espa\u00e7o cultural e na Pra\u00e7a do Munic\u00edpio de Torres Vedras. Nesse \u00e2mbito, ser\u00e1 proporcionado das 15h00 \u00e0s 18h00: uma demonstra\u00e7\u00e3o participativa da t\u00e9cnica de serigrafia, por Jos\u00e9 Gomes; fotografia \u201c\u00e1 la minute\u201d, por Jo\u00e3o Paulo Barrinha; anima\u00e7\u00e3o performativa, pela TEIA; e a execu\u00e7\u00e3o de retratos n\u00e3o fotogr\u00e1ficos em monotipia, por Renata Bueno. Pelas 16h30 o Ensemble Inopinatum realizar\u00e1 uma atua\u00e7\u00e3o em que interpretar\u00e1 m\u00fasica tradicional e do mundo.<\/p>\n<p>J\u00e1 em maio, em sextas-feiras (dias 5, 12 e 19), pelas 21h45, ser\u00e1 dinamizado, tamb\u00e9m no \u00e2mbito das referidas comemora\u00e7\u00f5es, um ciclo de cinema ao ar livre intitulado \u201cH\u00e1 S\u00e9tima Arte na Pra\u00e7a do Munic\u00edpio\u201d. As sess\u00f5es desse ciclo dedicado \u00e0s Artes Visuais, programado pelo Acad\u00e9mico de Torres Vedras e pela Pa\u00e7os &#8211; Galeria Municipal de Torres Vedras, contar\u00e3o com a presen\u00e7a de convidados, no intuito de pensar e debater os temas abordados nos filmes exibidos, bem como quest\u00f5es mais abrangentes, como a presen\u00e7a e influ\u00eancia das Artes Visuais na S\u00e9tima Arte. No dia 5 ser\u00e1 exibido o filme Visages, Villages (2017), de Jr e Agnes Varda; no dia 12, Sem querer (2011), de Jo\u00e3o Fazenda e Ruben Brandt; e no dia 19, Pelas Sombras (2010), de Catarina Mour\u00e3o.<\/p>\n<p>Tamb\u00e9m em maio, e igualmente no \u00e2mbito do programa comemorativo do 20.\u00ba anivers\u00e1rio da Pa\u00e7os, ser\u00e1 proporcionada, no Porta 5 &#8211; Espa\u00e7o Cultural, a atividade \u201cAdubo Criativo\u201d. A mesma consistir\u00e1 em duas oficinas: uma de linogravura, orientada por Mariana Santos, que ter\u00e1 lugar no dia 19, das 18h30 \u00e0s 21h00; e uma de gravura com base na t\u00e9cnica de ponta seca, orientada por Estela Costa, que se realizar\u00e1 no dia 27 de maio, das 10h30 \u00e0s 12h30 e das 14h00 \u00e0s 17h00. As inscri\u00e7\u00f5es para a participa\u00e7\u00e3o nessas oficinas devem ser efetuadas at\u00e9, respetivamente, 16 e 25 de maio, pelo n.\u00ba de telefone: 261 334 041; ou pelo email: galeriaservicoeducativo@cm-tvedras.pt.<\/p>\n<p>As comemora\u00e7\u00f5es do 20.\u00ba anivers\u00e1rio da Galeria Municipal de Torres Vedras ter\u00e3o continuidade at\u00e9 dezembro com a inaugura\u00e7\u00e3o de mais exposi\u00e7\u00f5es, bem como com a realiza\u00e7\u00e3o de visitas-guiadas, oficinas art\u00edsticas, uma resid\u00eancia art\u00edstica, conversas e um mercado de autor.<\/p>\n","protected":false},"excerpt":{"rendered":"<p>A Pa\u00e7os &#8211; Galeria Municipal de Torres Vedras comemora, no dia 25 de abril, 20 anos de exist\u00eancia. Essa data marcante ser\u00e1 comemorada com um programa de atividades de car\u00e1ter reflexivo relacionado com o percurso da Pa\u00e7os, o qual ter\u00e1 in\u00edcio no dia da \u201cRevolu\u00e7\u00e3o dos Cravos\u201d e se estender\u00e1 at\u00e9 ao final do ano. [&hellip;]<\/p>\n","protected":false},"author":2,"featured_media":26572,"comment_status":"open","ping_status":"open","sticky":false,"template":"","format":"standard","meta":{"footnotes":""},"categories":[5],"tags":[],"class_list":["post-26569","post","type-post","status-publish","format-standard","has-post-thumbnail","hentry","category-artes"],"_links":{"self":[{"href":"https:\/\/tintafresca.net\/index.php\/wp-json\/wp\/v2\/posts\/26569","targetHints":{"allow":["GET"]}}],"collection":[{"href":"https:\/\/tintafresca.net\/index.php\/wp-json\/wp\/v2\/posts"}],"about":[{"href":"https:\/\/tintafresca.net\/index.php\/wp-json\/wp\/v2\/types\/post"}],"author":[{"embeddable":true,"href":"https:\/\/tintafresca.net\/index.php\/wp-json\/wp\/v2\/users\/2"}],"replies":[{"embeddable":true,"href":"https:\/\/tintafresca.net\/index.php\/wp-json\/wp\/v2\/comments?post=26569"}],"version-history":[{"count":2,"href":"https:\/\/tintafresca.net\/index.php\/wp-json\/wp\/v2\/posts\/26569\/revisions"}],"predecessor-version":[{"id":26573,"href":"https:\/\/tintafresca.net\/index.php\/wp-json\/wp\/v2\/posts\/26569\/revisions\/26573"}],"wp:featuredmedia":[{"embeddable":true,"href":"https:\/\/tintafresca.net\/index.php\/wp-json\/wp\/v2\/media\/26572"}],"wp:attachment":[{"href":"https:\/\/tintafresca.net\/index.php\/wp-json\/wp\/v2\/media?parent=26569"}],"wp:term":[{"taxonomy":"category","embeddable":true,"href":"https:\/\/tintafresca.net\/index.php\/wp-json\/wp\/v2\/categories?post=26569"},{"taxonomy":"post_tag","embeddable":true,"href":"https:\/\/tintafresca.net\/index.php\/wp-json\/wp\/v2\/tags?post=26569"}],"curies":[{"name":"wp","href":"https:\/\/api.w.org\/{rel}","templated":true}]}}