{"id":26584,"date":"2023-04-25T16:46:13","date_gmt":"2023-04-25T16:46:13","guid":{"rendered":"https:\/\/tintafresca.net\/?p=26584"},"modified":"2023-04-25T16:57:16","modified_gmt":"2023-04-25T16:57:16","slug":"psd-critica-presidente-da-assembleia-municipal-25-de-abril-na-batalha-nao-e-de-todos","status":"publish","type":"post","link":"https:\/\/tintafresca.net\/index.php\/2023\/04\/25\/psd-critica-presidente-da-assembleia-municipal-25-de-abril-na-batalha-nao-e-de-todos\/","title":{"rendered":"Vereadores do PSD criticam presidente da Assembleia Municipal: \u201c25 de Abril na Batalha n\u00e3o \u00e9 de todos\u201d"},"content":{"rendered":"<div id=\"attachment_26586\" style=\"width: 510px\" class=\"wp-caption alignleft\"><img loading=\"lazy\" decoding=\"async\" aria-describedby=\"caption-attachment-26586\" class=\"wp-image-26586 size-full\" src=\"https:\/\/tintafresca.net\/wp-content\/uploads\/2023\/04\/Batalha-vereadores.jpg\" alt=\"\" width=\"500\" height=\"375\" srcset=\"https:\/\/tintafresca.net\/wp-content\/uploads\/2023\/04\/Batalha-vereadores.jpg 500w, https:\/\/tintafresca.net\/wp-content\/uploads\/2023\/04\/Batalha-vereadores-300x225.jpg 300w\" sizes=\"auto, (max-width: 500px) 100vw, 500px\" \/><p id=\"caption-attachment-26586\" class=\"wp-caption-text\">Joaquim Ruivo com a verea\u00e7\u00e3o da C\u00e2mara Municipal da Batalha, no dia da tomada de posse<\/p><\/div>\n<p>Vereadores do PSD acusam Joaquim Ruivo de escolher m\u00fasica de Zeca Afonso e outras m\u00fasicas revolucion\u00e1riasEsta segunda-feira, dia 24 de abril, os vereadores eleitos pelo PSD Batalha apresentaram em sede de reuni\u00e3o de c\u00e2mara um voto de protesto\u00a0 sobre as comemora\u00e7\u00f5es do 25 de abril no concelho.<\/p>\n<p>Por exclusiva decis\u00e3o do Presidente da Assembleia Municipal, Joaquim Ruivo, e dos elementos do Movimento \u201cA Batalha \u00e9 de Todos\u201d, foi agendada uma sess\u00e3o comemorativa do dia 25 de abril, dia da Revolu\u00e7\u00e3o dos Cravos, a realizar nas Capelas Imperfeitas do Mosteiro da Batalha, &#8220;com concertos evocativos de Zeca Afonso e de outras m\u00fasicas revolucion\u00e1rias, bem ao jeito de uma certa esquerda radical que tomou o dia 25 de abril como uma evoca\u00e7\u00e3o ideol\u00f3gica e dos valores do PREC&#8221;, acusam os autarcas socias democratas.<\/p>\n<p>Para a Sess\u00e3o Solene comemorativa do 49\u00ba anivers\u00e1rio do 25 de abril, a organiza\u00e7\u00e3o da Assembleia Municipal simplesmente ignorou os elementos da oposi\u00e7\u00e3o, n\u00e3o convidou sequer toda a verea\u00e7\u00e3o da C\u00e2mara Municipal e foi ao pormenor de pretender escolher quem em nome do Partido Social Democrata poderia intervir na dita Sess\u00e3o Solene.<\/p>\n<p>Para os vereadores do PSD na C\u00e2mara Municipal, \u201cesta atitude prepotente envergonha a Democracia e revela afinal que a \u00abBatalha n\u00e3o \u00e9 de Todos\u00bb, bem pelo contr\u00e1rio, cada vez mais parece ser apenas de alguns privilegiados que se consideram donos das institui\u00e7\u00f5es p\u00fablicas da Batalha, confundindo os deveres de dire\u00e7\u00e3o de uma Institui\u00e7\u00e3o do Estado com a a\u00e7\u00e3o pol\u00edtica e ignorando os princ\u00edpios b\u00e1sicos da conviv\u00eancia democr\u00e1tica, na qual o valor das oposi\u00e7\u00f5es \u00e9 t\u00e3o relevante como aqueles que momentaneamente exercem o Poder.<\/p>\n<p>Por essa raz\u00e3o, os vereadores eleitos pelo PSD recordam a Joaquim Ruivo e aos respons\u00e1veis do Movimento Independente que a democracia \u00e9 de todos. Dentro dos limites previstos na Constitui\u00e7\u00e3o, na qual nem todos parecem conhecer, as express\u00f5es pol\u00edticas e ideol\u00f3gicas n\u00e3o implicam iner\u00eancias nem privil\u00e9gios na rela\u00e7\u00e3o de qualquer organiza\u00e7\u00e3o com o sistema democr\u00e1tico.<\/p>\n<p>Para o PSD e os seus eleitos, \u201cn\u00e3o basta proclamar os valores da democracia, \u00e9 preciso mesmo acreditar que dela emanam o Estado de Direito e as liberdades que tornam poss\u00edvel o debate pol\u00edtico, a liberdade de imprensa e de express\u00e3o, bem assim o respeito pela diferen\u00e7a de opini\u00e3o e um profundo conhecimento da hist\u00f3ria e luta pela democracia que muitos batalhenses se envolveram no 25 de abril, mas tamb\u00e9m dos meses seguintes, onde um punhado de homens bons desta terra impediram que os defensores do PREC tomassem conta das empresas e do poder local.\u201d<\/p>\n<p>Nestas circunst\u00e2ncias, os representantes democraticamente eleitos pelo Partido Social Democrata consideram que \u201cos valores da liberdade jamais podem ser confundidos com este tipo de atitudes autorit\u00e1rias\u201d e expressam \u201co seu mais veemente protesto pela a\u00e7\u00e3o do presidente da Assembleia Municipal e diretor do Mosteiro da Batalha, que faz uso da dupla qualidade para iniciativas pol\u00edticas de mera fa\u00e7\u00e3o pol\u00edtica, pelo que n\u00e3o poder\u00e3o contar com a nossa ades\u00e3o ou concord\u00e2ncia. Infelizmente, na Batalha o 25 de abril n\u00e3o \u00e9 de todos!\u201d<\/p>\n","protected":false},"excerpt":{"rendered":"<p>Vereadores do PSD acusam Joaquim Ruivo de escolher m\u00fasica de Zeca Afonso e outras m\u00fasicas revolucion\u00e1riasEsta segunda-feira, dia 24 de abril, os vereadores eleitos pelo PSD Batalha apresentaram em sede de reuni\u00e3o de c\u00e2mara um voto de protesto\u00a0 sobre as comemora\u00e7\u00f5es do 25 de abril no concelho. Por exclusiva decis\u00e3o do Presidente da Assembleia Municipal, [&hellip;]<\/p>\n","protected":false},"author":2,"featured_media":26588,"comment_status":"open","ping_status":"open","sticky":false,"template":"","format":"standard","meta":{"footnotes":""},"categories":[11],"tags":[],"class_list":["post-26584","post","type-post","status-publish","format-standard","has-post-thumbnail","hentry","category-sociedade"],"_links":{"self":[{"href":"https:\/\/tintafresca.net\/index.php\/wp-json\/wp\/v2\/posts\/26584","targetHints":{"allow":["GET"]}}],"collection":[{"href":"https:\/\/tintafresca.net\/index.php\/wp-json\/wp\/v2\/posts"}],"about":[{"href":"https:\/\/tintafresca.net\/index.php\/wp-json\/wp\/v2\/types\/post"}],"author":[{"embeddable":true,"href":"https:\/\/tintafresca.net\/index.php\/wp-json\/wp\/v2\/users\/2"}],"replies":[{"embeddable":true,"href":"https:\/\/tintafresca.net\/index.php\/wp-json\/wp\/v2\/comments?post=26584"}],"version-history":[{"count":4,"href":"https:\/\/tintafresca.net\/index.php\/wp-json\/wp\/v2\/posts\/26584\/revisions"}],"predecessor-version":[{"id":26590,"href":"https:\/\/tintafresca.net\/index.php\/wp-json\/wp\/v2\/posts\/26584\/revisions\/26590"}],"wp:featuredmedia":[{"embeddable":true,"href":"https:\/\/tintafresca.net\/index.php\/wp-json\/wp\/v2\/media\/26588"}],"wp:attachment":[{"href":"https:\/\/tintafresca.net\/index.php\/wp-json\/wp\/v2\/media?parent=26584"}],"wp:term":[{"taxonomy":"category","embeddable":true,"href":"https:\/\/tintafresca.net\/index.php\/wp-json\/wp\/v2\/categories?post=26584"},{"taxonomy":"post_tag","embeddable":true,"href":"https:\/\/tintafresca.net\/index.php\/wp-json\/wp\/v2\/tags?post=26584"}],"curies":[{"name":"wp","href":"https:\/\/api.w.org\/{rel}","templated":true}]}}