{"id":26615,"date":"2023-04-26T17:21:49","date_gmt":"2023-04-26T17:21:49","guid":{"rendered":"https:\/\/tintafresca.net\/?p=26615"},"modified":"2023-04-27T07:51:56","modified_gmt":"2023-04-27T07:51:56","slug":"ministra-da-agricultura-reve-em-alta-as-exportacoes-de-peixe-em-2022-para-1-317-milhoes","status":"publish","type":"post","link":"https:\/\/tintafresca.net\/index.php\/2023\/04\/26\/ministra-da-agricultura-reve-em-alta-as-exportacoes-de-peixe-em-2022-para-1-317-milhoes\/","title":{"rendered":"Ministra da Agricultura rev\u00ea em alta exporta\u00e7\u00f5es de peixe em 2022 para 1.317 milh\u00f5es"},"content":{"rendered":"<div id=\"attachment_9479\" style=\"width: 510px\" class=\"wp-caption alignleft\"><img loading=\"lazy\" decoding=\"async\" aria-describedby=\"caption-attachment-9479\" class=\"wp-image-9479 size-full\" src=\"https:\/\/tintafresca.net\/wp-content\/uploads\/2021\/10\/Nazare_Luis_Silverio10.jpg\" alt=\"\" width=\"500\" height=\"267\" srcset=\"https:\/\/tintafresca.net\/wp-content\/uploads\/2021\/10\/Nazare_Luis_Silverio10.jpg 500w, https:\/\/tintafresca.net\/wp-content\/uploads\/2021\/10\/Nazare_Luis_Silverio10-300x160.jpg 300w\" sizes=\"auto, (max-width: 500px) 100vw, 500px\" \/><p id=\"caption-attachment-9479\" class=\"wp-caption-text\">Embalagem de carapau seco da Nazar\u00e9<\/p><\/div>\n<p>A ministra Agricultura e da Alimenta\u00e7\u00e3o, Maria do C\u00e9u Antunes, fez esta quarta-feira, dia 26 de abril, em Barcelona, uma corre\u00e7\u00e3o em alta ao montante das exporta\u00e7\u00f5es de peixe portugu\u00eas em 2022: segundo a ministra, o n\u00famero final do Instituto Nacional de Estat\u00edstica (INE) \u00e9 de 1.317 milh\u00f5es de euros, o que suplanta em cerca de 10% os n\u00fameros da pr\u00f3pria Associa\u00e7\u00e3o da Ind\u00fastria Alimentar pelo Frio \u2013 ALIF, que representa o setor.<\/p>\n<p>Na visita \u00e0 Seafood Expo Global em Barcelona, a maior feira de peixe do mundo, Maria do C\u00e9u Antunes revelou \u00e0s empresas portuguesas presentes que as suas exporta\u00e7\u00f5es no ano passado foram afinal, segundo os n\u00fameros finais do INE, 10% superiores ao que se calculava. Para 2023 a ministra estima um crescimento de 15%, ultrapassando os 1.500 milh\u00f5es de exporta\u00e7\u00f5es de produtos de pescado.<\/p>\n<p>\u201cO que \u00e9 expect\u00e1vel que aconte\u00e7a em 2023 \u00e9 um aumento de 15%\u201d destes n\u00fameros, afirmou Maria do C\u00e9u Antunes, o que projeta as exporta\u00e7\u00f5es da ind\u00fastria do mar portuguesa para l\u00e1 da fasquia hist\u00f3rica dos 1.500 milh\u00f5es.<\/p>\n<p>O presidente da ALIF, Manuel Tarr\u00e9, saudou os novos n\u00fameros das exporta\u00e7\u00f5es trazidos pela ministra e confirmou que o aumento de competitividade dos produtos de pescado portugueses no mercado internacional vai ao encontro do que anunciou a ministra: \u201cO setor do pescado portugu\u00eas continua todos os anos a aumentar o seu peso econ\u00f3mico no pa\u00eds e, sobretudo, as suas exporta\u00e7\u00f5es: para 2023 prevemos, de facto, um aumento que pode ir at\u00e9 aos 15%\u201d.<\/p>\n<p>A ministra \u2013 acompanhada pela secret\u00e1ria de Estado das Pescas, Teresa Coelho \u2013 visitou na manh\u00e3 desta quarta-feira, dia 26 de abril, a representa\u00e7\u00e3o portuguesa na Seafood Expo Global, a maior feira de peixe do mundo, que decorre at\u00e9 dia 27 de abril em Barcelona.<\/p>\n<p>A ind\u00fastria do mar portuguesa tem na edi\u00e7\u00e3o deste ano da Seafood Expo Global a sua maior representa\u00e7\u00e3o de sempre. S\u00e3o 18 os grupos empresariais em Barcelona, no maior espa\u00e7o expositivo alguma vez organizado pela ALIF \u2013 464 metros quadrados no Hall 4, bem no centro da feira.<\/p>\n<p><strong>Mais 24 milh\u00f5es de apoio ao setor do pescado <\/strong><\/p>\n<p>\u201cSegundo os dados j\u00e1 finalizados do INE, atingimos em 2022 mais de 1.300 milh\u00f5es de euros de exporta\u00e7\u00f5es de pescado\u201d, afirmou a ministra da Agricultura e da Alimenta\u00e7\u00e3o. \u201cPor isso queremos continuar a estimular o setor e \u2013 tal como em 2022 decidimos apoios extraordin\u00e1rios para fazer face aos custos energ\u00e9ticos \u2013 estamos agora a preparar mais um conjunto de apoios que, numa primeira fase de candidaturas, ter\u00e1 o montante de 24 milh\u00f5es de euros\u201d. Na avalia\u00e7\u00e3o da ministra, as empresas do setor \u201cs\u00e3o representantes do melhor que se faz em Portugal\u201d.<\/p>\n<p>Para Manuel Tarr\u00e9, presidente da ALIF, \u201cno crescimento das exporta\u00e7\u00f5es portuguesas tem desempenhado um papel muito importante a presen\u00e7a constante da ind\u00fastria portuguesa nas grandes feiras internacionais, como \u00e9 o caso da Seafood Expo Global, de uma forma cada vez mais qualificada\u201d. Os mercados de maior crescimento das exporta\u00e7\u00f5es t\u00eam sido a It\u00e1lia, a Alemanha e a Fran\u00e7a.<\/p>\n<p>Segundo a ALIF, a principal raz\u00e3o do sucesso do peixe portugu\u00eas nos mercados nacionais s\u00e3o os investimentos feitos pela ind\u00fastria nos layouts das suas f\u00e1bricas, tornando-as cada mais otimizadas nos seus custos de produ\u00e7\u00e3o nos \u00faltimos anos e qualificando os seus processos, que se tornaram ambientalmente sustent\u00e1veis, uma din\u00e2mica na qual os apoios nacionais e europeus \u00e0s PME desempenharam um papel muito importante. Dessa qualifica\u00e7\u00e3o resultou o aumento de qualidade nutritiva e gastron\u00f3mica dos peixes utilizados.<\/p>\n<p>\u201cO peixe que as empresas portuguesas apresentam ao mercado internacional \u00e9 cada vez melhor\u201d, afirma Manuel Tarr\u00e9. \u201cOs mercados e os consumidores estrangeiros percebem isso, reconhecem-no, e correspondem comprando e consumindo cada vez mais peixe portugu\u00eas\u201d.<\/p>\n<p>O pescado portugu\u00eas \u00e9 atualmente o segundo produto agroalimentar com mais peso nas exporta\u00e7\u00f5es do pa\u00eds, \u00e0 frente do vinho e do azeite e apenas atr\u00e1s das exporta\u00e7\u00f5es agregadas de frutas, legumes e flores. A fileira \u2013 que inclui a pesca, a aquacultura e a transforma\u00e7\u00e3o do pescado \u2013 emprega 60 mil pessoas e representa, segundo os valores hoje revelados pela ministra da Agricultura e Alimenta\u00e7\u00e3o, um Valor Acrescentado Bruto (VAB) superior a dois mil milh\u00f5es de euros.<\/p>\n<p>As empresas portuguesas presentes na Seafood Expo Global, em Barcelona, s\u00e3o Riberalves, Marcabo, Lurdes Narciso, Soguima, Mar-Ib\u00e9rica, Congelados Moreira, Coelho &amp; Dias, Grupo Frip, Gelpeixe, Luis Silv\u00e9rio &amp; Filhos, Nigel, Ilhapeixe, Rui Costa e Sousa &amp; Irm\u00e3os, Frijobel, Gialmar, Coopaqua, Docapesca e Lota\u00e7or.<\/p>\n<p><strong>Fonte: LAComunica\u00e7\u00e3o<\/strong><\/p>\n","protected":false},"excerpt":{"rendered":"<p>A ministra Agricultura e da Alimenta\u00e7\u00e3o, Maria do C\u00e9u Antunes, fez esta quarta-feira, dia 26 de abril, em Barcelona, uma corre\u00e7\u00e3o em alta ao montante das exporta\u00e7\u00f5es de peixe portugu\u00eas em 2022: segundo a ministra, o n\u00famero final do Instituto Nacional de Estat\u00edstica (INE) \u00e9 de 1.317 milh\u00f5es de euros, o que suplanta em cerca [&hellip;]<\/p>\n","protected":false},"author":2,"featured_media":26632,"comment_status":"open","ping_status":"open","sticky":false,"template":"","format":"standard","meta":{"footnotes":""},"categories":[7],"tags":[],"class_list":["post-26615","post","type-post","status-publish","format-standard","has-post-thumbnail","hentry","category-economia"],"_links":{"self":[{"href":"https:\/\/tintafresca.net\/index.php\/wp-json\/wp\/v2\/posts\/26615","targetHints":{"allow":["GET"]}}],"collection":[{"href":"https:\/\/tintafresca.net\/index.php\/wp-json\/wp\/v2\/posts"}],"about":[{"href":"https:\/\/tintafresca.net\/index.php\/wp-json\/wp\/v2\/types\/post"}],"author":[{"embeddable":true,"href":"https:\/\/tintafresca.net\/index.php\/wp-json\/wp\/v2\/users\/2"}],"replies":[{"embeddable":true,"href":"https:\/\/tintafresca.net\/index.php\/wp-json\/wp\/v2\/comments?post=26615"}],"version-history":[{"count":6,"href":"https:\/\/tintafresca.net\/index.php\/wp-json\/wp\/v2\/posts\/26615\/revisions"}],"predecessor-version":[{"id":26622,"href":"https:\/\/tintafresca.net\/index.php\/wp-json\/wp\/v2\/posts\/26615\/revisions\/26622"}],"wp:featuredmedia":[{"embeddable":true,"href":"https:\/\/tintafresca.net\/index.php\/wp-json\/wp\/v2\/media\/26632"}],"wp:attachment":[{"href":"https:\/\/tintafresca.net\/index.php\/wp-json\/wp\/v2\/media?parent=26615"}],"wp:term":[{"taxonomy":"category","embeddable":true,"href":"https:\/\/tintafresca.net\/index.php\/wp-json\/wp\/v2\/categories?post=26615"},{"taxonomy":"post_tag","embeddable":true,"href":"https:\/\/tintafresca.net\/index.php\/wp-json\/wp\/v2\/tags?post=26615"}],"curies":[{"name":"wp","href":"https:\/\/api.w.org\/{rel}","templated":true}]}}