{"id":26739,"date":"2023-05-01T13:11:56","date_gmt":"2023-05-01T13:11:56","guid":{"rendered":"https:\/\/tintafresca.net\/?p=26739"},"modified":"2023-05-01T13:24:57","modified_gmt":"2023-05-01T13:24:57","slug":"pcp-entregou-projeto-de-resolucao-na-assembleia-da-republica-sobre-a-salvaguarda-da-bacia-hidrografica-do-lis","status":"publish","type":"post","link":"https:\/\/tintafresca.net\/index.php\/2023\/05\/01\/pcp-entregou-projeto-de-resolucao-na-assembleia-da-republica-sobre-a-salvaguarda-da-bacia-hidrografica-do-lis\/","title":{"rendered":"PCP entregou Projeto de Resolu\u00e7\u00e3o na Assembleia da Rep\u00fablica sobre a salvaguarda da bacia hidrogr\u00e1fica do Lis"},"content":{"rendered":"<div id=\"attachment_23604\" style=\"width: 410px\" class=\"wp-caption alignleft\"><img loading=\"lazy\" decoding=\"async\" aria-describedby=\"caption-attachment-23604\" class=\"wp-image-23604\" src=\"https:\/\/tintafresca.net\/wp-content\/uploads\/2023\/01\/Rio_Lis10.jpg\" alt=\"\" width=\"400\" height=\"533\" srcset=\"https:\/\/tintafresca.net\/wp-content\/uploads\/2023\/01\/Rio_Lis10.jpg 500w, https:\/\/tintafresca.net\/wp-content\/uploads\/2023\/01\/Rio_Lis10-225x300.jpg 225w\" sizes=\"auto, (max-width: 400px) 100vw, 400px\" \/><p id=\"caption-attachment-23604\" class=\"wp-caption-text\">Rio Lis<\/p><\/div>\n<p>O PCP apresentou na Assembleia da Rep\u00fablica um Projeto de Resolu\u00e7\u00e3o onde se prop\u00f5e, designadamente que o Governo, ainda em 2023, desenvolva um Programa de A\u00e7\u00e3o para o tratamento dos efluentes suin\u00edcolas gerados na bacia hidrogr\u00e1fica do rio Lis, utilizando inclusivamente verbas do PRR para a execu\u00e7\u00e3o no terreno das solu\u00e7\u00f5es infraestruturais, bem como, a realiza\u00e7\u00e3o de um Projeto-Piloto de Defesa das Massas de \u00c1gua da bacia do rio Lis, que inclua um programa de vigil\u00e2ncia e fiscaliza\u00e7\u00e3o das massas de \u00e1gua, identifica\u00e7\u00e3o e caracteriza\u00e7\u00e3o pormenorizada de fontes pontuais de polui\u00e7\u00e3o, licenciadas e indevidas, e o estudo das solu\u00e7\u00f5es para a recupera\u00e7\u00e3o da boa qualidade da \u00e1gua e do ambiente envolvente e formas de impedir a ocorr\u00eancia de descargas ilegais.<\/p>\n<p>Para a Dire\u00e7\u00e3o da Organiza\u00e7\u00e3o Regional de Leiria (DORLEI) do PCP, \u201ca polui\u00e7\u00e3o na bacia hidrogr\u00e1fica do Rio Lis \u00e9 um problema que se tem prolongado por d\u00e9cadas, e ao qual sucessivos Governos de PS, PSD e CDS-PP n\u00e3o t\u00eam dado resposta nem t\u00eam atuado com vista \u00e0 sua resolu\u00e7\u00e3o. Desde h\u00e1 muito que se identifica o sector pecu\u00e1rio como um dos importantes focos de polui\u00e7\u00e3o da \u00e1gua e solo da bacia do Lis, em resultado de uma desadequada gest\u00e3o ambiental destas atividades, acarretando importantes impactos negativos na vida das popula\u00e7\u00f5es, para a sua sa\u00fade, para o bem-estar e para o lazer, impossibilitando a utiliza\u00e7\u00e3o coletiva e usufruto de cursos de \u00e1gua, bem como outros impactos de dimens\u00e3o econ\u00f3mica que n\u00e3o podem ser esquecidos.\u201d<\/p>\n<p>Este \u00e9 um problema que h\u00e1 muito deveria estar resolvido, quer por via do necess\u00e1rio investimento em solu\u00e7\u00f5es t\u00e9cnicas de tratamento dos efluentes, envolvendo a comparticipa\u00e7\u00e3o do Estado e do sector pecu\u00e1rio, seja por via de uma maior fiscaliza\u00e7\u00e3o ambiental. Neste sentido, o PCP apresentou na Assembleia da Rep\u00fablica um Projeto de Resolu\u00e7\u00e3o que, n\u00e3o s\u00f3 vai ao encontro das preocupa\u00e7\u00f5es das popula\u00e7\u00f5es que fizeram chegar \u00e0 Assembleia da Rep\u00fablica uma peti\u00e7\u00e3o que recolheu milhares de assinaturas no distrito de Leiria sobre este cr\u00f3nico problema, como procura ao mesmo tempo encontrar solu\u00e7\u00f5es que salvaguardem uma importante atividade econ\u00f3mica para a regi\u00e3o e para a balan\u00e7a alimentar do Pa\u00eds.<\/p>\n","protected":false},"excerpt":{"rendered":"<p>O PCP apresentou na Assembleia da Rep\u00fablica um Projeto de Resolu\u00e7\u00e3o onde se prop\u00f5e, designadamente que o Governo, ainda em 2023, desenvolva um Programa de A\u00e7\u00e3o para o tratamento dos efluentes suin\u00edcolas gerados na bacia hidrogr\u00e1fica do rio Lis, utilizando inclusivamente verbas do PRR para a execu\u00e7\u00e3o no terreno das solu\u00e7\u00f5es infraestruturais, bem como, a [&hellip;]<\/p>\n","protected":false},"author":2,"featured_media":23605,"comment_status":"open","ping_status":"open","sticky":false,"template":"","format":"standard","meta":{"footnotes":""},"categories":[9],"tags":[],"class_list":["post-26739","post","type-post","status-publish","format-standard","has-post-thumbnail","hentry","category-ambiente"],"_links":{"self":[{"href":"https:\/\/tintafresca.net\/index.php\/wp-json\/wp\/v2\/posts\/26739","targetHints":{"allow":["GET"]}}],"collection":[{"href":"https:\/\/tintafresca.net\/index.php\/wp-json\/wp\/v2\/posts"}],"about":[{"href":"https:\/\/tintafresca.net\/index.php\/wp-json\/wp\/v2\/types\/post"}],"author":[{"embeddable":true,"href":"https:\/\/tintafresca.net\/index.php\/wp-json\/wp\/v2\/users\/2"}],"replies":[{"embeddable":true,"href":"https:\/\/tintafresca.net\/index.php\/wp-json\/wp\/v2\/comments?post=26739"}],"version-history":[{"count":4,"href":"https:\/\/tintafresca.net\/index.php\/wp-json\/wp\/v2\/posts\/26739\/revisions"}],"predecessor-version":[{"id":26743,"href":"https:\/\/tintafresca.net\/index.php\/wp-json\/wp\/v2\/posts\/26739\/revisions\/26743"}],"wp:featuredmedia":[{"embeddable":true,"href":"https:\/\/tintafresca.net\/index.php\/wp-json\/wp\/v2\/media\/23605"}],"wp:attachment":[{"href":"https:\/\/tintafresca.net\/index.php\/wp-json\/wp\/v2\/media?parent=26739"}],"wp:term":[{"taxonomy":"category","embeddable":true,"href":"https:\/\/tintafresca.net\/index.php\/wp-json\/wp\/v2\/categories?post=26739"},{"taxonomy":"post_tag","embeddable":true,"href":"https:\/\/tintafresca.net\/index.php\/wp-json\/wp\/v2\/tags?post=26739"}],"curies":[{"name":"wp","href":"https:\/\/api.w.org\/{rel}","templated":true}]}}