{"id":26772,"date":"2023-05-01T22:44:42","date_gmt":"2023-05-01T22:44:42","guid":{"rendered":"https:\/\/tintafresca.net\/?p=26772"},"modified":"2023-05-01T22:53:33","modified_gmt":"2023-05-01T22:53:33","slug":"politecnico-de-leiria-mostra-projetos-de-investigacao-em-open-day-industria","status":"publish","type":"post","link":"https:\/\/tintafresca.net\/index.php\/2023\/05\/01\/politecnico-de-leiria-mostra-projetos-de-investigacao-em-open-day-industria\/","title":{"rendered":"Polit\u00e9cnico de Leiria mostra projetos de investiga\u00e7\u00e3o em Open Day Ind\u00fastria"},"content":{"rendered":"<div id=\"attachment_22444\" style=\"width: 245px\" class=\"wp-caption alignleft\"><img loading=\"lazy\" decoding=\"async\" aria-describedby=\"caption-attachment-22444\" class=\"wp-image-22444 size-full\" src=\"https:\/\/tintafresca.net\/wp-content\/uploads\/2022\/11\/Leiria_IPL01.jpg\" alt=\"\" width=\"235\" height=\"313\" srcset=\"https:\/\/tintafresca.net\/wp-content\/uploads\/2022\/11\/Leiria_IPL01.jpg 235w, https:\/\/tintafresca.net\/wp-content\/uploads\/2022\/11\/Leiria_IPL01-225x300.jpg 225w\" sizes=\"auto, (max-width: 235px) 100vw, 235px\" \/><p id=\"caption-attachment-22444\" class=\"wp-caption-text\">Escola Superior de Tecnologia e Gest\u00e3o de Leiria<\/p><\/div>\n<p>O Polit\u00e9cnico de Leiria abre as portas \u00e0 comunidade no dia 4 de maio, para dar a conhecer projetos de investiga\u00e7\u00e3o, desenvolvimento e inova\u00e7\u00e3o (I&amp;D+i), e apresentar tecnologias. O Open Day Ind\u00fastria decorre no audit\u00f3rio 1 do Edif\u00edcio B da Escola Superior de Tecnologia e Gest\u00e3o (ESTG) do Polit\u00e9cnico de Leiria, a partir das 13h30, e constitui uma oportunidade de <em>networking<\/em> entre professores, investigadores e estudantes do Polit\u00e9cnico de Leiria e profissionais da ind\u00fastria.<\/p>\n<p>Durante o evento, as empresas que mais se destacaram pela colabora\u00e7\u00e3o com o Polit\u00e9cnico de Leiria nos \u00faltimos 5 anos, criando valor para a comunidade acad\u00e9mica e para os seus resultados de investiga\u00e7\u00e3o, ser\u00e3o homenageadas com a atribui\u00e7\u00e3o de uma Men\u00e7\u00e3o de M\u00e9rito.<\/p>\n<p>O Open Day Ind\u00fastria enquadra-se nas atividades do projeto Knowledge Circle, que tem como objetivo a valoriza\u00e7\u00e3o econ\u00f3mica dos resultados de I&amp;D+i atrav\u00e9s da transfer\u00eancia de conhecimento cient\u00edfico e tecnol\u00f3gico para o setor empresarial, nas \u00e1reas de influ\u00eancia do Polit\u00e9cnico de Leiria e do Polit\u00e9cnico do C\u00e1vado e do Ave (IPCA).<\/p>\n<p>O projeto \u00e9 financiado pelo Sistema de Apoio a A\u00e7\u00f5es Coletivas (SIAC) \u2013 Transfer\u00eancia do Conhecimento Cient\u00edfico e Tecnol\u00f3gico e cofinanciado pelo Compete 2020 atrav\u00e9s do Fundo Europeu de Desenvolvimento Regional.<\/p>\n<p>Depois do registo dos participantes, o presidente do Polit\u00e9cnico de Leiria, Carlos Rabad\u00e3o, o Pr\u00f3-presidente da Investiga\u00e7\u00e3o e Inova\u00e7\u00e3o do IPCA, Jo\u00e3o Vila\u00e7a, e a coordenadora do projeto Knowledge Circle, Eduarda Fernandes, s\u00e3o os oradores da sess\u00e3o de abertura, \u00e0s 14h.<\/p>\n<p>Segue-se, pelas 14h15, a apresenta\u00e7\u00e3o de projetos desenvolvidos em colabora\u00e7\u00e3o com empresas. Pelas 15h45, o presidente da Comiss\u00e3o Nacional de Acompanhamento do Plano de Recupera\u00e7\u00e3o e Resili\u00eancia (PRR), Pedro Dominguinhos, apresenta o PRR enquanto contributo para o refor\u00e7o dos processos de cocria\u00e7\u00e3o entre a academia e as empresas, seguido de <em>coffee break<\/em> com visita \u00e0 exposi\u00e7\u00e3o. Pelas 16h15, o anterior Secret\u00e1rio de Estado Adjunto e da Economia, Jo\u00e3o Neves, profere uma palestra sobre a import\u00e2ncia da transfer\u00eancia de conhecimento e tecnologia na competitividade das empresas, seguindo-se uma apresenta\u00e7\u00e3o da administradora da Ag\u00eancia Nacional de Inova\u00e7\u00e3o, Alexandra Vilela, pelas 17h45.<\/p>\n<p>A atribui\u00e7\u00e3o do pr\u00e9mio +colabora\u00e7\u00e3o IPLeiria &#8211; Empresas est\u00e1 agendada para as 18h15. O evento termina com a sess\u00e3o de encerramento e a visita \u00e0 exposi\u00e7\u00e3o, pelas 18h30.<\/p>\n<p>A participa\u00e7\u00e3o no Open Day Ind\u00fastria \u00e9 gratuita, mas necessita de inscri\u00e7\u00e3o at\u00e9 dia 2 de maio, atrav\u00e9s do formul\u00e1rio: <a href=\"https:\/\/forms.office.com\/e\/K1rZBg2ZuF\">https:\/\/forms.office.com\/e\/K1rZBg2ZuF<\/a> \u00a0.<\/p>\n<p><strong> \u00a0 \u00a0Fonte: Midlandcom<\/strong><\/p>\n","protected":false},"excerpt":{"rendered":"<p>O Polit\u00e9cnico de Leiria abre as portas \u00e0 comunidade no dia 4 de maio, para dar a conhecer projetos de investiga\u00e7\u00e3o, desenvolvimento e inova\u00e7\u00e3o (I&amp;D+i), e apresentar tecnologias. O Open Day Ind\u00fastria decorre no audit\u00f3rio 1 do Edif\u00edcio B da Escola Superior de Tecnologia e Gest\u00e3o (ESTG) do Polit\u00e9cnico de Leiria, a partir das 13h30, [&hellip;]<\/p>\n","protected":false},"author":2,"featured_media":18051,"comment_status":"open","ping_status":"open","sticky":false,"template":"","format":"standard","meta":{"footnotes":""},"categories":[7,14],"tags":[],"class_list":["post-26772","post","type-post","status-publish","format-standard","has-post-thumbnail","hentry","category-economia","category-educacao"],"_links":{"self":[{"href":"https:\/\/tintafresca.net\/index.php\/wp-json\/wp\/v2\/posts\/26772","targetHints":{"allow":["GET"]}}],"collection":[{"href":"https:\/\/tintafresca.net\/index.php\/wp-json\/wp\/v2\/posts"}],"about":[{"href":"https:\/\/tintafresca.net\/index.php\/wp-json\/wp\/v2\/types\/post"}],"author":[{"embeddable":true,"href":"https:\/\/tintafresca.net\/index.php\/wp-json\/wp\/v2\/users\/2"}],"replies":[{"embeddable":true,"href":"https:\/\/tintafresca.net\/index.php\/wp-json\/wp\/v2\/comments?post=26772"}],"version-history":[{"count":2,"href":"https:\/\/tintafresca.net\/index.php\/wp-json\/wp\/v2\/posts\/26772\/revisions"}],"predecessor-version":[{"id":26774,"href":"https:\/\/tintafresca.net\/index.php\/wp-json\/wp\/v2\/posts\/26772\/revisions\/26774"}],"wp:featuredmedia":[{"embeddable":true,"href":"https:\/\/tintafresca.net\/index.php\/wp-json\/wp\/v2\/media\/18051"}],"wp:attachment":[{"href":"https:\/\/tintafresca.net\/index.php\/wp-json\/wp\/v2\/media?parent=26772"}],"wp:term":[{"taxonomy":"category","embeddable":true,"href":"https:\/\/tintafresca.net\/index.php\/wp-json\/wp\/v2\/categories?post=26772"},{"taxonomy":"post_tag","embeddable":true,"href":"https:\/\/tintafresca.net\/index.php\/wp-json\/wp\/v2\/tags?post=26772"}],"curies":[{"name":"wp","href":"https:\/\/api.w.org\/{rel}","templated":true}]}}