{"id":26833,"date":"2023-05-04T13:24:43","date_gmt":"2023-05-04T13:24:43","guid":{"rendered":"https:\/\/tintafresca.net\/?p=26833"},"modified":"2023-05-05T15:37:14","modified_gmt":"2023-05-05T15:37:14","slug":"monumento-ao-general-humberto-delgado-na-cela-velha-vai-ser-musealizado","status":"publish","type":"post","link":"https:\/\/tintafresca.net\/index.php\/2023\/05\/04\/monumento-ao-general-humberto-delgado-na-cela-velha-vai-ser-musealizado\/","title":{"rendered":"Monumento ao General Humberto Delgado na Cela Velha vai ser musealizado"},"content":{"rendered":"<div id=\"attachment_26835\" style=\"width: 510px\" class=\"wp-caption alignleft\"><img loading=\"lazy\" decoding=\"async\" aria-describedby=\"caption-attachment-26835\" class=\"wp-image-26835 size-full\" src=\"https:\/\/tintafresca.net\/wp-content\/uploads\/2023\/05\/Alcobaca_cela_Velha_25_Abril10.jpg\" alt=\"\" width=\"500\" height=\"319\" srcset=\"https:\/\/tintafresca.net\/wp-content\/uploads\/2023\/05\/Alcobaca_cela_Velha_25_Abril10.jpg 500w, https:\/\/tintafresca.net\/wp-content\/uploads\/2023\/05\/Alcobaca_cela_Velha_25_Abril10-300x191.jpg 300w\" sizes=\"auto, (max-width: 500px) 100vw, 500px\" \/><p id=\"caption-attachment-26835\" class=\"wp-caption-text\">Homenagem ao General Humberto Delgado junto ao monumento da autoria do escultor Jos\u00e9 Aur\u00e9lio<\/p><\/div>\n<p>As comemora\u00e7\u00f5es do 49\u00ba anivers\u00e1rio do 25 de Abril no concelho de Alcoba\u00e7a passaram, como \u00e9 tradi\u00e7\u00e3o, pela cerim\u00f3nia de homenagem ao Marechal Humberto Delgado, junto ao monumento em sua mem\u00f3ria, na Cela Velha. O Aeroclube de leiria compareceu com quatro avi\u00f5es a sobrevoar o local.<\/p>\n<p>Estiveram presentes a filha e o neto mais novo do General sem Medo, Iva Delgado e Frederico Delgado, o presidente da C\u00e2mara Municipal de Alcoba\u00e7a, Herm\u00ednio Rodrigues, o presidente da Junta de Freguesia da Cela, Paulo Eus\u00e9bio, o presidente do Aeroclube de Leiria, Am\u00e9rico Santos, o escultor Jos\u00e9 Aur\u00e9lio e a presidente do Rancho Folcl\u00f3rico e Etnogr\u00e1fico Papoilas do Campo, Iva Vieira, entidade organizadora da homenagem.<\/p>\n<p>Contudo, coube a Jos\u00e9 Abreu anunciar uma iniciativa da sociedade civil, um projeto de interven\u00e7\u00e3o no local que pretende associar uma estrutura museol\u00f3gica ao monumento a Humberto Delgado que possa, em perman\u00eancia, dar o testemunho da vida do General Sem Medo e do contributo que deu para a liberdade. A ideia passa tamb\u00e9m por criar uma liga\u00e7\u00e3o entre os dois polos do monumento para que a parte menos vis\u00edvel n\u00e3o fique esquecida e manter vivo o esp\u00edrito do 25 de abril t\u00e3o caracter\u00edstico da Cela Velha. A ideia ser\u00e1 agora apresentada \u00e0 C\u00e2mara Municipal de Alcoba\u00e7a para a possa materializar.<\/p>\n<p>Por sua vez, Frederico Delgado Rosa come\u00e7ou por elogiar os pilotos de Leiria que \u201csimbolizam o Humberto Delgado, que vem quando Portugal o chama.\u201d O Professor da Universidade Nova de Lisboa recordou tamb\u00e9m que se aproxima o cinquenten\u00e1rio da inaugura\u00e7\u00e3o do monumento de Jos\u00e9 Aur\u00e9lio, \u201cfruto da vontade popular do povo da Cela Velha que o financiou, concebeu, aprovou e construiu.\u201d<\/p>\n<div id=\"attachment_26836\" style=\"width: 510px\" class=\"wp-caption alignleft\"><img loading=\"lazy\" decoding=\"async\" aria-describedby=\"caption-attachment-26836\" class=\"wp-image-26836 size-full\" src=\"https:\/\/tintafresca.net\/wp-content\/uploads\/2023\/05\/Alcobaca_cela_Velha_25_Abril30.jpg\" alt=\"\" width=\"500\" height=\"318\" srcset=\"https:\/\/tintafresca.net\/wp-content\/uploads\/2023\/05\/Alcobaca_cela_Velha_25_Abril30.jpg 500w, https:\/\/tintafresca.net\/wp-content\/uploads\/2023\/05\/Alcobaca_cela_Velha_25_Abril30-300x191.jpg 300w\" sizes=\"auto, (max-width: 500px) 100vw, 500px\" \/><p id=\"caption-attachment-26836\" class=\"wp-caption-text\">Passagem de um dos avi\u00f5es do Aeroclube de Leiria na Cela Velha<\/p><\/div>\n<p>Segundo Frederico Delgado Rosa; \u201ceste local tem um lugar especial na constela\u00e7\u00e3o de pra\u00e7as e ruas por todo o pa\u00eds com o nome de Humberto Delgado. O neto mais novo do General sem Medo lembrou outro lugar especial de evoca\u00e7\u00e3o do av\u00f4, o t\u00famulo do Marechal no Pante\u00e3o Nacional, que convidou todos a visitarem. \u201cQuando sentirem a necessidade de uma for\u00e7a an\u00edmica \u2013 e bem estamos precisados dessa for\u00e7a an\u00edmica quando vemos o s\u00e9culo XXI a reproduzir os piores horrores do s\u00e9culo XX e quando vemos a Europa novamente mergulhada numa amea\u00e7a de tirania s\u00f3 compar\u00e1vel com a hitleriana &#8211; v\u00e3o l\u00e1 porque o Pante\u00e3o \u00e9 a nossa casa, como a Cela Velha \u00e9 a nossa casa. Sintam-se em casa e toquem a pedra lioz do mausol\u00e9u de Humberto Delgado, como eu fa\u00e7o sempre que l\u00e1 vou.\u201d<\/p>\n<p>Por sua vez, o presidente da C\u00e2mara Municipal de Alcoba\u00e7a lembrou que o escultor Jos\u00e9 Aur\u00e9lio tem dois monumentos ligados ao 25 de abril no concelho de Alcoba\u00e7a, locais onde esteve neste dia que assinalou a Revolu\u00e7\u00e3o dos Cravos.<\/p>\n<p>Herm\u00ednio Rodrigues evocou tamb\u00e9m Humberto Delgado como \u201cum homem da democracia e quase 50 anos depois temos de trabalhar todos para construir uma democracia adulta. O autarca recordou os principais valores do 25 de Abril: \u201ca paz, a democracia, a liberdade de pensamento e a solidariedade. Princ\u00edpios que devem reger toda a conduta humana e servem de pilares para qualquer comunidade.\u201d<\/p>\n<p>O edil saudou, a prop\u00f3sito, a iniciativa la\u00e7os azuis da CPCJ \u2013 Comiss\u00e3o de Prote\u00e7\u00e3o de Crian\u00e7as e Jovens, que simboliza o sofrimento de todas as crian\u00e7as, evocando, a prop\u00f3sito, o esp\u00edrito solid\u00e1rio do Marechal Humberto Delgado. Herm\u00ednio Rodrigues confirmou ter tomado boa nota da proposta de interven\u00e7\u00e3o no local e manifestou a esperan\u00e7a de ter dentro de um ano um projeto diferenciador a volta do monumento.<\/p>\n<p>A presidente do Rancho Folcl\u00f3rico e Etnogr\u00e1fico Papoilas do Campo, tamb\u00e9m interveio na cerim\u00f3nia, alertando que \u201cum rancho n\u00e3o pode ser entendido como uma cultura menor, tem como obriga\u00e7\u00e3o preservar os usos e costumes da regi\u00e3o, o patrim\u00f3nio da regi\u00e3o e estar sempre atento ao que se passa socialmente na sua localidade.\u201d<\/p>\n<p>Para Iva Vieira, \u201cisto n\u00e3o \u00e9 s\u00f3 cantar e dan\u00e7ar, \u00e9 muito mais profundo. Gostava que entendessem isso porque come\u00e7a a haver muita vergonha em vestir roupas tradicionais. As roupas n\u00e3o s\u00e3o mais do que a forma como vestiam e viviam os nossos pais e os nossos av\u00f3s. Se eu estiver no teatro, terei tamb\u00e9m de me vestir ou despir consoante a pe\u00e7a que estiver a fazer. \u00c9 isso que se apela as pessoas. Cultura \u00e9 muito importante, mesmo que seja de raiz e de origem. N\u00e3o podemos abdicar dela nem molest\u00e1-la\u201d, concluiu.<\/p>\n<p>A finalizar, Rui Alexandre usou da palavra para lembrar e homenagear Maximino Serra, ajudante de campo do General Humberto Delgado e combatente antifascista, recentemente falecido, que foi presen\u00e7a ass\u00eddua durante d\u00e9cadas nestas comemora\u00e7\u00f5es anuais na Cela Velha. A cerim\u00f3nia encerrou com um minuto de sil\u00eancio de homenagem ao resistente antifascista.<\/p>\n<p><strong>\u00a0 \u00a0M\u00e1rio Lopes<\/strong><\/p>\n","protected":false},"excerpt":{"rendered":"<p>As comemora\u00e7\u00f5es do 49\u00ba anivers\u00e1rio do 25 de Abril no concelho de Alcoba\u00e7a passaram, como \u00e9 tradi\u00e7\u00e3o, pela cerim\u00f3nia de homenagem ao Marechal Humberto Delgado, junto ao monumento em sua mem\u00f3ria, na Cela Velha. O Aeroclube de leiria compareceu com quatro avi\u00f5es a sobrevoar o local. Estiveram presentes a filha e o neto mais novo [&hellip;]<\/p>\n","protected":false},"author":2,"featured_media":26838,"comment_status":"open","ping_status":"open","sticky":false,"template":"","format":"standard","meta":{"footnotes":""},"categories":[10,11],"tags":[],"class_list":["post-26833","post","type-post","status-publish","format-standard","has-post-thumbnail","hentry","category-patrimonio","category-sociedade"],"_links":{"self":[{"href":"https:\/\/tintafresca.net\/index.php\/wp-json\/wp\/v2\/posts\/26833","targetHints":{"allow":["GET"]}}],"collection":[{"href":"https:\/\/tintafresca.net\/index.php\/wp-json\/wp\/v2\/posts"}],"about":[{"href":"https:\/\/tintafresca.net\/index.php\/wp-json\/wp\/v2\/types\/post"}],"author":[{"embeddable":true,"href":"https:\/\/tintafresca.net\/index.php\/wp-json\/wp\/v2\/users\/2"}],"replies":[{"embeddable":true,"href":"https:\/\/tintafresca.net\/index.php\/wp-json\/wp\/v2\/comments?post=26833"}],"version-history":[{"count":5,"href":"https:\/\/tintafresca.net\/index.php\/wp-json\/wp\/v2\/posts\/26833\/revisions"}],"predecessor-version":[{"id":26841,"href":"https:\/\/tintafresca.net\/index.php\/wp-json\/wp\/v2\/posts\/26833\/revisions\/26841"}],"wp:featuredmedia":[{"embeddable":true,"href":"https:\/\/tintafresca.net\/index.php\/wp-json\/wp\/v2\/media\/26838"}],"wp:attachment":[{"href":"https:\/\/tintafresca.net\/index.php\/wp-json\/wp\/v2\/media?parent=26833"}],"wp:term":[{"taxonomy":"category","embeddable":true,"href":"https:\/\/tintafresca.net\/index.php\/wp-json\/wp\/v2\/categories?post=26833"},{"taxonomy":"post_tag","embeddable":true,"href":"https:\/\/tintafresca.net\/index.php\/wp-json\/wp\/v2\/tags?post=26833"}],"curies":[{"name":"wp","href":"https:\/\/api.w.org\/{rel}","templated":true}]}}