{"id":26851,"date":"2023-05-04T21:56:54","date_gmt":"2023-05-04T21:56:54","guid":{"rendered":"https:\/\/tintafresca.net\/?p=26851"},"modified":"2023-05-04T21:57:32","modified_gmt":"2023-05-04T21:57:32","slug":"governo-atribui-ao-hospital-distrital-de-santarem-10-vagas-para-contratacao-de-medicos-com-bonificacao-salarial","status":"publish","type":"post","link":"https:\/\/tintafresca.net\/index.php\/2023\/05\/04\/governo-atribui-ao-hospital-distrital-de-santarem-10-vagas-para-contratacao-de-medicos-com-bonificacao-salarial\/","title":{"rendered":"Governo atribui ao Hospital Distrital de Santar\u00e9m 10 vagas para contrata\u00e7\u00e3o de m\u00e9dicos com bonifica\u00e7\u00e3o salarial"},"content":{"rendered":"<div id=\"attachment_15518\" style=\"width: 510px\" class=\"wp-caption alignleft\"><img loading=\"lazy\" decoding=\"async\" aria-describedby=\"caption-attachment-15518\" class=\"wp-image-15518 size-full\" src=\"https:\/\/tintafresca.net\/wp-content\/uploads\/2022\/04\/Santarem_Hospital30.jpg\" alt=\"\" width=\"500\" height=\"375\" \/><p id=\"caption-attachment-15518\" class=\"wp-caption-text\">Hospital Distrital de Santar\u00e9m<\/p><\/div>\n<p>No total, s\u00e3o 10 as vagas carenciadas para m\u00e9dicos (com bonifica\u00e7\u00e3o salarial) atribu\u00eddas ao Hospital Distrital de Santar\u00e9m (HDS), nas especialidades de anestesiologia, dermatovenereologia, gastrenterologia, medicina interna, pneumologia, psiquiatria e psiquiatria da inf\u00e2ncia e da adolesc\u00eancia.<\/p>\n<p>De acordo com o despacho n.\u00ba 5104-E\/2023, \u201cas vagas para fixa\u00e7\u00e3o de m\u00e9dicos em zonas geogr\u00e1ficas carenciadas s\u00e3o definidas, anualmente, por estabelecimento de sa\u00fade e especialidade m\u00e9dica, por despacho dos membros do Governo respons\u00e1veis pelas \u00e1reas das finan\u00e7as e da sa\u00fade\u201d.<\/p>\n<p>As candidaturas dever\u00e3o ser efetuadas via internet, atrav\u00e9s do\u00a0<em>site<\/em>\u00a0da Administra\u00e7\u00e3o Central do Sistema de Sa\u00fade, (<a href=\"http:\/\/www.acss.min-saude.pt\/\">www.acss.min-saude.pt<\/a>), at\u00e9 5 dias \u00fateis, contados a partir da data do an\u00fancio publicado em Di\u00e1rio da Rep\u00fablica (2 de maio).<\/p>\n","protected":false},"excerpt":{"rendered":"<p>No total, s\u00e3o 10 as vagas carenciadas para m\u00e9dicos (com bonifica\u00e7\u00e3o salarial) atribu\u00eddas ao Hospital Distrital de Santar\u00e9m (HDS), nas especialidades de anestesiologia, dermatovenereologia, gastrenterologia, medicina interna, pneumologia, psiquiatria e psiquiatria da inf\u00e2ncia e da adolesc\u00eancia. De acordo com o despacho n.\u00ba 5104-E\/2023, \u201cas vagas para fixa\u00e7\u00e3o de m\u00e9dicos em zonas geogr\u00e1ficas carenciadas s\u00e3o definidas, [&hellip;]<\/p>\n","protected":false},"author":2,"featured_media":15519,"comment_status":"open","ping_status":"open","sticky":false,"template":"","format":"standard","meta":{"footnotes":""},"categories":[6],"tags":[],"class_list":["post-26851","post","type-post","status-publish","format-standard","has-post-thumbnail","hentry","category-saude"],"_links":{"self":[{"href":"https:\/\/tintafresca.net\/index.php\/wp-json\/wp\/v2\/posts\/26851","targetHints":{"allow":["GET"]}}],"collection":[{"href":"https:\/\/tintafresca.net\/index.php\/wp-json\/wp\/v2\/posts"}],"about":[{"href":"https:\/\/tintafresca.net\/index.php\/wp-json\/wp\/v2\/types\/post"}],"author":[{"embeddable":true,"href":"https:\/\/tintafresca.net\/index.php\/wp-json\/wp\/v2\/users\/2"}],"replies":[{"embeddable":true,"href":"https:\/\/tintafresca.net\/index.php\/wp-json\/wp\/v2\/comments?post=26851"}],"version-history":[{"count":2,"href":"https:\/\/tintafresca.net\/index.php\/wp-json\/wp\/v2\/posts\/26851\/revisions"}],"predecessor-version":[{"id":26853,"href":"https:\/\/tintafresca.net\/index.php\/wp-json\/wp\/v2\/posts\/26851\/revisions\/26853"}],"wp:featuredmedia":[{"embeddable":true,"href":"https:\/\/tintafresca.net\/index.php\/wp-json\/wp\/v2\/media\/15519"}],"wp:attachment":[{"href":"https:\/\/tintafresca.net\/index.php\/wp-json\/wp\/v2\/media?parent=26851"}],"wp:term":[{"taxonomy":"category","embeddable":true,"href":"https:\/\/tintafresca.net\/index.php\/wp-json\/wp\/v2\/categories?post=26851"},{"taxonomy":"post_tag","embeddable":true,"href":"https:\/\/tintafresca.net\/index.php\/wp-json\/wp\/v2\/tags?post=26851"}],"curies":[{"name":"wp","href":"https:\/\/api.w.org\/{rel}","templated":true}]}}