{"id":26861,"date":"2023-05-05T13:22:34","date_gmt":"2023-05-05T13:22:34","guid":{"rendered":"https:\/\/tintafresca.net\/?p=26861"},"modified":"2023-05-06T13:08:57","modified_gmt":"2023-05-06T13:08:57","slug":"laura-rodrigues-defende-no-parlamento-posicao-de-torres-vedras-sobre-o-hospital-do-oeste","status":"publish","type":"post","link":"https:\/\/tintafresca.net\/index.php\/2023\/05\/05\/laura-rodrigues-defende-no-parlamento-posicao-de-torres-vedras-sobre-o-hospital-do-oeste\/","title":{"rendered":"Laura Rodrigues defende no Parlamento posi\u00e7\u00e3o de Torres Vedras sobre o Hospital do Oeste"},"content":{"rendered":"<div id=\"attachment_26863\" style=\"width: 510px\" class=\"wp-caption alignleft\"><img loading=\"lazy\" decoding=\"async\" aria-describedby=\"caption-attachment-26863\" class=\"wp-image-26863\" src=\"https:\/\/tintafresca.net\/wp-content\/uploads\/2023\/05\/TV_Laura_Rodrigues_Parlamento.jpg\" alt=\"\" width=\"500\" height=\"275\" srcset=\"https:\/\/tintafresca.net\/wp-content\/uploads\/2023\/05\/TV_Laura_Rodrigues_Parlamento.jpg 720w, https:\/\/tintafresca.net\/wp-content\/uploads\/2023\/05\/TV_Laura_Rodrigues_Parlamento-300x165.jpg 300w\" sizes=\"auto, (max-width: 500px) 100vw, 500px\" \/><p id=\"caption-attachment-26863\" class=\"wp-caption-text\">Audi\u00eancia de Laura Rodrigues no Parlamento<\/p><\/div>\n<p>A presidente da C\u00e2mara Municipal de Torres Vedras, Laura Rodrigues, participou na audi\u00e7\u00e3o que decorreu esta quinta-feira, 4 de maio, na Assembleia da Rep\u00fablica, no \u00e2mbito da peti\u00e7\u00e3o \u201cUm Hospital para todo o Oeste\u201d. A peti\u00e7\u00e3o conta com 29.029 assinaturas, reunindo as condi\u00e7\u00f5es necess\u00e1rias para subir a plen\u00e1rio.<\/p>\n<p>A audi\u00e7\u00e3o contou ainda com a presen\u00e7a do presidente da C\u00e2mara Municipal de Bombarral, Ricardo Fernandes, do presidente da C\u00e2mara Municipal do Cadaval, Jos\u00e9 Bernardo Nunes, dos presidentes da C\u00e2mara Municipal e da Assembleia Municipal da Lourinh\u00e3, Jo\u00e3o Duarte de Carvalho e Brian Silva, e de Jos\u00e9 Augusto Carvalho, primeiro subscritor da peti\u00e7\u00e3o.<\/p>\n<p>\u201cOs torrienses percebem que para terem cuidados de sa\u00fade com qualidade t\u00eam que ter um \u00fanico hospital que possa servir todos, tal qual \u00e9 advogado pelos agentes da sa\u00fade e por aqueles que queremos atrair para trabalharem nos hospitais\u201d defendeu Laura Rodrigues, explicando que as \u201cm\u00e1s condi\u00e7\u00f5es de trabalho\u201d no Hospital de Torres Vedras se refletem na dificuldade em atrair recursos humanos.<\/p>\n<p>Lembrando que Torres Vedras \u00e9 a op\u00e7\u00e3o mais a sul apontada no estudo encomendado pela OesteCIM \u00e0 NOVA Information Management School, Laura Rodrigues sublinhou que \u201cquer uma quer outra, s\u00e3o localiza\u00e7\u00f5es perfeitamente interessantes\u201d uma vez que ambas \u201ct\u00eam as melhores condi\u00e7\u00f5es, est\u00e3o j\u00e1 indicadas como espa\u00e7os para equipamentos e est\u00e3o ao p\u00e9 da autoestrada\u201d.<\/p>\n<p><strong>\u201cSitua\u00e7\u00e3o grav\u00edssima\u201d no atual hospital<\/strong><\/p>\n<p>A autarca aproveitou a audi\u00e7\u00e3o para denunciar uma \u201csitua\u00e7\u00e3o grav\u00edssima\u201d no que toca \u00e0 presta\u00e7\u00e3o de cuidados de sa\u00fade em Torres Vedras, relatando que os servi\u00e7os administrativos do Hospital funcionam \u201cno meio dos armaz\u00e9ns onde est\u00e3o os caixotes com m\u00e1scaras, seringas e os materiais necess\u00e1rios\u201d e que existem servi\u00e7os hospitalares a funcionar em espa\u00e7os alugados \u201cfora do Hospital\u201d. Neste contexto, a C\u00e2mara Municipal de Torres Vedras ir\u00e1, a breve trecho, disponibilizar um espa\u00e7o com vista ao funcionamento do armaz\u00e9m do Hospital.<\/p>\n<p>Apesar das atuais condi\u00e7\u00f5es do Hospital de Torres Vedras (a que se alia o facto de cerca de 45% da popula\u00e7\u00e3o n\u00e3o ter m\u00e9dico de fam\u00edlia), Laura Rodrigues defendeu que \u201ca posi\u00e7\u00e3o de Torres Vedras abdica do paroquialismo. Ou seja, aquilo que pretende s\u00e3o cuidados de sa\u00fade de qualidade para todos os oestinos, estando naturalmente inclu\u00eddos os torrienses.\u201d<\/p>\n<p>Na opini\u00e3o da autarca, a localiza\u00e7\u00e3o e o perfil do novo hospital j\u00e1 deveriam estar decididos. \u201cDev\u00edamos estar a discutir quais as fun\u00e7\u00f5es e as val\u00eancias daqueles [hospitais] que ficam e que t\u00eam obrigatoriamente de ter investimento com a maior rapidez. \u00c9 completamente insustent\u00e1vel a situa\u00e7\u00e3o que n\u00f3s temos.\u201d<\/p>\n<p><strong>\u00a0 \u00a0 Fonte: ACM|CMTV<\/strong><\/p>\n","protected":false},"excerpt":{"rendered":"<p>A presidente da C\u00e2mara Municipal de Torres Vedras, Laura Rodrigues, participou na audi\u00e7\u00e3o que decorreu esta quinta-feira, 4 de maio, na Assembleia da Rep\u00fablica, no \u00e2mbito da peti\u00e7\u00e3o \u201cUm Hospital para todo o Oeste\u201d. A peti\u00e7\u00e3o conta com 29.029 assinaturas, reunindo as condi\u00e7\u00f5es necess\u00e1rias para subir a plen\u00e1rio. A audi\u00e7\u00e3o contou ainda com a presen\u00e7a [&hellip;]<\/p>\n","protected":false},"author":2,"featured_media":26901,"comment_status":"open","ping_status":"open","sticky":false,"template":"","format":"standard","meta":{"footnotes":""},"categories":[6],"tags":[],"class_list":["post-26861","post","type-post","status-publish","format-standard","has-post-thumbnail","hentry","category-saude"],"_links":{"self":[{"href":"https:\/\/tintafresca.net\/index.php\/wp-json\/wp\/v2\/posts\/26861","targetHints":{"allow":["GET"]}}],"collection":[{"href":"https:\/\/tintafresca.net\/index.php\/wp-json\/wp\/v2\/posts"}],"about":[{"href":"https:\/\/tintafresca.net\/index.php\/wp-json\/wp\/v2\/types\/post"}],"author":[{"embeddable":true,"href":"https:\/\/tintafresca.net\/index.php\/wp-json\/wp\/v2\/users\/2"}],"replies":[{"embeddable":true,"href":"https:\/\/tintafresca.net\/index.php\/wp-json\/wp\/v2\/comments?post=26861"}],"version-history":[{"count":2,"href":"https:\/\/tintafresca.net\/index.php\/wp-json\/wp\/v2\/posts\/26861\/revisions"}],"predecessor-version":[{"id":26865,"href":"https:\/\/tintafresca.net\/index.php\/wp-json\/wp\/v2\/posts\/26861\/revisions\/26865"}],"wp:featuredmedia":[{"embeddable":true,"href":"https:\/\/tintafresca.net\/index.php\/wp-json\/wp\/v2\/media\/26901"}],"wp:attachment":[{"href":"https:\/\/tintafresca.net\/index.php\/wp-json\/wp\/v2\/media?parent=26861"}],"wp:term":[{"taxonomy":"category","embeddable":true,"href":"https:\/\/tintafresca.net\/index.php\/wp-json\/wp\/v2\/categories?post=26861"},{"taxonomy":"post_tag","embeddable":true,"href":"https:\/\/tintafresca.net\/index.php\/wp-json\/wp\/v2\/tags?post=26861"}],"curies":[{"name":"wp","href":"https:\/\/api.w.org\/{rel}","templated":true}]}}