{"id":26916,"date":"2023-05-07T09:47:01","date_gmt":"2023-05-07T09:47:01","guid":{"rendered":"https:\/\/tintafresca.net\/?p=26916"},"modified":"2023-05-08T13:12:33","modified_gmt":"2023-05-08T13:12:33","slug":"psd-acusa-ministro-da-saude-de-nao-ter-intencoes-de-construir-o-hospital-do-oeste","status":"publish","type":"post","link":"https:\/\/tintafresca.net\/index.php\/2023\/05\/07\/psd-acusa-ministro-da-saude-de-nao-ter-intencoes-de-construir-o-hospital-do-oeste\/","title":{"rendered":"PSD acusa ministro da Sa\u00fade de n\u00e3o ter inten\u00e7\u00f5es de construir o Hospital do Oeste"},"content":{"rendered":"<div id=\"attachment_26918\" style=\"width: 410px\" class=\"wp-caption alignleft\"><img loading=\"lazy\" decoding=\"async\" aria-describedby=\"caption-attachment-26918\" class=\"wp-image-26918\" src=\"https:\/\/tintafresca.net\/wp-content\/uploads\/2023\/05\/Manuel_Pizarro10.jpg\" alt=\"\" width=\"400\" height=\"300\" srcset=\"https:\/\/tintafresca.net\/wp-content\/uploads\/2023\/05\/Manuel_Pizarro10.jpg 500w, https:\/\/tintafresca.net\/wp-content\/uploads\/2023\/05\/Manuel_Pizarro10-300x225.jpg 300w\" sizes=\"auto, (max-width: 400px) 100vw, 400px\" \/><p id=\"caption-attachment-26918\" class=\"wp-caption-text\">Manuel Pizarro, ministro da Sa\u00fade<\/p><\/div>\n<p>O Minist\u00e9rio da Sa\u00fade ainda n\u00e3o deu resposta sobre a localiza\u00e7\u00e3o e o perfil assistencial do futuro hospital do Oeste, depois de ter adiado a decis\u00e3o para avaliar o estudo da C\u00e2mara de Caldas da Rainha.<\/p>\n<p>Duarte Pacheco, presidente da Comiss\u00e3o Pol\u00edtica Distrital da \u00c1rea Oeste e vereador do PSD da C\u00e2mara Municipal de Torres Vedras critica o ministro da Sa\u00fade, Manuel Pizarro, por falhar o compromisso de divulgar a localiza\u00e7\u00e3o do novo Hospital do Oeste e adiar a resolu\u00e7\u00e3o do problema dos cuidados de sa\u00fade dos oestinos.<\/p>\n<p>Para a Comiss\u00e3o Pol\u00edtica Distrital da \u00c1rea Oeste \u00e9 claro que \u201co ministro mentiu aos oestinos e n\u00e3o tem qualquer inten\u00e7\u00e3o em construir o novo Centro Hospitalar do Oeste.\u201d<\/p>\n<p>A constru\u00e7\u00e3o de um novo hospital para a regi\u00e3o Oeste \u00e9 reclamada pelos 12 concelhos da Comunidade Intermunicipal do Oeste (OesteCIM).<\/p>\n<p>\u201cLeva-nos a acreditar que o Governo n\u00e3o tem qualquer inten\u00e7\u00e3o de construir o novo hospital\u201d, admite Duarte Pacheco.<\/p>\n","protected":false},"excerpt":{"rendered":"<p>O Minist\u00e9rio da Sa\u00fade ainda n\u00e3o deu resposta sobre a localiza\u00e7\u00e3o e o perfil assistencial do futuro hospital do Oeste, depois de ter adiado a decis\u00e3o para avaliar o estudo da C\u00e2mara de Caldas da Rainha. Duarte Pacheco, presidente da Comiss\u00e3o Pol\u00edtica Distrital da \u00c1rea Oeste e vereador do PSD da C\u00e2mara Municipal de Torres [&hellip;]<\/p>\n","protected":false},"author":2,"featured_media":26919,"comment_status":"open","ping_status":"open","sticky":false,"template":"","format":"standard","meta":{"footnotes":""},"categories":[6],"tags":[],"class_list":["post-26916","post","type-post","status-publish","format-standard","has-post-thumbnail","hentry","category-saude"],"_links":{"self":[{"href":"https:\/\/tintafresca.net\/index.php\/wp-json\/wp\/v2\/posts\/26916","targetHints":{"allow":["GET"]}}],"collection":[{"href":"https:\/\/tintafresca.net\/index.php\/wp-json\/wp\/v2\/posts"}],"about":[{"href":"https:\/\/tintafresca.net\/index.php\/wp-json\/wp\/v2\/types\/post"}],"author":[{"embeddable":true,"href":"https:\/\/tintafresca.net\/index.php\/wp-json\/wp\/v2\/users\/2"}],"replies":[{"embeddable":true,"href":"https:\/\/tintafresca.net\/index.php\/wp-json\/wp\/v2\/comments?post=26916"}],"version-history":[{"count":7,"href":"https:\/\/tintafresca.net\/index.php\/wp-json\/wp\/v2\/posts\/26916\/revisions"}],"predecessor-version":[{"id":26925,"href":"https:\/\/tintafresca.net\/index.php\/wp-json\/wp\/v2\/posts\/26916\/revisions\/26925"}],"wp:featuredmedia":[{"embeddable":true,"href":"https:\/\/tintafresca.net\/index.php\/wp-json\/wp\/v2\/media\/26919"}],"wp:attachment":[{"href":"https:\/\/tintafresca.net\/index.php\/wp-json\/wp\/v2\/media?parent=26916"}],"wp:term":[{"taxonomy":"category","embeddable":true,"href":"https:\/\/tintafresca.net\/index.php\/wp-json\/wp\/v2\/categories?post=26916"},{"taxonomy":"post_tag","embeddable":true,"href":"https:\/\/tintafresca.net\/index.php\/wp-json\/wp\/v2\/tags?post=26916"}],"curies":[{"name":"wp","href":"https:\/\/api.w.org\/{rel}","templated":true}]}}