{"id":26997,"date":"2023-05-10T15:30:59","date_gmt":"2023-05-10T15:30:59","guid":{"rendered":"https:\/\/tintafresca.net\/?p=26997"},"modified":"2023-05-10T15:35:47","modified_gmt":"2023-05-10T15:35:47","slug":"municipio-de-pombal-atribui-meio-milhao-de-euros-as-freguesias-para-reequilibrio-financeiro","status":"publish","type":"post","link":"https:\/\/tintafresca.net\/index.php\/2023\/05\/10\/municipio-de-pombal-atribui-meio-milhao-de-euros-as-freguesias-para-reequilibrio-financeiro\/","title":{"rendered":"Munic\u00edpio de Pombal atribui meio milh\u00e3o de euros \u00e0s freguesias para reequil\u00edbrio financeiro"},"content":{"rendered":"<div id=\"attachment_25626\" style=\"width: 230px\" class=\"wp-caption alignleft\"><img loading=\"lazy\" decoding=\"async\" aria-describedby=\"caption-attachment-25626\" class=\"wp-image-25626 size-full\" src=\"https:\/\/tintafresca.net\/wp-content\/uploads\/2023\/03\/Pombal_rua10.png\" alt=\"\" width=\"220\" height=\"359\" srcset=\"https:\/\/tintafresca.net\/wp-content\/uploads\/2023\/03\/Pombal_rua10.png 220w, https:\/\/tintafresca.net\/wp-content\/uploads\/2023\/03\/Pombal_rua10-184x300.png 184w\" sizes=\"auto, (max-width: 220px) 100vw, 220px\" \/><p id=\"caption-attachment-25626\" class=\"wp-caption-text\">Cidade de Pombal<\/p><\/div>\n<p>O Munic\u00edpio de Pombal vai atribuir um apoio no valor global de 500 mil euros \u00e0s 13 Juntas\/Uni\u00f5es de Freguesia do Concelho, em reequil\u00edbrio financeiro, extraordin\u00e1rio, no \u00e2mbito dos Autos de Transfer\u00eancia de Compet\u00eancias e dos Contratos Interadministrativos em vigor.<\/p>\n<p>A proposta, aprovada pela C\u00e2mara e Assembleia Municipal, considera que a escalada de pre\u00e7os, que se tem verificado p\u00f3s-2020, modificou, reconhecidamente, os pressupostos da execu\u00e7\u00e3o financeira dos instrumentos de transfer\u00eancia de compet\u00eancias do Munic\u00edpio de Pombal para as Freguesias, particularmente no caso dos Autos de Transfer\u00eancia de Compet\u00eancias (celebrados em dezembro de 2020) e dos Contratos Interaministrativos no dom\u00ednio da Educa\u00e7\u00e3o (iniciados em 2014).<\/p>\n<p>\u201cAs Freguesias, que tem vindo a sentir crescente dificuldade em assegurar as presta\u00e7\u00f5es ali contratualizadas, no quadro financeiro que enforma aqueles instrumentos, manifestam-se penalizadas, nos seus or\u00e7amentos, ante o desequil\u00edbrio que lhes est\u00e1 imposto por este quadro de agravamento generalizado dos pre\u00e7os e dos custos\u201d, acrescenta.<\/p>\n<p>Os Autos de Transfer\u00eancias de Compet\u00eancias integram as \u00e1reas da limpeza urbana e mobili\u00e1rio urbano, espa\u00e7os verdes, manuten\u00e7\u00e3o de edif\u00edcios escolares, refei\u00e7\u00f5es escolares, componentes de apoio \u00e0 fam\u00edlia e atividades de tempos livres.<\/p>\n<p>O documento subscrito pelo presidente da C\u00e2mara Municipal, Pedro Pimp\u00e3o, considera que, sem preju\u00edzo da revis\u00e3o ordin\u00e1ria daqueles instrumentos, que dever\u00e1 ocorrer ainda no primeiro semestre deste ano, \u201cimporta, no imediato, agir no sentido de repor o equil\u00edbrio financeiro\u201d tendo por base \u201cos agravamentos de custos impostos aos exerc\u00edcios de 2021, 2022 e 2023, sob pena de continuado agravamento da situa\u00e7\u00e3o de tesouraria de cada uma das 13 Freguesias.<\/p>\n<p>O apoio financeiro agora atribu\u00eddo, no montante global de meio milh\u00e3o de euros, \u201cse afigura poss\u00edvel, mas exigente, equilibrado e impactante\u201d representando um \u201csignificativo esfor\u00e7o or\u00e7amental municipal que propugna por assegurar \u00e0s Freguesias as condi\u00e7\u00f5es para exerc\u00edcio eficiente das compet\u00eancias transferidas sem asfixia dos seus or\u00e7amentos\u201d, refere a proposta.<\/p>\n<p><strong>\u00a0 \u00a0 Fonte: OC|GC|CMP<\/strong><\/p>\n","protected":false},"excerpt":{"rendered":"<p>O Munic\u00edpio de Pombal vai atribuir um apoio no valor global de 500 mil euros \u00e0s 13 Juntas\/Uni\u00f5es de Freguesia do Concelho, em reequil\u00edbrio financeiro, extraordin\u00e1rio, no \u00e2mbito dos Autos de Transfer\u00eancia de Compet\u00eancias e dos Contratos Interadministrativos em vigor. A proposta, aprovada pela C\u00e2mara e Assembleia Municipal, considera que a escalada de pre\u00e7os, que [&hellip;]<\/p>\n","protected":false},"author":2,"featured_media":27000,"comment_status":"open","ping_status":"open","sticky":false,"template":"","format":"standard","meta":{"footnotes":""},"categories":[7,11],"tags":[],"class_list":["post-26997","post","type-post","status-publish","format-standard","has-post-thumbnail","hentry","category-economia","category-sociedade"],"_links":{"self":[{"href":"https:\/\/tintafresca.net\/index.php\/wp-json\/wp\/v2\/posts\/26997","targetHints":{"allow":["GET"]}}],"collection":[{"href":"https:\/\/tintafresca.net\/index.php\/wp-json\/wp\/v2\/posts"}],"about":[{"href":"https:\/\/tintafresca.net\/index.php\/wp-json\/wp\/v2\/types\/post"}],"author":[{"embeddable":true,"href":"https:\/\/tintafresca.net\/index.php\/wp-json\/wp\/v2\/users\/2"}],"replies":[{"embeddable":true,"href":"https:\/\/tintafresca.net\/index.php\/wp-json\/wp\/v2\/comments?post=26997"}],"version-history":[{"count":2,"href":"https:\/\/tintafresca.net\/index.php\/wp-json\/wp\/v2\/posts\/26997\/revisions"}],"predecessor-version":[{"id":26999,"href":"https:\/\/tintafresca.net\/index.php\/wp-json\/wp\/v2\/posts\/26997\/revisions\/26999"}],"wp:featuredmedia":[{"embeddable":true,"href":"https:\/\/tintafresca.net\/index.php\/wp-json\/wp\/v2\/media\/27000"}],"wp:attachment":[{"href":"https:\/\/tintafresca.net\/index.php\/wp-json\/wp\/v2\/media?parent=26997"}],"wp:term":[{"taxonomy":"category","embeddable":true,"href":"https:\/\/tintafresca.net\/index.php\/wp-json\/wp\/v2\/categories?post=26997"},{"taxonomy":"post_tag","embeddable":true,"href":"https:\/\/tintafresca.net\/index.php\/wp-json\/wp\/v2\/tags?post=26997"}],"curies":[{"name":"wp","href":"https:\/\/api.w.org\/{rel}","templated":true}]}}