{"id":27066,"date":"2023-05-13T12:55:26","date_gmt":"2023-05-13T12:55:26","guid":{"rendered":"https:\/\/tintafresca.net\/?p=27066"},"modified":"2023-05-13T13:05:27","modified_gmt":"2023-05-13T13:05:27","slug":"camara-de-pombal-vai-dotar-o-concelho-com-uma-rede-de-parques-verdes-em-todas-as-freguesias","status":"publish","type":"post","link":"https:\/\/tintafresca.net\/index.php\/2023\/05\/13\/camara-de-pombal-vai-dotar-o-concelho-com-uma-rede-de-parques-verdes-em-todas-as-freguesias\/","title":{"rendered":"C\u00e2mara de Pombal vai dotar concelho com rede de parques verdes em todas as freguesias"},"content":{"rendered":"<div id=\"attachment_27069\" style=\"width: 510px\" class=\"wp-caption alignleft\"><img loading=\"lazy\" decoding=\"async\" aria-describedby=\"caption-attachment-27069\" class=\"wp-image-27069 size-full\" src=\"https:\/\/tintafresca.net\/wp-content\/uploads\/2023\/05\/Pombal_Projeto-Parque-Verde-Lourical10.jpg\" alt=\"\" width=\"500\" height=\"340\" srcset=\"https:\/\/tintafresca.net\/wp-content\/uploads\/2023\/05\/Pombal_Projeto-Parque-Verde-Lourical10.jpg 500w, https:\/\/tintafresca.net\/wp-content\/uploads\/2023\/05\/Pombal_Projeto-Parque-Verde-Lourical10-300x204.jpg 300w\" sizes=\"auto, (max-width: 500px) 100vw, 500px\" \/><p id=\"caption-attachment-27069\" class=\"wp-caption-text\">Futuro Parque Verde do Louri\u00e7al<\/p><\/div>\n<p>A C\u00e2mara Municipal de Pombal aprovou, este m\u00eas de maio, a abertura de concurso p\u00fablico para a edifica\u00e7\u00e3o do Parque Verde do Louri\u00e7al, num investimento a rondar os 800 mil euros. O projeto enquadra-se na estrat\u00e9gia municipal de dotar o concelho com uma rede de parques verdes em todas as freguesias, contribuindo para a promo\u00e7\u00e3o da qualidade de vida e o bem-estar da popula\u00e7\u00e3o.<\/p>\n<p>A proposta pretende criar um espa\u00e7o de refer\u00eancia na regi\u00e3o, \u00edmpar na sua simplicidade estrutural e de aproxima\u00e7\u00e3o direta \u00e0 natureza e ao patrim\u00f3nio hist\u00f3rico, articulando acessos existentes, promovendo o sentimento de seguran\u00e7a e conforto entre os utilizadores, assim como valores de biodiversidade e de conserva\u00e7\u00e3o da natureza.<\/p>\n<p>A \u00e1rea de interven\u00e7\u00e3o, com aproximadamente 5500 m2, corresponde aos espa\u00e7os envolventes ao Aqueduto, pr\u00f3ximo do Convento, do centro hist\u00f3rico e da zona de expans\u00e3o urbana do Louri\u00e7al, que este ano comemora o 30\u00ba anivers\u00e1rio de eleva\u00e7\u00e3o a vila.<\/p>\n<p>Os trabalhos previstos abrangem, sucintamente, a constru\u00e7\u00e3o de um edif\u00edcio de apoio \u00e0s atividades desenvolvidas no jardim, destinado a instala\u00e7\u00f5es sanit\u00e1rias, uma zona central com equipamentos infantis e geri\u00e1tricos, um espelho de \u00e1gua com fonte interativa, ilumina\u00e7\u00e3o p\u00fablica, zonas ajardinadas e arborizadas e, diversos percursos pedonais. Dos trabalhos fazem parte, igualmente, um parque de merendas, bolsa de estacionamento e \u00e1rea de acampamento.<\/p>\n<p>\u201cO nosso foco priorit\u00e1rio \u00e9, realmente, a atividade econ\u00f3mica, mas, paralelamente, tamb\u00e9m temos de cuidar das pessoas que vivem em Pombal e daquelas pessoas que querem vir viver para o nosso concelho e \u00e9 por isso que, em cada uma das freguesias, n\u00f3s vamos criar estes espa\u00e7os de frui\u00e7\u00e3o familiar e comunit\u00e1ria\u201d, considera o presidente da C\u00e2mara Municipal, Pedro Pimp\u00e3o.<\/p>\n","protected":false},"excerpt":{"rendered":"<p>A C\u00e2mara Municipal de Pombal aprovou, este m\u00eas de maio, a abertura de concurso p\u00fablico para a edifica\u00e7\u00e3o do Parque Verde do Louri\u00e7al, num investimento a rondar os 800 mil euros. O projeto enquadra-se na estrat\u00e9gia municipal de dotar o concelho com uma rede de parques verdes em todas as freguesias, contribuindo para a promo\u00e7\u00e3o [&hellip;]<\/p>\n","protected":false},"author":2,"featured_media":27070,"comment_status":"open","ping_status":"open","sticky":false,"template":"","format":"standard","meta":{"footnotes":""},"categories":[9],"tags":[],"class_list":["post-27066","post","type-post","status-publish","format-standard","has-post-thumbnail","hentry","category-ambiente"],"_links":{"self":[{"href":"https:\/\/tintafresca.net\/index.php\/wp-json\/wp\/v2\/posts\/27066","targetHints":{"allow":["GET"]}}],"collection":[{"href":"https:\/\/tintafresca.net\/index.php\/wp-json\/wp\/v2\/posts"}],"about":[{"href":"https:\/\/tintafresca.net\/index.php\/wp-json\/wp\/v2\/types\/post"}],"author":[{"embeddable":true,"href":"https:\/\/tintafresca.net\/index.php\/wp-json\/wp\/v2\/users\/2"}],"replies":[{"embeddable":true,"href":"https:\/\/tintafresca.net\/index.php\/wp-json\/wp\/v2\/comments?post=27066"}],"version-history":[{"count":4,"href":"https:\/\/tintafresca.net\/index.php\/wp-json\/wp\/v2\/posts\/27066\/revisions"}],"predecessor-version":[{"id":27072,"href":"https:\/\/tintafresca.net\/index.php\/wp-json\/wp\/v2\/posts\/27066\/revisions\/27072"}],"wp:featuredmedia":[{"embeddable":true,"href":"https:\/\/tintafresca.net\/index.php\/wp-json\/wp\/v2\/media\/27070"}],"wp:attachment":[{"href":"https:\/\/tintafresca.net\/index.php\/wp-json\/wp\/v2\/media?parent=27066"}],"wp:term":[{"taxonomy":"category","embeddable":true,"href":"https:\/\/tintafresca.net\/index.php\/wp-json\/wp\/v2\/categories?post=27066"},{"taxonomy":"post_tag","embeddable":true,"href":"https:\/\/tintafresca.net\/index.php\/wp-json\/wp\/v2\/tags?post=27066"}],"curies":[{"name":"wp","href":"https:\/\/api.w.org\/{rel}","templated":true}]}}