{"id":27098,"date":"2023-05-14T13:21:28","date_gmt":"2023-05-14T13:21:28","guid":{"rendered":"https:\/\/tintafresca.net\/?p=27098"},"modified":"2023-05-14T13:21:28","modified_gmt":"2023-05-14T13:21:28","slug":"projeto-oeste-igual-forma-agentes-educativos-para-combater-segregacao-de-genero-nas-escolhas-profissionais-dos-jovens-no-oeste","status":"publish","type":"post","link":"https:\/\/tintafresca.net\/index.php\/2023\/05\/14\/projeto-oeste-igual-forma-agentes-educativos-para-combater-segregacao-de-genero-nas-escolhas-profissionais-dos-jovens-no-oeste\/","title":{"rendered":"Projeto Oeste + Igual forma agentes educativos para combater segrega\u00e7\u00e3o de g\u00e9nero nas escolhas profissionais dos jovens no Oeste"},"content":{"rendered":"<div id=\"attachment_27100\" style=\"width: 510px\" class=\"wp-caption alignleft\"><img loading=\"lazy\" decoding=\"async\" aria-describedby=\"caption-attachment-27100\" class=\"wp-image-27100 size-full\" src=\"https:\/\/tintafresca.net\/wp-content\/uploads\/2023\/05\/Oeste_Formacao-Agentes-Educativos10.jpg\" alt=\"\" width=\"500\" height=\"281\" srcset=\"https:\/\/tintafresca.net\/wp-content\/uploads\/2023\/05\/Oeste_Formacao-Agentes-Educativos10.jpg 500w, https:\/\/tintafresca.net\/wp-content\/uploads\/2023\/05\/Oeste_Formacao-Agentes-Educativos10-300x169.jpg 300w\" sizes=\"auto, (max-width: 500px) 100vw, 500px\" \/><p id=\"caption-attachment-27100\" class=\"wp-caption-text\">Cartaz<\/p><\/div>\n<p>No dia 28 de maio ir\u00e1 realizar-se uma Forma\u00e7\u00e3o T\u00e9cnica para Agentes Educativos, no \u00e2mbito do Projeto OESTE + IGUAL, financiado pelo Programa Concilia\u00e7\u00e3o e Igualdade de G\u00e9nero EEA Grants Portugal.<\/p>\n<p>A sess\u00e3o ir\u00e1 realizar-se online via Teams e ir\u00e1 dividir-se em quatro momentos:<\/p>\n<p>* \u2014O que \u00e9 a Igualdade de G\u00e9nero?<\/p>\n<p>&#8211; Defini\u00e7\u00e3o e correla\u00e7\u00e3o com as escolhas vocacionais<\/p>\n<p>* \u2014 Escolhas Vocacionais<\/p>\n<p>&#8211; Cen\u00e1rio atual e Mercado de Trabalho<\/p>\n<p>&#8211; As compet\u00eancias t\u00eam g\u00e9nero?<\/p>\n<p>* \u2014 Enviesamentos e Estere\u00f3tipos<\/p>\n<p>&#8211; Enviesamento e Estere\u00f3tipos &#8211; O que s\u00e3o?<\/p>\n<p>&#8211; Focus Group \u2013 Vamos refletir sobre o tema?<\/p>\n<p>* \u2014 Promo\u00e7\u00e3o da Mudan\u00e7a<\/p>\n<p>&#8211; Reflex\u00e3o e atua\u00e7\u00e3o de forma ativa no tema<\/p>\n<p>Objetivos SMART<\/p>\n<p>A atividade insere-se no \u00e2mbito da implementa\u00e7\u00e3o do Plano de A\u00e7\u00e3o do Projeto e tem como objetivo refletir sobre o impacto dos estere\u00f3tipos nas escolhas vocacionais e como atingir o equil\u00edbrio de g\u00e9nero nas \u00e1reas dos diferentes cursos.<\/p>\n<p>Inscri\u00e7\u00e3o atrav\u00e9s do Link <a href=\"https:\/\/forms.gl: NBJDrsH62M\">https:\/\/forms.gl: NBJDrsH62M\u00a0<\/a><\/p>\n<p>Atrav\u00e9s do Acordo sobre o Espa\u00e7o Econ\u00f3mico Europeu (EEE), a Isl\u00e2ndia, o Liechtenstein e a Noruega s\u00e3o parceiros no Mercado interno com os Estados-Membros da Uni\u00e3o Europeia.<\/p>\n<p>Como forma de promover um cont\u00ednuo e equilibrado refor\u00e7o das rela\u00e7\u00f5es econ\u00f3micas e comerciais, as partes do Acordo do EEE estabeleceram um Mecanismo Financeiro plurianual, conhecido como EEA Grants.<\/p>\n<p>Os EEA Grants t\u00eam como objetivos reduzir as disparidades sociais e econ\u00f3micas na Europa e refor\u00e7ar as rela\u00e7\u00f5es bilaterais entre estes tr\u00eas pa\u00edses e os pa\u00edses benefici\u00e1rios.<\/p>\n<p>Para o per\u00edodo 2014-2021, foi acordada uma contribui\u00e7\u00e3o total de 2,8 mil milh\u00f5es de euros para 15 pa\u00edses benefici\u00e1rios. Portugal beneficiar\u00e1 de uma verba de 102,7 milh\u00f5es de euros.<\/p>\n<p>Saiba mais em<a href=\"http:\/\/www.eeagrants.gov.pt\"> www.eeagrants.gov.pt<\/a><\/p>\n<p><strong>Fonte: OesteCIM<\/strong><\/p>\n","protected":false},"excerpt":{"rendered":"<p>No dia 28 de maio ir\u00e1 realizar-se uma Forma\u00e7\u00e3o T\u00e9cnica para Agentes Educativos, no \u00e2mbito do Projeto OESTE + IGUAL, financiado pelo Programa Concilia\u00e7\u00e3o e Igualdade de G\u00e9nero EEA Grants Portugal. A sess\u00e3o ir\u00e1 realizar-se online via Teams e ir\u00e1 dividir-se em quatro momentos: * \u2014O que \u00e9 a Igualdade de G\u00e9nero? &#8211; Defini\u00e7\u00e3o e [&hellip;]<\/p>\n","protected":false},"author":2,"featured_media":27101,"comment_status":"open","ping_status":"open","sticky":false,"template":"","format":"standard","meta":{"footnotes":""},"categories":[14],"tags":[],"class_list":["post-27098","post","type-post","status-publish","format-standard","has-post-thumbnail","hentry","category-educacao"],"_links":{"self":[{"href":"https:\/\/tintafresca.net\/index.php\/wp-json\/wp\/v2\/posts\/27098","targetHints":{"allow":["GET"]}}],"collection":[{"href":"https:\/\/tintafresca.net\/index.php\/wp-json\/wp\/v2\/posts"}],"about":[{"href":"https:\/\/tintafresca.net\/index.php\/wp-json\/wp\/v2\/types\/post"}],"author":[{"embeddable":true,"href":"https:\/\/tintafresca.net\/index.php\/wp-json\/wp\/v2\/users\/2"}],"replies":[{"embeddable":true,"href":"https:\/\/tintafresca.net\/index.php\/wp-json\/wp\/v2\/comments?post=27098"}],"version-history":[{"count":2,"href":"https:\/\/tintafresca.net\/index.php\/wp-json\/wp\/v2\/posts\/27098\/revisions"}],"predecessor-version":[{"id":27102,"href":"https:\/\/tintafresca.net\/index.php\/wp-json\/wp\/v2\/posts\/27098\/revisions\/27102"}],"wp:featuredmedia":[{"embeddable":true,"href":"https:\/\/tintafresca.net\/index.php\/wp-json\/wp\/v2\/media\/27101"}],"wp:attachment":[{"href":"https:\/\/tintafresca.net\/index.php\/wp-json\/wp\/v2\/media?parent=27098"}],"wp:term":[{"taxonomy":"category","embeddable":true,"href":"https:\/\/tintafresca.net\/index.php\/wp-json\/wp\/v2\/categories?post=27098"},{"taxonomy":"post_tag","embeddable":true,"href":"https:\/\/tintafresca.net\/index.php\/wp-json\/wp\/v2\/tags?post=27098"}],"curies":[{"name":"wp","href":"https:\/\/api.w.org\/{rel}","templated":true}]}}