{"id":27129,"date":"2023-05-16T12:08:25","date_gmt":"2023-05-16T12:08:25","guid":{"rendered":"https:\/\/tintafresca.net\/?p=27129"},"modified":"2023-05-17T10:37:42","modified_gmt":"2023-05-17T10:37:42","slug":"pcp-contesta-instalacao-do-parque-nazare-green-hydrogen-valley-em-fanhais","status":"publish","type":"post","link":"https:\/\/tintafresca.net\/index.php\/2023\/05\/16\/pcp-contesta-instalacao-do-parque-nazare-green-hydrogen-valley-em-fanhais\/","title":{"rendered":"PCP contesta instala\u00e7\u00e3o do parque \u201cNazar\u00e9 Green Hydrogen Valley\u201d em Fanhais"},"content":{"rendered":"<div id=\"attachment_27134\" style=\"width: 510px\" class=\"wp-caption alignleft\"><img loading=\"lazy\" decoding=\"async\" aria-describedby=\"caption-attachment-27134\" class=\"wp-image-27134\" src=\"https:\/\/tintafresca.net\/wp-content\/uploads\/2023\/05\/Nazare_Green_Hydrogen_Valey20.png\" alt=\"\" width=\"500\" height=\"259\" srcset=\"https:\/\/tintafresca.net\/wp-content\/uploads\/2023\/05\/Nazare_Green_Hydrogen_Valey20.png 742w, https:\/\/tintafresca.net\/wp-content\/uploads\/2023\/05\/Nazare_Green_Hydrogen_Valey20-300x156.png 300w\" sizes=\"auto, (max-width: 500px) 100vw, 500px\" \/><p id=\"caption-attachment-27134\" class=\"wp-caption-text\">Esquema de produ\u00e7\u00e3o apresentado pela RegaEnergy<\/p><\/div>\n<p>O PCP enviou uma Pergunta ao Governo, no dia 11 de maio, sobre o an\u00fancio da implementa\u00e7\u00e3o de um projeto de grande dimens\u00e3o designado \u201cNazar\u00e9 Green Hydrogen Valley\u201d, propriedade de um cons\u00f3rcio de empresas liderado pela Secil, que consiste na instala\u00e7\u00e3o de um parque de produ\u00e7\u00e3o de Energias Renov\u00e1veis, em Fanhais, concelho da Nazar\u00e9, junto \u00e0 Estrada Nacional 242.<\/p>\n<p>Este projeto, do que \u00e9 poss\u00edvel perceber nesta fase, obrigar\u00e1 \u00e0 desmata\u00e7\u00e3o de uma enorme \u00e1rea do pinhal e eucaliptal que envolve o lugar de Fanhais, poder\u00e1 implicar a destrui\u00e7\u00e3o da biodiversidade existente, assim como da fun\u00e7\u00e3o da floresta na captura de carbono e na consolida\u00e7\u00e3o das areias e dos solos \u00a0arenosos da \u00e1rea a ser desmatada, tal como na prote\u00e7\u00e3o em rela\u00e7\u00e3o aos ventos mar\u00edtimos. Por outro lado, \u00e9 tamb\u00e9m fator de preocupa\u00e7\u00e3o\u00a0 o forte e negativo impacto paisag\u00edstico que este projeto ir\u00e1 provocar no territ\u00f3rio, bem como os efeitos para a sa\u00fade p\u00fablica que este tipo de interven\u00e7\u00e3o poder\u00e1 acarretar.<\/p>\n<p>Com base em informa\u00e7\u00f5es ainda muito incipientes, apresentadas em sede de reuni\u00e3o da<br \/>\nC\u00e2mara Municipal da Nazar\u00e9, foi poss\u00edvel constatar que o projeto consistir\u00e1 na instala\u00e7\u00e3o de torres e\u00f3licas e pain\u00e9is fotovoltaicos, com capacidade de produ\u00e7\u00e3o de energia el\u00e9trica, com uma potencia inicial de 40 MW e que poder\u00e1 atingir no m\u00e1ximo da sua produ\u00e7\u00e3o os 600 MW. A empresa respons\u00e1vel por este projeto \u00e9 a REGANAZAR\u00c9, S.A., e para que o mesmo tenha consequ\u00eancia, obrigar\u00e1 a uma altera\u00e7\u00e3o, a t\u00edtulo excecional, do Plano Diretor Municipal da Nazar\u00e9 (PDMN).<\/p>\n<p>A Comiss\u00e3o Permanente de Apoio ao Investidor (CPAI), coordenada e presidida pela Ag\u00eancia para o Investimento e Com\u00e9rcio Externo de Portugal (AICEP) \u2013 considera esta iniciativa como projeto PIN (Projeto de Interesse Nacional).<\/p>\n<p>Pelo que nos \u00e9 dado a perceber, este \u00e9 um projeto que obrigar\u00e1 \u00e0 desmata\u00e7\u00e3o de uma enorme \u00e1rea do pinhal e eucaliptal que envolve o lugar de Fanhais, que poder\u00e1 implicar a destrui\u00e7\u00e3o da biodiversidade existente, assim como da fun\u00e7\u00e3o da floresta na captura de carbono e na consolida\u00e7\u00e3o das areias e dos solos arenosos da \u00e1rea a ser desmatada, tal como na prote\u00e7\u00e3o em rela\u00e7\u00e3o aos ventos mar\u00edtimos.<\/p>\n<p>Outra quest\u00e3o a ponderar \u00e9 o forte e negativo impacto paisag\u00edstico que este projeto ir\u00e1 provocar no territ\u00f3rio, bem como os efeitos para a sa\u00fade p\u00fablica que este tipo de interven\u00e7\u00e3o poder\u00e1 acarretar. Acresce a isto o facto de que a produ\u00e7\u00e3o de energia el\u00e9trica, dita \u201climpa\u201d, que ali ser\u00e1 produzida, servir\u00e1 para abastecer, unicamente, unidades industriais instaladas no Munic\u00edpio da Marinha Grande.<\/p>\n<p>O PCP assinala ainda que \u201ca popula\u00e7\u00e3o do lugar de Fanhais, percebendo as movimenta\u00e7\u00f5es no terreno e as marca\u00e7\u00f5es j\u00e1 inscritas no asfalto indicando o in\u00edcio do processo, profundamente revoltada com a situa\u00e7\u00e3o, fez circular uma peti\u00e7\u00e3o p\u00fablica contra o projeto e a forma como o mesmo est\u00e1 a ser preparado, e marcou presen\u00e7a na reuni\u00e3o de c\u00e2mara de 13 de abril de 2023 com uma delega\u00e7\u00e3o muito significativa para fazer valer os seus direitos e aspira\u00e7\u00f5es.\u201d<\/p>\n<p>Neste sentido, o PCP questionou o Governo sobre se permitir\u00e1 que esta interven\u00e7\u00e3o prossiga dentro destes moldes, \u201cnas costas das popula\u00e7\u00f5es, sem informa\u00e7\u00e3o e sem esclarecimento sobre os seus reais impactos\u201d, e se estar\u00e1 o Governo dispon\u00edvel para esclarecer devidamente as popula\u00e7\u00f5es sobre o que implica este projeto, qual a sua pertin\u00eancia, a forma como o mesmo se enquadra numa estrat\u00e9gia nacional de independ\u00eancia energ\u00e9tica e quais os benef\u00edcios que da\u00ed decorrem para as popula\u00e7\u00f5es locais.<\/p>\n<p><strong>\u00a0 \u00a0 \u00a0 Fonte: GP|PCP<\/strong><\/p>\n","protected":false},"excerpt":{"rendered":"<p>O PCP enviou uma Pergunta ao Governo, no dia 11 de maio, sobre o an\u00fancio da implementa\u00e7\u00e3o de um projeto de grande dimens\u00e3o designado \u201cNazar\u00e9 Green Hydrogen Valley\u201d, propriedade de um cons\u00f3rcio de empresas liderado pela Secil, que consiste na instala\u00e7\u00e3o de um parque de produ\u00e7\u00e3o de Energias Renov\u00e1veis, em Fanhais, concelho da Nazar\u00e9, junto [&hellip;]<\/p>\n","protected":false},"author":2,"featured_media":27133,"comment_status":"open","ping_status":"open","sticky":false,"template":"","format":"standard","meta":{"footnotes":""},"categories":[9,7],"tags":[],"class_list":["post-27129","post","type-post","status-publish","format-standard","has-post-thumbnail","hentry","category-ambiente","category-economia"],"_links":{"self":[{"href":"https:\/\/tintafresca.net\/index.php\/wp-json\/wp\/v2\/posts\/27129","targetHints":{"allow":["GET"]}}],"collection":[{"href":"https:\/\/tintafresca.net\/index.php\/wp-json\/wp\/v2\/posts"}],"about":[{"href":"https:\/\/tintafresca.net\/index.php\/wp-json\/wp\/v2\/types\/post"}],"author":[{"embeddable":true,"href":"https:\/\/tintafresca.net\/index.php\/wp-json\/wp\/v2\/users\/2"}],"replies":[{"embeddable":true,"href":"https:\/\/tintafresca.net\/index.php\/wp-json\/wp\/v2\/comments?post=27129"}],"version-history":[{"count":4,"href":"https:\/\/tintafresca.net\/index.php\/wp-json\/wp\/v2\/posts\/27129\/revisions"}],"predecessor-version":[{"id":27135,"href":"https:\/\/tintafresca.net\/index.php\/wp-json\/wp\/v2\/posts\/27129\/revisions\/27135"}],"wp:featuredmedia":[{"embeddable":true,"href":"https:\/\/tintafresca.net\/index.php\/wp-json\/wp\/v2\/media\/27133"}],"wp:attachment":[{"href":"https:\/\/tintafresca.net\/index.php\/wp-json\/wp\/v2\/media?parent=27129"}],"wp:term":[{"taxonomy":"category","embeddable":true,"href":"https:\/\/tintafresca.net\/index.php\/wp-json\/wp\/v2\/categories?post=27129"},{"taxonomy":"post_tag","embeddable":true,"href":"https:\/\/tintafresca.net\/index.php\/wp-json\/wp\/v2\/tags?post=27129"}],"curies":[{"name":"wp","href":"https:\/\/api.w.org\/{rel}","templated":true}]}}