{"id":27136,"date":"2023-05-16T16:34:52","date_gmt":"2023-05-16T16:34:52","guid":{"rendered":"https:\/\/tintafresca.net\/?p=27136"},"modified":"2023-05-16T16:47:54","modified_gmt":"2023-05-16T16:47:54","slug":"ministro-da-saude-foi-conhecer-o-hospital-distrital-de-santarem","status":"publish","type":"post","link":"https:\/\/tintafresca.net\/index.php\/2023\/05\/16\/ministro-da-saude-foi-conhecer-o-hospital-distrital-de-santarem\/","title":{"rendered":"Ministro da Sa\u00fade foi conhecer o Hospital de Santar\u00e9m"},"content":{"rendered":"<div id=\"attachment_27138\" style=\"width: 510px\" class=\"wp-caption alignleft\"><img loading=\"lazy\" decoding=\"async\" aria-describedby=\"caption-attachment-27138\" class=\"wp-image-27138 size-full\" src=\"https:\/\/tintafresca.net\/wp-content\/uploads\/2023\/05\/Santarem_HDS_ministro40.jpg\" alt=\"\" width=\"500\" height=\"333\" srcset=\"https:\/\/tintafresca.net\/wp-content\/uploads\/2023\/05\/Santarem_HDS_ministro40.jpg 500w, https:\/\/tintafresca.net\/wp-content\/uploads\/2023\/05\/Santarem_HDS_ministro40-300x200.jpg 300w\" sizes=\"auto, (max-width: 500px) 100vw, 500px\" \/><p id=\"caption-attachment-27138\" class=\"wp-caption-text\">Manuel Pizarro reuniu com o Conselho de Administra\u00e7\u00e3o do Hospital Distrital de Santar\u00e9m<\/p><\/div>\n<p>O ministro da Sa\u00fade, Manuel Pizarro,\u00a0e comitiva estiveram esta segunda-feira, dia 15 de maio, visita ao Hospital Distrital de Santar\u00e9m, acompanhados de Ricardo Gon\u00e7alves, presidente da C\u00e2mara Municipal de Santar\u00e9m, e Pedro Ribeiro, presidente da Comunidade Intermunicipal da Lez\u00edria do Tejo e do Conselho Consultivo do HDS.<\/p>\n<p>A visita iniciou-se com uma reuni\u00e3o com o Conselho de Administra\u00e7\u00e3o do HDS, onde foram discutidos os projetos inovadores e diferenciadores do hospital, assim como alguns dos seus constrangimentos.<\/p>\n<p>Seguiu-se uma visita \u00e0 obra do Servi\u00e7o de Anatomia Patol\u00f3gica e Gabinete M\u00e9dico-Legal, um investimento de 2 milh\u00f5es e 700 mil \u20ac que se prev\u00ea conclu\u00eddo at\u00e9 ao final de 2023, e \u00e0s excelentes instala\u00e7\u00f5es do Bloco de Partos, inauguradas no in\u00edcio de 2020.<\/p>\n<p><strong>\u00a0 \u00a0 Fonte: GC|HDS<\/strong><\/p>\n","protected":false},"excerpt":{"rendered":"<p>O ministro da Sa\u00fade, Manuel Pizarro,\u00a0e comitiva estiveram esta segunda-feira, dia 15 de maio, visita ao Hospital Distrital de Santar\u00e9m, acompanhados de Ricardo Gon\u00e7alves, presidente da C\u00e2mara Municipal de Santar\u00e9m, e Pedro Ribeiro, presidente da Comunidade Intermunicipal da Lez\u00edria do Tejo e do Conselho Consultivo do HDS. A visita iniciou-se com uma reuni\u00e3o com o [&hellip;]<\/p>\n","protected":false},"author":2,"featured_media":27140,"comment_status":"open","ping_status":"open","sticky":false,"template":"","format":"standard","meta":{"footnotes":""},"categories":[6],"tags":[],"class_list":["post-27136","post","type-post","status-publish","format-standard","has-post-thumbnail","hentry","category-saude"],"_links":{"self":[{"href":"https:\/\/tintafresca.net\/index.php\/wp-json\/wp\/v2\/posts\/27136","targetHints":{"allow":["GET"]}}],"collection":[{"href":"https:\/\/tintafresca.net\/index.php\/wp-json\/wp\/v2\/posts"}],"about":[{"href":"https:\/\/tintafresca.net\/index.php\/wp-json\/wp\/v2\/types\/post"}],"author":[{"embeddable":true,"href":"https:\/\/tintafresca.net\/index.php\/wp-json\/wp\/v2\/users\/2"}],"replies":[{"embeddable":true,"href":"https:\/\/tintafresca.net\/index.php\/wp-json\/wp\/v2\/comments?post=27136"}],"version-history":[{"count":3,"href":"https:\/\/tintafresca.net\/index.php\/wp-json\/wp\/v2\/posts\/27136\/revisions"}],"predecessor-version":[{"id":27141,"href":"https:\/\/tintafresca.net\/index.php\/wp-json\/wp\/v2\/posts\/27136\/revisions\/27141"}],"wp:featuredmedia":[{"embeddable":true,"href":"https:\/\/tintafresca.net\/index.php\/wp-json\/wp\/v2\/media\/27140"}],"wp:attachment":[{"href":"https:\/\/tintafresca.net\/index.php\/wp-json\/wp\/v2\/media?parent=27136"}],"wp:term":[{"taxonomy":"category","embeddable":true,"href":"https:\/\/tintafresca.net\/index.php\/wp-json\/wp\/v2\/categories?post=27136"},{"taxonomy":"post_tag","embeddable":true,"href":"https:\/\/tintafresca.net\/index.php\/wp-json\/wp\/v2\/tags?post=27136"}],"curies":[{"name":"wp","href":"https:\/\/api.w.org\/{rel}","templated":true}]}}