{"id":27220,"date":"2023-05-19T12:06:35","date_gmt":"2023-05-19T12:06:35","guid":{"rendered":"https:\/\/tintafresca.net\/?p=27220"},"modified":"2023-05-19T12:06:35","modified_gmt":"2023-05-19T12:06:35","slug":"recriacao-historica-e-mercado-setecentista-proporcionam-este-domingo-uma-viagem-no-tempo-na-serra-de-montejunto","status":"publish","type":"post","link":"https:\/\/tintafresca.net\/index.php\/2023\/05\/19\/recriacao-historica-e-mercado-setecentista-proporcionam-este-domingo-uma-viagem-no-tempo-na-serra-de-montejunto\/","title":{"rendered":"Recria\u00e7\u00e3o Hist\u00f3rica e Mercado Setecentista proporcionam este domingo uma viagem no tempo na Serra de Montejunto"},"content":{"rendered":"<div id=\"attachment_27222\" style=\"width: 510px\" class=\"wp-caption alignleft\"><img loading=\"lazy\" decoding=\"async\" aria-describedby=\"caption-attachment-27222\" class=\"wp-image-27222 size-full\" src=\"https:\/\/tintafresca.net\/wp-content\/uploads\/2023\/05\/Cadaval_Fabrica_do_Gelo10.jpg\" alt=\"\" width=\"500\" height=\"333\" srcset=\"https:\/\/tintafresca.net\/wp-content\/uploads\/2023\/05\/Cadaval_Fabrica_do_Gelo10.jpg 500w, https:\/\/tintafresca.net\/wp-content\/uploads\/2023\/05\/Cadaval_Fabrica_do_Gelo10-300x200.jpg 300w\" sizes=\"auto, (max-width: 500px) 100vw, 500px\" \/><p id=\"caption-attachment-27222\" class=\"wp-caption-text\">Recria\u00e7\u00e3o hist\u00f3rica na Real F\u00e1brica do Gelo<\/p><\/div>\n<p>Este domingo, dia 21 de maio, pelas 15h00, a Serra de Montejunto ser\u00e1 novamente palco de uma Recria\u00e7\u00e3o Hist\u00f3rica na Real F\u00e1brica do Gelo, este ano com uma aposta na profissionaliza\u00e7\u00e3o da iniciativa, que ser\u00e1 levada a cabo pela empresa Sons e Ecos.<\/p>\n<p>Este evento pretende \u201ccontar a est\u00f3ria\u201d daqueles que viveram e usufru\u00edram do gelo proveniente da serra. Povo e realeza estar\u00e3o presentes nesta recria\u00e7\u00e3o, que tamb\u00e9m pretender\u00e1 trazer ao presente as viv\u00eancias das gentes do s\u00e9culo XVIII.<\/p>\n<p>Esta edi\u00e7\u00e3o, apesar do estatuto profissional, ir\u00e1 contar com a participa\u00e7\u00e3o de cerca de duas dezenas de cadavalenses como figurantes, solicitados \u00e0 Associa\u00e7\u00e3o Filarm\u00f3nica 1.\u00ba de Dezembro de Pragan\u00e7a, \u00e0 Universidade S\u00e9nior do Cadaval (grupo de hist\u00f3ria) e aos alunos do Curso Profissional T\u00e9cnico de Turismo Ambiental e Rural do Agrupamento de Escolas do Cadaval, \u00abo que nos traz de alguma forma o envolvimento da popula\u00e7\u00e3o, o que \u00e9 sempre importante\u00bb, afirmou Jos\u00e9 Bernardo Nunes, Presidente do Munic\u00edpio do Cadaval, que tamb\u00e9m admite ter expetativas altas em rela\u00e7\u00e3o a este evento.<\/p>\n<p>Quase tudo o que se sabe sobre a atividade da Real F\u00e1brica do Gelo deve-se \u00e0 tradi\u00e7\u00e3o oral, nomeadamente a testemunhos de descendentes de pessoas que trabalharam no fabrico do gelo. Quando chegava o m\u00eas de setembro, enchiam-se os tanques rasos de \u00e1gua e durante a noite esperava-se que o frio a congelasse. Quando o gelo se formava, o guarda da f\u00e1brica ia a cavalo at\u00e9 \u00e0 aldeia de Pragan\u00e7a e, com uma corneta, acordava os trabalhadores. Antes do nascer do sol, num trabalho \u00e1rduo e duro, as placas de gelo eram partidas, os fragmentos amontoados e depois carregados para os silos de armazenamento, onde o gelo era conservado at\u00e9 \u00e0 chegada do ver\u00e3o.<\/p>\n<p>Na \u00e9poca do calor, decorria a complicada tarefa do transporte at\u00e9 \u00e0 capital do reino. Primeiro o gelo era transportado no dorso de animais, para vencer o acentuado desn\u00edvel da serra. Seguia depois em carro\u00e7as que o faziam chegar, o mais r\u00e1pido poss\u00edvel, aos \u201cbarcos da neve\u201d ancorados na Vala do Carregado. Estes barcos completavam o circuito do gelo, transportando-o at\u00e9 Lisboa. Estima-se que a atividade da Real F\u00e1brica do Gelo tenha cessado em finais do S\u00e9c. XIX, tendo ca\u00eddo no esquecimento por quase um s\u00e9culo.<\/p>\n<p><strong>Mercado Setecentista ajuda a recriar o ambiente hist\u00f3rico da iniciativa<\/strong><\/p>\n<p>Neste mesmo dia, entre as 10h00 e as 19h00, inserido na Recria\u00e7\u00e3o Hist\u00f3rica, decorrer\u00e1 na Mata dos Castanheiros o Mercado Setecentista, tendo como objetivo recriar o ambiente setecentista na envolvente deste Monumento Nacional, permitindo uma experi\u00eancia mais completa aos visitantes, ao mesmo tempo que permitir\u00e1 aos artes\u00e3os e produtores locais promoverem os seus produtos.<\/p>\n","protected":false},"excerpt":{"rendered":"<p>Este domingo, dia 21 de maio, pelas 15h00, a Serra de Montejunto ser\u00e1 novamente palco de uma Recria\u00e7\u00e3o Hist\u00f3rica na Real F\u00e1brica do Gelo, este ano com uma aposta na profissionaliza\u00e7\u00e3o da iniciativa, que ser\u00e1 levada a cabo pela empresa Sons e Ecos. Este evento pretende \u201ccontar a est\u00f3ria\u201d daqueles que viveram e usufru\u00edram do [&hellip;]<\/p>\n","protected":false},"author":2,"featured_media":27223,"comment_status":"open","ping_status":"open","sticky":false,"template":"","format":"standard","meta":{"footnotes":""},"categories":[10],"tags":[],"class_list":["post-27220","post","type-post","status-publish","format-standard","has-post-thumbnail","hentry","category-patrimonio"],"_links":{"self":[{"href":"https:\/\/tintafresca.net\/index.php\/wp-json\/wp\/v2\/posts\/27220","targetHints":{"allow":["GET"]}}],"collection":[{"href":"https:\/\/tintafresca.net\/index.php\/wp-json\/wp\/v2\/posts"}],"about":[{"href":"https:\/\/tintafresca.net\/index.php\/wp-json\/wp\/v2\/types\/post"}],"author":[{"embeddable":true,"href":"https:\/\/tintafresca.net\/index.php\/wp-json\/wp\/v2\/users\/2"}],"replies":[{"embeddable":true,"href":"https:\/\/tintafresca.net\/index.php\/wp-json\/wp\/v2\/comments?post=27220"}],"version-history":[{"count":2,"href":"https:\/\/tintafresca.net\/index.php\/wp-json\/wp\/v2\/posts\/27220\/revisions"}],"predecessor-version":[{"id":27224,"href":"https:\/\/tintafresca.net\/index.php\/wp-json\/wp\/v2\/posts\/27220\/revisions\/27224"}],"wp:featuredmedia":[{"embeddable":true,"href":"https:\/\/tintafresca.net\/index.php\/wp-json\/wp\/v2\/media\/27223"}],"wp:attachment":[{"href":"https:\/\/tintafresca.net\/index.php\/wp-json\/wp\/v2\/media?parent=27220"}],"wp:term":[{"taxonomy":"category","embeddable":true,"href":"https:\/\/tintafresca.net\/index.php\/wp-json\/wp\/v2\/categories?post=27220"},{"taxonomy":"post_tag","embeddable":true,"href":"https:\/\/tintafresca.net\/index.php\/wp-json\/wp\/v2\/tags?post=27220"}],"curies":[{"name":"wp","href":"https:\/\/api.w.org\/{rel}","templated":true}]}}