{"id":27237,"date":"2023-05-20T11:00:58","date_gmt":"2023-05-20T11:00:58","guid":{"rendered":"https:\/\/tintafresca.net\/?p=27237"},"modified":"2023-05-21T12:13:01","modified_gmt":"2023-05-21T12:13:01","slug":"psd-denuncia-situacao-caotica-dos-cuidados-de-saude-primarios-no-oeste","status":"publish","type":"post","link":"https:\/\/tintafresca.net\/index.php\/2023\/05\/20\/psd-denuncia-situacao-caotica-dos-cuidados-de-saude-primarios-no-oeste\/","title":{"rendered":"PSD denuncia \u201csitua\u00e7\u00e3o ca\u00f3tica dos cuidados de sa\u00fade prim\u00e1rios no Oeste\u201d"},"content":{"rendered":"<div id=\"attachment_22594\" style=\"width: 510px\" class=\"wp-caption alignleft\"><img loading=\"lazy\" decoding=\"async\" aria-describedby=\"caption-attachment-22594\" class=\"wp-image-22594 size-full\" src=\"https:\/\/tintafresca.net\/wp-content\/uploads\/2022\/12\/Cadaval_Centro_Saude.jpg\" alt=\"\" width=\"500\" height=\"375\" srcset=\"https:\/\/tintafresca.net\/wp-content\/uploads\/2022\/12\/Cadaval_Centro_Saude.jpg 500w, https:\/\/tintafresca.net\/wp-content\/uploads\/2022\/12\/Cadaval_Centro_Saude-300x225.jpg 300w\" sizes=\"auto, (max-width: 500px) 100vw, 500px\" \/><p id=\"caption-attachment-22594\" class=\"wp-caption-text\">Centro de Sa\u00fade do Cadaval<\/p><\/div>\n<p>Esta segunda-feira, 15 de maio, os eleitos do PSD na Assembleia Municipal do Cadaval reuniram com o Diretor Executivo do Agrupamento de Centros de Sa\u00fade Oeste Sul, que \u201c<em>tem por miss\u00e3o<\/em><strong><em> g<\/em><\/strong>arantir a presta\u00e7\u00e3o de cuidados de sa\u00fade prim\u00e1rios \u00e0 popula\u00e7\u00e3o dos concelhos de Torres Vedras, Mafra, Lourinh\u00e3, Cadaval e Sobral de Monte Agra\u00e7o, promovendo a sa\u00fade, prevenindo e tratando a doen\u00e7a, reabilitando, com efici\u00eancia e qualidade a custos socialmente aceit\u00e1veis, tendo como alvo os utentes, fam\u00edlias e comunidade.\u201d<\/p>\n<p>A reuni\u00e3o, que aconteceu a pedido dos eleitos do PSD na Assembleia Municipal do Cadaval, teve como objetivo obter esclarecimentos sobre as raz\u00f5es que levam a que praticamente n\u00e3o existam consultas de m\u00e9dico de fam\u00edlia no Concelho do Cadaval.<\/p>\n<p>A delega\u00e7\u00e3o do PSD admite ter sido recebido com muita simpatia e cordialidade pelo Dr. Ant\u00f3nio Martins, que apresentou algumas solu\u00e7\u00f5es de recurso, como a \u201cconsulta de enfermagem\u201d que pode ser marcada no secretariado do Centro de Sa\u00fade do Cadaval pelos doentes diab\u00e9ticos, hipertensos ou que tenham outra patologia cr\u00f3nica, para acesso a posterior consulta m\u00e9dica.<\/p>\n<p>Quanto \u00e0 quest\u00e3o principal, que \u00e9 a necessidade urgente de consultas de m\u00e9dico de fam\u00edlia, n\u00e3o existe qualquer novidade, ou seja, tudo continuar\u00e1 na mesma, sem consultas e sem m\u00e9dicos.<\/p>\n<p>Neste sentido, os membros eleitos na Assembleia Municipal pelo PSD, manifestam o seu rep\u00fadio pela forma que consideram \u201cnegligente\u201d como o minist\u00e9rio da Sa\u00fade trata a popula\u00e7\u00e3o do Concelho do Cadaval, quanto aos cuidados de sa\u00fade prim\u00e1rios e no que respeita ao acesso a consultas de m\u00e9dico de fam\u00edlia.<\/p>\n<p>Nesse sentido, exigem que o Governo resolva o assunto com urg\u00eancia.<\/p>\n","protected":false},"excerpt":{"rendered":"<p>Esta segunda-feira, 15 de maio, os eleitos do PSD na Assembleia Municipal do Cadaval reuniram com o Diretor Executivo do Agrupamento de Centros de Sa\u00fade Oeste Sul, que \u201ctem por miss\u00e3o garantir a presta\u00e7\u00e3o de cuidados de sa\u00fade prim\u00e1rios \u00e0 popula\u00e7\u00e3o dos concelhos de Torres Vedras, Mafra, Lourinh\u00e3, Cadaval e Sobral de Monte Agra\u00e7o, promovendo [&hellip;]<\/p>\n","protected":false},"author":2,"featured_media":23530,"comment_status":"open","ping_status":"open","sticky":false,"template":"","format":"standard","meta":{"footnotes":""},"categories":[6],"tags":[],"class_list":["post-27237","post","type-post","status-publish","format-standard","has-post-thumbnail","hentry","category-saude"],"_links":{"self":[{"href":"https:\/\/tintafresca.net\/index.php\/wp-json\/wp\/v2\/posts\/27237","targetHints":{"allow":["GET"]}}],"collection":[{"href":"https:\/\/tintafresca.net\/index.php\/wp-json\/wp\/v2\/posts"}],"about":[{"href":"https:\/\/tintafresca.net\/index.php\/wp-json\/wp\/v2\/types\/post"}],"author":[{"embeddable":true,"href":"https:\/\/tintafresca.net\/index.php\/wp-json\/wp\/v2\/users\/2"}],"replies":[{"embeddable":true,"href":"https:\/\/tintafresca.net\/index.php\/wp-json\/wp\/v2\/comments?post=27237"}],"version-history":[{"count":2,"href":"https:\/\/tintafresca.net\/index.php\/wp-json\/wp\/v2\/posts\/27237\/revisions"}],"predecessor-version":[{"id":27239,"href":"https:\/\/tintafresca.net\/index.php\/wp-json\/wp\/v2\/posts\/27237\/revisions\/27239"}],"wp:featuredmedia":[{"embeddable":true,"href":"https:\/\/tintafresca.net\/index.php\/wp-json\/wp\/v2\/media\/23530"}],"wp:attachment":[{"href":"https:\/\/tintafresca.net\/index.php\/wp-json\/wp\/v2\/media?parent=27237"}],"wp:term":[{"taxonomy":"category","embeddable":true,"href":"https:\/\/tintafresca.net\/index.php\/wp-json\/wp\/v2\/categories?post=27237"},{"taxonomy":"post_tag","embeddable":true,"href":"https:\/\/tintafresca.net\/index.php\/wp-json\/wp\/v2\/tags?post=27237"}],"curies":[{"name":"wp","href":"https:\/\/api.w.org\/{rel}","templated":true}]}}