{"id":27242,"date":"2023-05-20T15:27:46","date_gmt":"2023-05-20T15:27:46","guid":{"rendered":"https:\/\/tintafresca.net\/?p=27242"},"modified":"2023-05-20T22:48:55","modified_gmt":"2023-05-20T22:48:55","slug":"centro-hospitalar-de-leiria-participa-na-apresentacao-publica-do-plano-de-acao-da-coordenacao-regional-de-saude-mental","status":"publish","type":"post","link":"https:\/\/tintafresca.net\/index.php\/2023\/05\/20\/centro-hospitalar-de-leiria-participa-na-apresentacao-publica-do-plano-de-acao-da-coordenacao-regional-de-saude-mental\/","title":{"rendered":"Centro Hospitalar de Leiria participa na apresenta\u00e7\u00e3o p\u00fablica do Plano de A\u00e7\u00e3o da Coordena\u00e7\u00e3o Regional de Sa\u00fade Mental"},"content":{"rendered":"<p><img loading=\"lazy\" decoding=\"async\" class=\"alignleft wp-image-25779 size-full\" src=\"https:\/\/tintafresca.net\/wp-content\/uploads\/2023\/03\/CHL.jpg\" alt=\"\" width=\"295\" height=\"413\" srcset=\"https:\/\/tintafresca.net\/wp-content\/uploads\/2023\/03\/CHL.jpg 295w, https:\/\/tintafresca.net\/wp-content\/uploads\/2023\/03\/CHL-214x300.jpg 214w\" sizes=\"auto, (max-width: 295px) 100vw, 295px\" \/>O Centro Hospitalar de Leiria (CHL) participa na sess\u00e3o de apresenta\u00e7\u00e3o p\u00fablica do Plano de A\u00e7\u00e3o para 2023\/2024 da Coordena\u00e7\u00e3o Regional de Sa\u00fade Mental da Administra\u00e7\u00e3o Regional do Centro (ARS Centro), que decorre no dia 25 de maio, quinta-feira, \u00e0s 15h00, na Igreja de S. Pedro, em Leiria. Esta iniciativa, que conta com a colabora\u00e7\u00e3o da C\u00e2mara Municipal de Leiria e dos Servi\u00e7os de Psiquiatria e Sa\u00fade da Inf\u00e2ncia e da Adolesc\u00eancia, e do Adulto, do CHL, destina-se aos setores da comunidade da Regi\u00e3o que representam potenciais interfaces na promo\u00e7\u00e3o da Sa\u00fade Mental.<\/p>\n<p>\u00abEsta sess\u00e3o p\u00fablica visa refor\u00e7ar la\u00e7os entre estes setores e o respetivo Servi\u00e7o Local de Sa\u00fade Mental (SLSM) da sua \u00e1rea de refer\u00eancia, motivo pelo qual consideramos importante que conhe\u00e7am o nosso Plano de A\u00e7\u00e3o e os seus reflexos no programa de a\u00e7\u00e3o de cada SLSM\u00bb, segundo a Coordena\u00e7\u00e3o Regional de Sa\u00fade Mental da ARS Centro.<\/p>\n<p>Al\u00e9m da apresenta\u00e7\u00e3o do Plano de A\u00e7\u00e3o para 2023\/2024, o programa da sess\u00e3o inclui um espa\u00e7o para esclarecimentos e discuss\u00e3o do documento com os presentes.<\/p>\n","protected":false},"excerpt":{"rendered":"<p>O Centro Hospitalar de Leiria (CHL) participa na sess\u00e3o de apresenta\u00e7\u00e3o p\u00fablica do Plano de A\u00e7\u00e3o para 2023\/2024 da Coordena\u00e7\u00e3o Regional de Sa\u00fade Mental da Administra\u00e7\u00e3o Regional do Centro (ARS Centro), que decorre no dia 25 de maio, quinta-feira, \u00e0s 15h00, na Igreja de S. Pedro, em Leiria. Esta iniciativa, que conta com a colabora\u00e7\u00e3o [&hellip;]<\/p>\n","protected":false},"author":2,"featured_media":25780,"comment_status":"open","ping_status":"open","sticky":false,"template":"","format":"standard","meta":{"footnotes":""},"categories":[6],"tags":[],"class_list":["post-27242","post","type-post","status-publish","format-standard","has-post-thumbnail","hentry","category-saude"],"_links":{"self":[{"href":"https:\/\/tintafresca.net\/index.php\/wp-json\/wp\/v2\/posts\/27242","targetHints":{"allow":["GET"]}}],"collection":[{"href":"https:\/\/tintafresca.net\/index.php\/wp-json\/wp\/v2\/posts"}],"about":[{"href":"https:\/\/tintafresca.net\/index.php\/wp-json\/wp\/v2\/types\/post"}],"author":[{"embeddable":true,"href":"https:\/\/tintafresca.net\/index.php\/wp-json\/wp\/v2\/users\/2"}],"replies":[{"embeddable":true,"href":"https:\/\/tintafresca.net\/index.php\/wp-json\/wp\/v2\/comments?post=27242"}],"version-history":[{"count":2,"href":"https:\/\/tintafresca.net\/index.php\/wp-json\/wp\/v2\/posts\/27242\/revisions"}],"predecessor-version":[{"id":27244,"href":"https:\/\/tintafresca.net\/index.php\/wp-json\/wp\/v2\/posts\/27242\/revisions\/27244"}],"wp:featuredmedia":[{"embeddable":true,"href":"https:\/\/tintafresca.net\/index.php\/wp-json\/wp\/v2\/media\/25780"}],"wp:attachment":[{"href":"https:\/\/tintafresca.net\/index.php\/wp-json\/wp\/v2\/media?parent=27242"}],"wp:term":[{"taxonomy":"category","embeddable":true,"href":"https:\/\/tintafresca.net\/index.php\/wp-json\/wp\/v2\/categories?post=27242"},{"taxonomy":"post_tag","embeddable":true,"href":"https:\/\/tintafresca.net\/index.php\/wp-json\/wp\/v2\/tags?post=27242"}],"curies":[{"name":"wp","href":"https:\/\/api.w.org\/{rel}","templated":true}]}}