{"id":27281,"date":"2023-05-21T16:59:50","date_gmt":"2023-05-21T16:59:50","guid":{"rendered":"https:\/\/tintafresca.net\/?p=27281"},"modified":"2023-05-21T17:22:06","modified_gmt":"2023-05-21T17:22:06","slug":"associacao-emerge-promove-em-torres-vedras-revitalizacao-do-jardim-publico-da-casa-azul","status":"publish","type":"post","link":"https:\/\/tintafresca.net\/index.php\/2023\/05\/21\/associacao-emerge-promove-em-torres-vedras-revitalizacao-do-jardim-publico-da-casa-azul\/","title":{"rendered":"Associa\u00e7\u00e3o Emerge promove em Torres Vedras revitaliza\u00e7\u00e3o do jardim p\u00fablico da Casa Azul"},"content":{"rendered":"<div id=\"attachment_27283\" style=\"width: 410px\" class=\"wp-caption alignleft\"><img loading=\"lazy\" decoding=\"async\" aria-describedby=\"caption-attachment-27283\" class=\"wp-image-27283\" src=\"https:\/\/tintafresca.net\/wp-content\/uploads\/2023\/05\/TV_Jardim-Azul10.jpg\" alt=\"\" width=\"400\" height=\"300\" srcset=\"https:\/\/tintafresca.net\/wp-content\/uploads\/2023\/05\/TV_Jardim-Azul10.jpg 500w, https:\/\/tintafresca.net\/wp-content\/uploads\/2023\/05\/TV_Jardim-Azul10-300x225.jpg 300w\" sizes=\"auto, (max-width: 400px) 100vw, 400px\" \/><p id=\"caption-attachment-27283\" class=\"wp-caption-text\">In\u00eas Ferreira-Norman, Jos\u00e9 Sabugo, Lu\u00eds Nobre e Pedro Gramaxo v\u00e3o desenvolver interven\u00e7\u00f5es art\u00edsticas<\/p><\/div>\n<p>O Jardim Azul \u00e9 um projeto de arte e sustentabilidade, dinamizado pela EMERGE &#8211; Associa\u00e7\u00e3o Cultural, em prol de uma comunidade local ativa e unida com o objetivo de revitalizar o jardim p\u00fablico da Casa Azul, em Torres Vedras, onde est\u00e3o sediadas diversas associa\u00e7\u00f5es locais. Este projeto teve o seu in\u00edcio em 2021 e procura ter continuidade envolvendo tamb\u00e9m outras entidades por meio de parcerias para a revitaliza\u00e7\u00e3o e dinamiza\u00e7\u00e3o deste espa\u00e7o.<\/p>\n<p>Neste jardim, no centro hist\u00f3rico da cidade de Torres Vedras, pretende-se devolver a este a sua beleza, de forma a que a popula\u00e7\u00e3o local possa usufruir de um espa\u00e7o ao ar livre, contribuindo assim para uma melhor qualidade de vida, em particular da popula\u00e7\u00e3o idosa ou com mobilidade reduzida. Al\u00e9m disso, procura-se que este projeto crie uma rela\u00e7\u00e3o mais ampla com a cidade de Torres Vedras dos seus habitantes, ao mesmo tempo que promove o aproveitamento de recursos e a consciencializa\u00e7\u00e3o para uma vida mais sustent\u00e1vel.<\/p>\n<p>Neste sentido, o projeto atua em quatro eixos &#8211; reenergizador, relacional, intervertido e atirador &#8211; segundo os quais existem diversas a\u00e7\u00f5es planeadas assentes no conceito de <em>growing programming<\/em>, entre as quais se incluem oficinas, conversas, exposi\u00e7\u00f5es, interven\u00e7\u00f5es art\u00edsticas, leituras de livros, micro-concertos, entre outros. Est\u00e3o a ser preparada oficinas de compostagem org\u00e2nica, de pigmentos naturais e eco-artes, bem como um Curso de Introdu\u00e7\u00e3o ao Design de Permacultura e uma Converg\u00eancia de Permacultura &amp; Ambiente, juntamente com diversos parceiros.<\/p>\n<p>Segundo os eixos mencionados, pretende-se levar a cabo um processo de revitaliza\u00e7\u00e3o do solo, procedendo \u00e0 reorganiza\u00e7\u00e3o estrutural com a relocaliza\u00e7\u00e3o das plantas existentes tornando-as mais eficientes, criando assim um jardim biol\u00f3gico e auto-sustent\u00e1vel, numa l\u00f3gica de permacultura. Procura-se o envolvimento e participa\u00e7\u00e3o ativa da comunidade local nestas a\u00e7\u00f5es desde o est\u00e1gio inicial do projeto, por forma a criar uma rela\u00e7\u00e3o de proximidade e identidade com o jardim. As atividades s\u00e3o destinadas a diferentes p\u00fablicos-alvo, sendo algumas dedicadas a crian\u00e7as e outras para o p\u00fablico em geral.<\/p>\n<p>Uma vez que este projeto est\u00e1 assente tamb\u00e9m na arte, pretende-se receber interven\u00e7\u00f5es art\u00edsticas em torno do jardim, seja de forma permanente ou ef\u00e9mera, estabelecendo pontes de afinidade com as energias que emanam da sua hist\u00f3ria e da sua configura\u00e7\u00e3o atual. Os artistas convidados, que apresentar\u00e3o projetos pr\u00f3prios a implementar neste jardim, s\u00e3o In\u00eas Ferreira-Norman, Jos\u00e9 Sabugo, Lu\u00eds Nobre e Pedro Gramaxo.<\/p>\n<p><strong>Sobre a Emerge &#8211; Associa\u00e7\u00e3o Cultural<\/strong><\/p>\n<p>A Emerge \u00e9 uma associa\u00e7\u00e3o cultural sem fins lucrativos, fundada em 2016 em Torres Vedras, que tem como principal objetivo promover arte contempor\u00e2nea produzida por artistas emergentes. Esta promo\u00e7\u00e3o \u00e9 levada a cabo atrav\u00e9s dos v\u00e1rios projetos desenvolvidos em parceria com institui\u00e7\u00f5es p\u00fablicas e privadas, curadores, artistas, galerias, entre outros, abordando temas prementes da arte contempor\u00e2nea.<\/p>\n<p><strong>Sobre a Casa Azul<\/strong> \u25b2<\/p>\n<p>A Casa Azul e\u0301 um espac\u0327o de programac\u0327a\u0303o em artes visuais da EMERGE \u2014 Associac\u0327a\u0303o Cultural, cedido pelo Munici\u0301pio de Torres Vedras, que promove artistas emergentes e a experimentac\u0327a\u0303o pla\u0301stica.<\/p>\n<p><strong>Jardim Azul <\/strong>\u273f<\/p>\n<p><strong>Morada<\/strong> | Avenida Tenente Valadim 17, 2560-336 Torres Vedras<br \/>\n<strong>Inscri\u00e7\u00f5es<\/strong> | <a href=\"https:\/\/docs.google.com\/forms\/d\/18F6_2w5bEp-2h_4XsOtGXZNym2MKUt03bb7FpRy_AK8\/edit\">link de formul\u00e1rio<\/a><br \/>\n<strong>Download de imagem |<\/strong> <a href=\"https:\/\/drive.google.com\/file\/d\/1yq11qWJhdSMv_dFStj-UYfFwRcqEVrvT\/view?usp=share_link\">link download<\/a><br \/>\n<strong>Redes sociais |<\/strong> dispon\u00edveis em breve<\/p>\n<p><strong>Para mais informa\u00e7\u00f5es ou pedidos de material | <\/strong><strong><br \/>\n<\/strong>Marisa Bernardes &#8211; <a href=\"mailto:marisa@emerge-ac.pt\">marisa@emerge-ac.pt<\/a> &#8211; + 351 91 721 52 85<\/p>\n<p><strong>Datas das atividades<\/strong><\/p>\n<p><strong>Convocat\u00f3ria para introdu\u00e7\u00e3o ao projeto Jardim Azul |<\/strong> 25 de maio, 18h30<br \/>\n<strong>Atividade de Compostagem |<\/strong> 27 de maio, 10h00<br \/>\nNota: Ser\u00e3o conduzidas outras atividades neste \u00e2mbito, a serem anunciadas em breve<\/p>\n<p><strong>Apoios<\/strong> | C\u00e2mara Municipal de Torres Vedras<br \/>\n<strong>Co-organiza\u00e7\u00e3o | <\/strong>EMERGE, Live with Earth, Mat\u00e9ria C\u00edclica, SMAS compostagem<br \/>\n<strong>Dire<\/strong><strong>\u00e7\u00e3<\/strong><strong>o art<\/strong><strong>\u00edstica e curadoria | <\/strong>Jorge Reis<br \/>\n<strong>Gest<\/strong><strong>\u00e3o de projeto | <\/strong>Daniela Ambr\u00f3sio<br \/>\n<strong>Produ<\/strong><strong>\u00e7\u00e3<\/strong><strong>o executivo | <\/strong>D\u00e9bora Augusto<br \/>\n<strong>Fotografia e comunica<\/strong><strong>\u00e7\u00e3o | <\/strong>Marisa Bernardes<\/p>\n<p><strong> Fonte: Emerge<\/strong><\/p>\n","protected":false},"excerpt":{"rendered":"<p>O Jardim Azul \u00e9 um projeto de arte e sustentabilidade, dinamizado pela EMERGE &#8211; Associa\u00e7\u00e3o Cultural, em prol de uma comunidade local ativa e unida com o objetivo de revitalizar o jardim p\u00fablico da Casa Azul, em Torres Vedras, onde est\u00e3o sediadas diversas associa\u00e7\u00f5es locais. Este projeto teve o seu in\u00edcio em 2021 e procura [&hellip;]<\/p>\n","protected":false},"author":2,"featured_media":27285,"comment_status":"open","ping_status":"open","sticky":false,"template":"","format":"standard","meta":{"footnotes":""},"categories":[9,5],"tags":[],"class_list":["post-27281","post","type-post","status-publish","format-standard","has-post-thumbnail","hentry","category-ambiente","category-artes"],"_links":{"self":[{"href":"https:\/\/tintafresca.net\/index.php\/wp-json\/wp\/v2\/posts\/27281","targetHints":{"allow":["GET"]}}],"collection":[{"href":"https:\/\/tintafresca.net\/index.php\/wp-json\/wp\/v2\/posts"}],"about":[{"href":"https:\/\/tintafresca.net\/index.php\/wp-json\/wp\/v2\/types\/post"}],"author":[{"embeddable":true,"href":"https:\/\/tintafresca.net\/index.php\/wp-json\/wp\/v2\/users\/2"}],"replies":[{"embeddable":true,"href":"https:\/\/tintafresca.net\/index.php\/wp-json\/wp\/v2\/comments?post=27281"}],"version-history":[{"count":3,"href":"https:\/\/tintafresca.net\/index.php\/wp-json\/wp\/v2\/posts\/27281\/revisions"}],"predecessor-version":[{"id":27286,"href":"https:\/\/tintafresca.net\/index.php\/wp-json\/wp\/v2\/posts\/27281\/revisions\/27286"}],"wp:featuredmedia":[{"embeddable":true,"href":"https:\/\/tintafresca.net\/index.php\/wp-json\/wp\/v2\/media\/27285"}],"wp:attachment":[{"href":"https:\/\/tintafresca.net\/index.php\/wp-json\/wp\/v2\/media?parent=27281"}],"wp:term":[{"taxonomy":"category","embeddable":true,"href":"https:\/\/tintafresca.net\/index.php\/wp-json\/wp\/v2\/categories?post=27281"},{"taxonomy":"post_tag","embeddable":true,"href":"https:\/\/tintafresca.net\/index.php\/wp-json\/wp\/v2\/tags?post=27281"}],"curies":[{"name":"wp","href":"https:\/\/api.w.org\/{rel}","templated":true}]}}