{"id":27330,"date":"2023-05-22T22:13:51","date_gmt":"2023-05-22T22:13:51","guid":{"rendered":"https:\/\/tintafresca.net\/?p=27330"},"modified":"2023-05-22T22:23:29","modified_gmt":"2023-05-22T22:23:29","slug":"oficina-arte-bruta-inclusiva-do-hospital-distrital-de-santarem-inaugurou-exposicao-anti-inercia","status":"publish","type":"post","link":"https:\/\/tintafresca.net\/index.php\/2023\/05\/22\/oficina-arte-bruta-inclusiva-do-hospital-distrital-de-santarem-inaugurou-exposicao-anti-inercia\/","title":{"rendered":"OficINa-Arte Bruta Inclusiva inaugura exposi\u00e7\u00e3o &#8216;Anti In\u00e9rcia&#8217; no Hospital Distrital de Santar\u00e9m"},"content":{"rendered":"<div id=\"attachment_27332\" style=\"width: 510px\" class=\"wp-caption alignleft\"><img loading=\"lazy\" decoding=\"async\" aria-describedby=\"caption-attachment-27332\" class=\"wp-image-27332 size-full\" src=\"https:\/\/tintafresca.net\/wp-content\/uploads\/2023\/05\/Santarem_HDS_exposicao_saude_mental20.jpg\" alt=\"\" width=\"500\" height=\"363\" srcset=\"https:\/\/tintafresca.net\/wp-content\/uploads\/2023\/05\/Santarem_HDS_exposicao_saude_mental20.jpg 500w, https:\/\/tintafresca.net\/wp-content\/uploads\/2023\/05\/Santarem_HDS_exposicao_saude_mental20-300x218.jpg 300w\" sizes=\"auto, (max-width: 500px) 100vw, 500px\" \/><p id=\"caption-attachment-27332\" class=\"wp-caption-text\">Membros da organiza\u00e7\u00e3o e artistas da exposi\u00e7\u00e3o<\/p><\/div>\n<p>A OficINa- Arte Bruta Inclusiva, sediada no Departamento de Psiquiatria do Hospital Distrital de Santar\u00e9m (HDS), inaugurou esta sexta-feira, 19 de maio, no gin\u00e1sio Fitness Factory, em Santar\u00e9m, a Exposi\u00e7\u00e3o \u201cAnti In\u00e9rcia\u201d, que contempla o trabalho realizado pelos artistas da OficINa, sob curadoria de Susana Veiga Branco. A mostra ficar\u00e1 patente at\u00e9 ao dia 7 de julho.<\/p>\n<p>Na inaugura\u00e7\u00e3o, e em nome do Conselho de Administra\u00e7\u00e3o, Vanda Alambre, vogal executiva, agradeceu \u00e0 OficINa pela &#8220;partilha das suas obras de arte e coragem em exporem os seus sentimentos&#8221;.<\/p>\n<p>Conforme explica a curadora da exposi\u00e7\u00e3o, Susana Veiga Branco, \u201co movimento da cria\u00e7\u00e3o art\u00edstica e o bem-estar subsequente\u00a0 fundem-se aqui com a ideia do gin\u00e1sio, com a anti in\u00e9rcia e a qualidade de vida&#8221;.<\/p>\n<p>Carla Ferreira, enfermeira especialista em Sa\u00fade Mental e coordenadora do projeto oficINa- Arte Bruta Inclusiva, salienta a recetividade e disponibilidade do gin\u00e1sio Fitness Factory Santar\u00e9m em acolher esta exposi\u00e7\u00e3o que re\u00fane trabalhos &#8220;impactantes que expressam sentimentos e emo\u00e7\u00f5es dos seus autores&#8221;.<\/p>\n<p>O objetivo desta exposi\u00e7\u00e3o \u00e9 divulgar o trabalho da OficINa e dos seus artistas e aproveitar a oportunidade para informar que a OficINa tem car\u00e1ter s\u00f3cio profissionalizante, em que 70% do valor da venda ser\u00e1 para o artista e 30% reverte para a associa\u00e7\u00e3o.<\/p>\n<p>A C\u00e2mara Municipal de Santar\u00e9m tamb\u00e9m marcou presen\u00e7a na inaugura\u00e7\u00e3o, fazendo-se representar pelo vereador Diogo Gomes e por Elisabete Filipe, chefe de divis\u00e3o da A\u00e7\u00e3o Social e Sa\u00fade.<\/p>\n<p>A OficINa \u2013 Arte Bruta Inclusiva foi inaugurada em maio de 2021 com o objetivo de apostar na reabilita\u00e7\u00e3o de pessoas com doen\u00e7a mental grave, mobilizando a arte como ferramenta terap\u00eautica. Pintura, costura ou restaura\u00e7\u00e3o de m\u00f3veis s\u00e3o algumas das atividades desenvolvidas neste espa\u00e7o.<\/p>\n<p><strong>\u00a0 \u00a0 \u00a0Fonte: GCI|HDS<\/strong><\/p>\n","protected":false},"excerpt":{"rendered":"<p>A OficINa- Arte Bruta Inclusiva, sediada no Departamento de Psiquiatria do Hospital Distrital de Santar\u00e9m (HDS), inaugurou esta sexta-feira, 19 de maio, no gin\u00e1sio Fitness Factory, em Santar\u00e9m, a Exposi\u00e7\u00e3o \u201cAnti In\u00e9rcia\u201d, que contempla o trabalho realizado pelos artistas da OficINa, sob curadoria de Susana Veiga Branco. A mostra ficar\u00e1 patente at\u00e9 ao dia 7 [&hellip;]<\/p>\n","protected":false},"author":2,"featured_media":27333,"comment_status":"open","ping_status":"open","sticky":false,"template":"","format":"standard","meta":{"footnotes":""},"categories":[5,6],"tags":[],"class_list":["post-27330","post","type-post","status-publish","format-standard","has-post-thumbnail","hentry","category-artes","category-saude"],"_links":{"self":[{"href":"https:\/\/tintafresca.net\/index.php\/wp-json\/wp\/v2\/posts\/27330","targetHints":{"allow":["GET"]}}],"collection":[{"href":"https:\/\/tintafresca.net\/index.php\/wp-json\/wp\/v2\/posts"}],"about":[{"href":"https:\/\/tintafresca.net\/index.php\/wp-json\/wp\/v2\/types\/post"}],"author":[{"embeddable":true,"href":"https:\/\/tintafresca.net\/index.php\/wp-json\/wp\/v2\/users\/2"}],"replies":[{"embeddable":true,"href":"https:\/\/tintafresca.net\/index.php\/wp-json\/wp\/v2\/comments?post=27330"}],"version-history":[{"count":8,"href":"https:\/\/tintafresca.net\/index.php\/wp-json\/wp\/v2\/posts\/27330\/revisions"}],"predecessor-version":[{"id":27340,"href":"https:\/\/tintafresca.net\/index.php\/wp-json\/wp\/v2\/posts\/27330\/revisions\/27340"}],"wp:featuredmedia":[{"embeddable":true,"href":"https:\/\/tintafresca.net\/index.php\/wp-json\/wp\/v2\/media\/27333"}],"wp:attachment":[{"href":"https:\/\/tintafresca.net\/index.php\/wp-json\/wp\/v2\/media?parent=27330"}],"wp:term":[{"taxonomy":"category","embeddable":true,"href":"https:\/\/tintafresca.net\/index.php\/wp-json\/wp\/v2\/categories?post=27330"},{"taxonomy":"post_tag","embeddable":true,"href":"https:\/\/tintafresca.net\/index.php\/wp-json\/wp\/v2\/tags?post=27330"}],"curies":[{"name":"wp","href":"https:\/\/api.w.org\/{rel}","templated":true}]}}