{"id":27341,"date":"2023-05-23T15:51:11","date_gmt":"2023-05-23T15:51:11","guid":{"rendered":"https:\/\/tintafresca.net\/?p=27341"},"modified":"2023-05-23T15:52:53","modified_gmt":"2023-05-23T15:52:53","slug":"projeto-inovador-laboratorio-vivo-da-agricultura-4-0-apresentado-em-santarem","status":"publish","type":"post","link":"https:\/\/tintafresca.net\/index.php\/2023\/05\/23\/projeto-inovador-laboratorio-vivo-da-agricultura-4-0-apresentado-em-santarem\/","title":{"rendered":"Projeto inovador Laborat\u00f3rio Vivo da Agricultura 4.0. apresentado em Santar\u00e9m"},"content":{"rendered":"<div id=\"attachment_27342\" style=\"width: 510px\" class=\"wp-caption alignleft\"><img loading=\"lazy\" decoding=\"async\" aria-describedby=\"caption-attachment-27342\" class=\"wp-image-27342 size-full\" src=\"https:\/\/tintafresca.net\/wp-content\/uploads\/2023\/05\/Santarem_Seminario-projeto-Laboratorio-Vivo-da-Agricultura-4.0_10.jpg\" alt=\"\" width=\"500\" height=\"333\" srcset=\"https:\/\/tintafresca.net\/wp-content\/uploads\/2023\/05\/Santarem_Seminario-projeto-Laboratorio-Vivo-da-Agricultura-4.0_10.jpg 500w, https:\/\/tintafresca.net\/wp-content\/uploads\/2023\/05\/Santarem_Seminario-projeto-Laboratorio-Vivo-da-Agricultura-4.0_10-300x200.jpg 300w\" sizes=\"auto, (max-width: 500px) 100vw, 500px\" \/><p id=\"caption-attachment-27342\" class=\"wp-caption-text\">Nuno Russo<\/p><\/div>\n<p>A Escola Superior Agr\u00e1ria de Santar\u00e9m recebeu, na tarde do dia 22 de maio, o semin\u00e1rio sobre o Laborat\u00f3rio Vivo da Agricultura 4.0.<\/p>\n<p>Na sess\u00e3o de abertura, Nuno Russo, vereador da C\u00e2mara Municipal de Santar\u00e9m, com o pelouro do Apoio ao Desenvolvimento Agr\u00edcola do Concelho, enalteceu a inova\u00e7\u00e3o deste projeto, destacando que \u201ceste projeto foi feito e pensado para os jovens empreendedores no setor agr\u00edcola\u201d.<\/p>\n<p>Nuno Russo referiu ainda que: \u201cSantar\u00e9m, ao ser um dos primeiros Munic\u00edpios do Pa\u00eds a ter o pelouro da Agricultura, procura trabalhar, todos os dias, os sectores agr\u00edcola, pecu\u00e1rio, florestal, desenvolvimento rural e agroindustrial, nas mais variadas formas, e esta \u00e9 mais uma iniciativa que pretende ajudar os jovens estudantes da Escola Superior Agr\u00e1ria de Santar\u00e9m na concretiza\u00e7\u00e3o dos seus projetos e, consequentemente, divulgar, dar a conhecer e promover a agricultura no Concelho e na Regi\u00e3o\u201d.<\/p>\n<p>O projeto desenvolvido pela AJAP \u2014 Associa\u00e7\u00e3o dos Jovens Agricultores de Portugal e apoiado pelo Portugal 2020, no \u00e2mbito do Compete 2020 \u2013 Programa Operacional Competitividade e Internacionaliza\u00e7\u00e3o, tem como objetivo promover a capacita\u00e7\u00e3o e competitividade dos Jovens Agricultores e dos Jovens Empres\u00e1rios Rurais, atrav\u00e9s da partilha e dissemina\u00e7\u00e3o de conhecimento t\u00e9cnico e inovador. Este mesmo projeto vai estar tamb\u00e9m presente na Feira Nacional de Agricultura.<\/p>\n<p>O Laborat\u00f3rio Vivo da Agricultura 4.0 \u00e9 uma plataforma online de informa\u00e7\u00e3o e de qualifica\u00e7\u00e3o, intuitiva e de f\u00e1cil navega\u00e7\u00e3o, onde \u00e9 poss\u00edvel aceder a conte\u00fados sempre atualizados e relevantes para a atividade agr\u00edcola, entre os quais planeamento e capacita\u00e7\u00e3o, inova\u00e7\u00e3o e tenologia, mercado e parcerias e empreendedorismo no espa\u00e7o rural.<\/p>\n<p><strong>Fonte: GRPC|CMS\u00a0<\/strong><\/p>\n","protected":false},"excerpt":{"rendered":"<p>A Escola Superior Agr\u00e1ria de Santar\u00e9m recebeu, na tarde do dia 22 de maio, o semin\u00e1rio sobre o Laborat\u00f3rio Vivo da Agricultura 4.0. Na sess\u00e3o de abertura, Nuno Russo, vereador da C\u00e2mara Municipal de Santar\u00e9m, com o pelouro do Apoio ao Desenvolvimento Agr\u00edcola do Concelho, enalteceu a inova\u00e7\u00e3o deste projeto, destacando que \u201ceste projeto foi [&hellip;]<\/p>\n","protected":false},"author":2,"featured_media":27343,"comment_status":"open","ping_status":"open","sticky":false,"template":"","format":"standard","meta":{"footnotes":""},"categories":[7],"tags":[],"class_list":["post-27341","post","type-post","status-publish","format-standard","has-post-thumbnail","hentry","category-economia"],"_links":{"self":[{"href":"https:\/\/tintafresca.net\/index.php\/wp-json\/wp\/v2\/posts\/27341","targetHints":{"allow":["GET"]}}],"collection":[{"href":"https:\/\/tintafresca.net\/index.php\/wp-json\/wp\/v2\/posts"}],"about":[{"href":"https:\/\/tintafresca.net\/index.php\/wp-json\/wp\/v2\/types\/post"}],"author":[{"embeddable":true,"href":"https:\/\/tintafresca.net\/index.php\/wp-json\/wp\/v2\/users\/2"}],"replies":[{"embeddable":true,"href":"https:\/\/tintafresca.net\/index.php\/wp-json\/wp\/v2\/comments?post=27341"}],"version-history":[{"count":1,"href":"https:\/\/tintafresca.net\/index.php\/wp-json\/wp\/v2\/posts\/27341\/revisions"}],"predecessor-version":[{"id":27344,"href":"https:\/\/tintafresca.net\/index.php\/wp-json\/wp\/v2\/posts\/27341\/revisions\/27344"}],"wp:featuredmedia":[{"embeddable":true,"href":"https:\/\/tintafresca.net\/index.php\/wp-json\/wp\/v2\/media\/27343"}],"wp:attachment":[{"href":"https:\/\/tintafresca.net\/index.php\/wp-json\/wp\/v2\/media?parent=27341"}],"wp:term":[{"taxonomy":"category","embeddable":true,"href":"https:\/\/tintafresca.net\/index.php\/wp-json\/wp\/v2\/categories?post=27341"},{"taxonomy":"post_tag","embeddable":true,"href":"https:\/\/tintafresca.net\/index.php\/wp-json\/wp\/v2\/tags?post=27341"}],"curies":[{"name":"wp","href":"https:\/\/api.w.org\/{rel}","templated":true}]}}