{"id":27345,"date":"2023-05-23T17:11:07","date_gmt":"2023-05-23T17:11:07","guid":{"rendered":"https:\/\/tintafresca.net\/?p=27345"},"modified":"2023-05-23T17:17:49","modified_gmt":"2023-05-23T17:17:49","slug":"municipio-na-marinha-grande-quer-todos-os-alunos-a-saber-andar-de-bicicleta","status":"publish","type":"post","link":"https:\/\/tintafresca.net\/index.php\/2023\/05\/23\/municipio-na-marinha-grande-quer-todos-os-alunos-a-saber-andar-de-bicicleta\/","title":{"rendered":"Munic\u00edpio na Marinha Grande quer todos os alunos a saber andar de bicicleta"},"content":{"rendered":"<div id=\"attachment_27348\" style=\"width: 510px\" class=\"wp-caption alignleft\"><img loading=\"lazy\" decoding=\"async\" aria-describedby=\"caption-attachment-27348\" class=\"wp-image-27348 size-full\" src=\"https:\/\/tintafresca.net\/wp-content\/uploads\/2023\/05\/MG_Vai-de-Bike_23052023_10.jpg\" alt=\"\" width=\"500\" height=\"333\" srcset=\"https:\/\/tintafresca.net\/wp-content\/uploads\/2023\/05\/MG_Vai-de-Bike_23052023_10.jpg 500w, https:\/\/tintafresca.net\/wp-content\/uploads\/2023\/05\/MG_Vai-de-Bike_23052023_10-300x200.jpg 300w\" sizes=\"auto, (max-width: 500px) 100vw, 500px\" \/><p id=\"caption-attachment-27348\" class=\"wp-caption-text\">Alunos inauguraram a Pista de Preven\u00e7\u00e3o Rodovi\u00e1ria da Escola Guilherme Stephens<\/p><\/div>\n<p>Num munic\u00edpio com forte tradi\u00e7\u00e3o do uso de bicicleta, o presidente da C\u00e2mara Municipal da Marinha Grande, Aur\u00e9lio Ferreira, pretende que, na pr\u00f3xima d\u00e9cada, todas as crian\u00e7as at\u00e9 aos 12 anos saibam utilizar este meio de transporte.<\/p>\n<p>O desafio foi lan\u00e7ado na manh\u00e3 desta ter\u00e7a-feira, 23 de maio, durante a apresenta\u00e7\u00e3o do projeto \u201cVai de Bike\u201d, que ocorreu na Escola B\u00e1sica Guilherme Stephens, e contou tamb\u00e9m com a presen\u00e7a da vereadora Ana Alves Monteiro; da presidente da Junta de Freguesia da Marinha Grade, Cristina Sousa; dos diretores dos tr\u00eas Agrupamentos de Escolas do concelho; do respons\u00e1vel pelo \u201cProjeto DE Sobre Rodas\u201d da DGE-Desporto Escolar, Rui Fonseca; do padrinho do projeto \u201cVai de Bike\u201d, Gabriel Mendes; dos representantes da Escola Segura da PSP; entre outras entidades.<\/p>\n<p>O presidente da C\u00e2mara, Aur\u00e9lio Ferreira, evidenciou que se pretende \u201cincentivar e generalizar a utiliza\u00e7\u00e3o de bicicleta nas desloca\u00e7\u00f5es quotidianas e de lazer, potenciando uma mobilidade ativa, segura e acess\u00edvel, com os claros benef\u00edcios para a sa\u00fade, ambiente, economia e cidadania\u201d. Estas raz\u00f5es levam a que o projeto verse o p\u00fablico infantil e juvenil, num claro compromisso de \u201cincutir nestas camadas et\u00e1rias o h\u00e1bito de usar a bicicleta, como foi cultura e tradi\u00e7\u00e3o na Marinha Grande\u201d.<\/p>\n<p>A iniciativa \u00e9 apadrinhada pelo Selecionador Nacional de Ciclismo de Pista, o marinhense Gabriel Mendes, que destacou que este \u00e9 um projeto \u201cmuito importante para a utiliza\u00e7\u00e3o da bicicleta, para tornar as pessoas mais felizes, para que tenham um estilo de vida mais saud\u00e1vel e para alterar a preval\u00eancia dos autom\u00f3veis\u201d.<\/p>\n<p>\u201cVai de Bike\u201d \u00e9 uma iniciativa destinada \u00e0s crian\u00e7as da educa\u00e7\u00e3o pr\u00e9-escolar e aos alunos dos 1\u00ba e 2\u00ba CEB, em estreita articula\u00e7\u00e3o com os Agrupamentos de Escolas do concelho e contando com o apoio do Programa Desporto Escolar Sobre Rodas, do Programa Nacional de Ciclismo para Todos, do Programa Escola Segura e das Juntas de Freguesia.<\/p>\n<p>Com uma matriz identit\u00e1ria bastante ligada \u00e0 utiliza\u00e7\u00e3o da bicicleta no territ\u00f3rio, o Munic\u00edpio da Marinha Grande pretende desenvolver este projeto, assumindo o compromisso associado \u00e0 Estrat\u00e9gia Nacional para a Mobilidade Ativa Cicl\u00e1vel 2030, criada para assegurar a promo\u00e7\u00e3o do uso da bicicleta e a consequente ado\u00e7\u00e3o de h\u00e1bitos de vida mais saud\u00e1veis. Associa-se ainda ao Programa Eco-Escolas e ao Projeto de Educa\u00e7\u00e3o para a Sa\u00fade.<\/p>\n<p>Atrav\u00e9s deste projeto, o Munic\u00edpio da Marinha Grande vai disponibilizar aos tr\u00eas Agrupamentos de Escolas um total 30 balance Bikes (bicicletas sem pedais \u2013 roda 10 e 12), 90 bicicletas (roda 14 e 16), 120 capacetes e kit de ferramentas.<\/p>\n<p>No \u00e2mbito da apresenta\u00e7\u00e3o do projeto, realizou-se, tamb\u00e9m, a inaugura\u00e7\u00e3o da Pista de Preven\u00e7\u00e3o Rodovi\u00e1ria da Escola Guilherme Stephens, com a participa\u00e7\u00e3o dos alunos dos Agrupamentos de Escolas e da \u201cEscola Segura\u201d da PSP.<\/p>\n<p><strong>\u00a0 \u00a0 \u00a0Fonte: GCI|CMMG<\/strong><\/p>\n","protected":false},"excerpt":{"rendered":"<p>Num munic\u00edpio com forte tradi\u00e7\u00e3o do uso de bicicleta, o presidente da C\u00e2mara Municipal da Marinha Grande, Aur\u00e9lio Ferreira, pretende que, na pr\u00f3xima d\u00e9cada, todas as crian\u00e7as at\u00e9 aos 12 anos saibam utilizar este meio de transporte. O desafio foi lan\u00e7ado na manh\u00e3 desta ter\u00e7a-feira, 23 de maio, durante a apresenta\u00e7\u00e3o do projeto \u201cVai de [&hellip;]<\/p>\n","protected":false},"author":2,"featured_media":27349,"comment_status":"open","ping_status":"open","sticky":false,"template":"","format":"standard","meta":{"footnotes":""},"categories":[14],"tags":[],"class_list":["post-27345","post","type-post","status-publish","format-standard","has-post-thumbnail","hentry","category-educacao"],"_links":{"self":[{"href":"https:\/\/tintafresca.net\/index.php\/wp-json\/wp\/v2\/posts\/27345","targetHints":{"allow":["GET"]}}],"collection":[{"href":"https:\/\/tintafresca.net\/index.php\/wp-json\/wp\/v2\/posts"}],"about":[{"href":"https:\/\/tintafresca.net\/index.php\/wp-json\/wp\/v2\/types\/post"}],"author":[{"embeddable":true,"href":"https:\/\/tintafresca.net\/index.php\/wp-json\/wp\/v2\/users\/2"}],"replies":[{"embeddable":true,"href":"https:\/\/tintafresca.net\/index.php\/wp-json\/wp\/v2\/comments?post=27345"}],"version-history":[{"count":3,"href":"https:\/\/tintafresca.net\/index.php\/wp-json\/wp\/v2\/posts\/27345\/revisions"}],"predecessor-version":[{"id":27350,"href":"https:\/\/tintafresca.net\/index.php\/wp-json\/wp\/v2\/posts\/27345\/revisions\/27350"}],"wp:featuredmedia":[{"embeddable":true,"href":"https:\/\/tintafresca.net\/index.php\/wp-json\/wp\/v2\/media\/27349"}],"wp:attachment":[{"href":"https:\/\/tintafresca.net\/index.php\/wp-json\/wp\/v2\/media?parent=27345"}],"wp:term":[{"taxonomy":"category","embeddable":true,"href":"https:\/\/tintafresca.net\/index.php\/wp-json\/wp\/v2\/categories?post=27345"},{"taxonomy":"post_tag","embeddable":true,"href":"https:\/\/tintafresca.net\/index.php\/wp-json\/wp\/v2\/tags?post=27345"}],"curies":[{"name":"wp","href":"https:\/\/api.w.org\/{rel}","templated":true}]}}