{"id":27369,"date":"2023-05-24T10:05:30","date_gmt":"2023-05-24T10:05:30","guid":{"rendered":"https:\/\/tintafresca.net\/?p=27369"},"modified":"2023-05-24T21:14:42","modified_gmt":"2023-05-24T21:14:42","slug":"municipio-da-nazare-esta-a-recrutar-nadadores-salvadores-para-a-proxima-epoca-balnear","status":"publish","type":"post","link":"https:\/\/tintafresca.net\/index.php\/2023\/05\/24\/municipio-da-nazare-esta-a-recrutar-nadadores-salvadores-para-a-proxima-epoca-balnear\/","title":{"rendered":"Munic\u00edpio da Nazar\u00e9 est\u00e1 a recrutar nadadores-salvadores para a pr\u00f3xima \u00e9poca balnear"},"content":{"rendered":"<div id=\"attachment_27371\" style=\"width: 510px\" class=\"wp-caption alignleft\"><img loading=\"lazy\" decoding=\"async\" aria-describedby=\"caption-attachment-27371\" class=\"wp-image-27371 size-full\" src=\"https:\/\/tintafresca.net\/wp-content\/uploads\/2023\/05\/Nazare_Praia10.jpg\" alt=\"\" width=\"500\" height=\"281\" srcset=\"https:\/\/tintafresca.net\/wp-content\/uploads\/2023\/05\/Nazare_Praia10.jpg 500w, https:\/\/tintafresca.net\/wp-content\/uploads\/2023\/05\/Nazare_Praia10-300x169.jpg 300w\" sizes=\"auto, (max-width: 500px) 100vw, 500px\" \/><p id=\"caption-attachment-27371\" class=\"wp-caption-text\">Praia da Nazar\u00e9<\/p><\/div>\n<p>O Munic\u00edpio da Nazar\u00e9 abriu candidaturas para a ocupa\u00e7\u00e3o de sete (7) vagas em presta\u00e7\u00e3o de servi\u00e7os destinada \u00e0 incorpora\u00e7\u00e3o de novos elementos na equipa de nadadores-salvadores para a \u00e9poca balnear 2023, que ir\u00e1 decorrer de 17 de junho a 17 de setembro.<\/p>\n<p>Os interessados dever\u00e3o preencher um formul\u00e1rio pr\u00f3prio de candidatura, at\u00e9 ao pr\u00f3ximo dia 5 de junho, e cumprir os seguintes requisitos para se apresentarem a esta bolsa de recrutamento:<\/p>\n<p>Desempenhar a fun\u00e7\u00e3o de nadador-salvador;<br \/>\nPossuir o curso de nadador-salvador, certificado pelo Instituto de Socorros a N\u00e1ufragos (ISN), com cart\u00e3o de identifica\u00e7\u00e3o profissional de nadador-salvador v\u00e1lido;<br \/>\nDisponibilidade imediata para trabalhar em hor\u00e1rios diferenciados (incluindo fins-de-semana e feriados);<br \/>\nPresta\u00e7\u00e3o de servi\u00e7os no valor mensal global de 1.200,00\u20ac;<\/p>\n<p>Formul\u00e1rio: <a href=\"https:\/\/forms.gle\/9xdwwe4oaqqdJ8qR9\">https:\/\/forms.gle\/9xdwwe4oaqqdJ8qR9<\/a><\/p>\n<p><strong>Fonte: SM|GIC|CMN<\/strong><\/p>\n","protected":false},"excerpt":{"rendered":"<p>O Munic\u00edpio da Nazar\u00e9 abriu candidaturas para a ocupa\u00e7\u00e3o de sete (7) vagas em presta\u00e7\u00e3o de servi\u00e7os destinada \u00e0 incorpora\u00e7\u00e3o de novos elementos na equipa de nadadores-salvadores para a \u00e9poca balnear 2023, que ir\u00e1 decorrer de 17 de junho a 17 de setembro. Os interessados dever\u00e3o preencher um formul\u00e1rio pr\u00f3prio de candidatura, at\u00e9 ao pr\u00f3ximo [&hellip;]<\/p>\n","protected":false},"author":2,"featured_media":27372,"comment_status":"open","ping_status":"open","sticky":false,"template":"","format":"standard","meta":{"footnotes":""},"categories":[9],"tags":[],"class_list":["post-27369","post","type-post","status-publish","format-standard","has-post-thumbnail","hentry","category-ambiente"],"_links":{"self":[{"href":"https:\/\/tintafresca.net\/index.php\/wp-json\/wp\/v2\/posts\/27369","targetHints":{"allow":["GET"]}}],"collection":[{"href":"https:\/\/tintafresca.net\/index.php\/wp-json\/wp\/v2\/posts"}],"about":[{"href":"https:\/\/tintafresca.net\/index.php\/wp-json\/wp\/v2\/types\/post"}],"author":[{"embeddable":true,"href":"https:\/\/tintafresca.net\/index.php\/wp-json\/wp\/v2\/users\/2"}],"replies":[{"embeddable":true,"href":"https:\/\/tintafresca.net\/index.php\/wp-json\/wp\/v2\/comments?post=27369"}],"version-history":[{"count":2,"href":"https:\/\/tintafresca.net\/index.php\/wp-json\/wp\/v2\/posts\/27369\/revisions"}],"predecessor-version":[{"id":27373,"href":"https:\/\/tintafresca.net\/index.php\/wp-json\/wp\/v2\/posts\/27369\/revisions\/27373"}],"wp:featuredmedia":[{"embeddable":true,"href":"https:\/\/tintafresca.net\/index.php\/wp-json\/wp\/v2\/media\/27372"}],"wp:attachment":[{"href":"https:\/\/tintafresca.net\/index.php\/wp-json\/wp\/v2\/media?parent=27369"}],"wp:term":[{"taxonomy":"category","embeddable":true,"href":"https:\/\/tintafresca.net\/index.php\/wp-json\/wp\/v2\/categories?post=27369"},{"taxonomy":"post_tag","embeddable":true,"href":"https:\/\/tintafresca.net\/index.php\/wp-json\/wp\/v2\/tags?post=27369"}],"curies":[{"name":"wp","href":"https:\/\/api.w.org\/{rel}","templated":true}]}}